{"id":11289,"date":"2025-11-24T09:56:41","date_gmt":"2025-11-24T12:56:41","guid":{"rendered":"https:\/\/www.enorsai.com\/noticias\/?p=11289"},"modified":"2025-11-24T09:56:45","modified_gmt":"2025-11-24T12:56:45","slug":"asesinato-de-luciano-olivera-un-jurado-popular-definira-si-la-policia-puede-seguir-actuando-bajo-prejuicios-contra-los-pibes-pobres","status":"publish","type":"post","link":"https:\/\/www.enorsai.com\/noticias\/sociedad\/asesinato-de-luciano-olivera-un-jurado-popular-definira-si-la-policia-puede-seguir-actuando-bajo-prejuicios-contra-los-pibes-pobres\/","title":{"rendered":"Asesinato de Luciano Olivera: un jurado popular definir\u00e1 si la Polic\u00eda puede seguir actuando bajo prejuicios contra los pibes pobres"},"content":{"rendered":"\n<p><strong><em>El caso de Luciano Olivera, un adolescente de 16 a\u00f1os fusilado de un disparo en el pecho, vuelve a poner sobre la mesa el debate que el gobierno de Javier Milei insiste en evadir: la violencia institucional, el racismo estructural y la legitimaci\u00f3n pol\u00edtica del gatillo f\u00e1cil. Dalb\u00f3n convoca a acompa\u00f1ar a la familia en un juicio hist\u00f3rico que interpela al pa\u00eds entero.<\/em><\/strong><\/p>\n\n\n\n<p>El pr\u00f3ximo martes 25 comenzar\u00e1 en Mar del Plata un juicio que, lejos de ser un tr\u00e1mite judicial m\u00e1s, interpela de lleno a la sociedad argentina y desnuda uno de sus conflictos m\u00e1s persistentes: la violencia institucional ejercida contra j\u00f3venes de sectores populares, en especial cuando su aspecto f\u00edsico se convierte, sin m\u00e1s, en un justificativo policial para sospechar, detener o directamente disparar. El abogado Gregorio Dalb\u00f3n lo sintetiz\u00f3 en una frase que duele y que revela de qu\u00e9 se trata este proceso: \u201cPor primera vez el pueblo de la provincia de Buenos Aires juzgar\u00e1 violencia institucional y racismo. Basta de matar chicos humildes por su aspecto\u201d.<\/p>\n\n\n\n<p>El caso de Luciano Olivera, un adolescente de apenas 16 a\u00f1os que volv\u00eda a su casa cuando un polic\u00eda lo ejecut\u00f3 de un disparo en el pecho, es el centro de este juicio. No llevaba un arma, no representaba amenaza alguna, no ten\u00eda otra condici\u00f3n m\u00e1s que la que el imaginario prejuicioso de ciertos sectores considera \u201csospechosa\u201d: ser morochito, llevar visera, usar un buzo y pertenecer a un barrio humilde. Esa combinaci\u00f3n, fatal y extendida, es la que sigue funcionando como justificaci\u00f3n para el disparo f\u00e1cil. El gatillo se aprieta antes de que la ley intervenga, antes de que la realidad importe, antes de que los derechos humanos tengan una oportunidad de imponerse.<\/p>\n\n\n\n<figure class=\"wp-block-embed is-type-rich is-provider-twitter wp-block-embed-twitter\"><div class=\"wp-block-embed__wrapper\">\n<blockquote class=\"twitter-tweet\" data-width=\"550\" data-dnt=\"true\"><p lang=\"es\" dir=\"ltr\">A Luciano Olivera lo mataron por prejuicio: 16 a\u00f1os y volv\u00eda a casa. Un polic\u00eda abus\u00f3 de su funci\u00f3n y lo fusil\u00f3 de un tiro en el pecho, en forma alevosa: <br>Luciano no pod\u00eda defenderse. No es contra la instituci\u00f3n, sino contra quien la manch\u00f3. Acompa\u00f1emos a Judit su mam\u00e1. JUSTICIA <a href=\"https:\/\/t.co\/s735tBBMdW\">pic.twitter.com\/s735tBBMdW<\/a><\/p>&mdash; DALB\u00d3N (@Gregoriodalbon) <a href=\"https:\/\/twitter.com\/Gregoriodalbon\/status\/1992739676407668833?ref_src=twsrc%5Etfw\">November 23, 2025<\/a><\/blockquote><script async src=\"https:\/\/platform.twitter.com\/widgets.js\" charset=\"utf-8\"><\/script>\n<\/div><\/figure>\n\n\n\n<p>La muerte de Luciano no ocurri\u00f3 en un vac\u00edo social. Es parte de un esquema mucho m\u00e1s complejo, que tiene ra\u00edces profundas y que se alimenta del racismo estructural que atraviesa la vida p\u00fablica argentina. Dalb\u00f3n lo expresa con crudeza: \u201cLucho todos los d\u00edas contra el racismo estructural y la violencia institucional\u201d. Lo que est\u00e1 en juego, entonces, no es solo la responsabilidad individual de un polic\u00eda que abus\u00f3 de su funci\u00f3n, sino el mensaje pol\u00edtico que el Estado permite, avala o desoye. Y ah\u00ed aparece la responsabilidad del gobierno de Javier Milei, cuya ret\u00f3rica de mano dura, desfinanciaci\u00f3n estatal y legitimaci\u00f3n de la represi\u00f3n policial configura un clima peligroso para los j\u00f3venes de los sectores m\u00e1s vulnerables.<\/p>\n\n\n\n<p>Un jurado popular tendr\u00e1, por primera vez en la provincia, la tarea de responder una pregunta que parece obvia, pero que en los hechos no lo es: \u00bfse puede matar a un pibe por c\u00f3mo viste? La sola formulaci\u00f3n de la pregunta genera incomodidad, incluso verg\u00fcenza. Pero no es una exageraci\u00f3n. En Argentina a\u00fan persisten pr\u00e1cticas y discursos que naturalizan que el aspecto f\u00edsico, la ropa o el barrio determinan la peligrosidad de una persona. Es ese prejuicio, repetido hasta el cansancio, el que termin\u00f3 con la vida de Luciano. Es ese prejuicio el que se est\u00e1 juzgando ahora, junto con la responsabilidad penal del agente involucrado.<\/p>\n\n\n\n<p>La convocatoria de Dalb\u00f3n a acompa\u00f1ar el juicio, especialmente a apoyar a Judit, la madre de Luciano, no es solo un gesto de empat\u00eda. Es un llamado pol\u00edtico. Busca que la sociedad mire de frente aquello que se pretende ocultar con discursos simplificadores sobre seguridad, meritocracia o control social. Pide una reacci\u00f3n colectiva ante un Estado que se ha desentendido de su obligaci\u00f3n de proteger y que, bajo el gobierno de Milei, refuerza la idea de que los derechos humanos son un obst\u00e1culo para el funcionamiento represivo de las fuerzas de seguridad.<\/p>\n\n\n\n<div class=\"wp-block-cover\"><img loading=\"lazy\" decoding=\"async\" width=\"526\" height=\"526\" class=\"wp-block-cover__image-background wp-image-11290\" alt=\"Maximiliano Gonz\u00e1lez\" src=\"https:\/\/www.enorsai.com\/noticias\/wp-content\/uploads\/2025\/11\/policias-1.jpg\" data-object-fit=\"cover\" srcset=\"https:\/\/www.enorsai.com\/noticias\/wp-content\/uploads\/2025\/11\/policias-1.jpg 526w, https:\/\/www.enorsai.com\/noticias\/wp-content\/uploads\/2025\/11\/policias-1-300x300.jpg 300w, https:\/\/www.enorsai.com\/noticias\/wp-content\/uploads\/2025\/11\/policias-1-150x150.jpg 150w\" sizes=\"auto, (max-width: 526px) 100vw, 526px\" \/><span aria-hidden=\"true\" class=\"wp-block-cover__background has-background-dim\"><\/span><div class=\"wp-block-cover__inner-container is-layout-flow wp-block-cover-is-layout-flow\">\n<p class=\"has-text-align-right has-small-font-size\"><\/p>\n<\/div><\/div>\n\n\n\n<p class=\"has-small-font-size\"><strong>Maximiliano Gonz\u00e1lez<\/strong><\/p>\n\n\n\n<p>El macrismo primero y el mile\u00edsmo despu\u00e9s instalaron una narrativa donde la violencia institucional es relativizada, minimizada o, peor a\u00fan, celebrada en nombre del orden. Se construye la idea de que cualquier polic\u00eda que dispara act\u00faa bajo presi\u00f3n, que cualquier joven de barrio es \u201cdelincuente en potencia\u201d, que cualquier irregularidad es excusable. En ese marco, la muerte de Luciano se presenta como un \u201cexceso\u201d, como un problema individual, como un error. Dalb\u00f3n desmonta esa narrativa con contundencia: \u201cA Luciano lo ejecutaron. No ten\u00eda arma\u201d. Y no hay forma de suavizar esa realidad. El disparo no fue un accidente, no fue un impulso descontrolado, no fue una reacci\u00f3n ante una amenaza inexistente. Fue una decisi\u00f3n tomada bajo el paraguas de prejuicios sociales que el Estado no combate.<\/p>\n\n\n\n<p>La situaci\u00f3n se agrava cuando se observa que el gobierno nacional viene impulsando un modelo de seguridad donde la violencia institucional no solo no se cuestiona, sino que muchas veces se justifica abiertamente. La pr\u00e9dica constante contra los sectores populares, el desprecio por las pol\u00edticas de derechos humanos y la militarizaci\u00f3n de la agenda p\u00fablica generan un clima de hostigamiento. El asesinato de Luciano ocurri\u00f3 antes de esta gesti\u00f3n, pero el escenario actual vuelve m\u00e1s urgente la discusi\u00f3n sobre la responsabilidad pol\u00edtica del Estado frente a estos cr\u00edmenes.<\/p>\n\n\n\n<p>Mientras Milei profundiza pol\u00edticas de ajuste, desmantelamiento de programas sociales y discursos estigmatizantes, las fuerzas de seguridad reciben mensajes contradictorios. Por un lado, se las exime simb\u00f3licamente de controles y responsabilidades, como si formaran parte de un orden heroico que debe actuar sin l\u00edmites. Por el otro, se desfinancian estructuras de formaci\u00f3n y supervisi\u00f3n que podr\u00edan prevenir hechos como el que termin\u00f3 con la vida de Luciano. En esa tensi\u00f3n, los m\u00e1s vulnerables quedan expuestos a mayores niveles de arbitrariedad.<\/p>\n\n\n\n<p>En este juicio se libra, en realidad, una batalla cultural. No es solo la b\u00fasqueda de justicia para una familia que perdi\u00f3 a un hijo de manera aberrante. Es tambi\u00e9n la lucha contra la naturalizaci\u00f3n del racismo y la estigmatizaci\u00f3n. Es la disputa por el sentido de la palabra \u201cseguridad\u201d. \u00bfSeguridad para qui\u00e9n? \u00bfSeguridad basada en qu\u00e9 valores? \u00bfSeguridad construida desde d\u00f3nde?<\/p>\n\n\n\n<p>El proceso judicial exigir\u00e1 revisar pruebas, escuchar testimonios, reconstruir los minutos finales de la vida de un chico de 16 a\u00f1os. Pero tambi\u00e9n obligar\u00e1 a escuchar algo m\u00e1s inc\u00f3modo: el relato de un pa\u00eds que todav\u00eda permite que la polic\u00eda mire a un adolescente pobre y lo considere una amenaza. Un pa\u00eds que a\u00fan no ha logrado romper con su propio racismo hist\u00f3rico, disfrazado de sentido com\u00fan. Un pa\u00eds que, bajo el gobierno de Milei, parece empe\u00f1ado en retroceder hacia un modelo represivo donde la vida de ciertos sectores vale menos que el discurso medi\u00e1tico sobre la inseguridad.<\/p>\n\n\n\n<p>Dalb\u00f3n subraya que este juicio no es contra la instituci\u00f3n policial, sino contra quien la manch\u00f3. Esa diferenciaci\u00f3n es clave para evitar las trampas discursivas que suelen imponerse desde los sectores de derecha. No se trata de deslegitimar a quienes cumplen su funci\u00f3n con responsabilidad. Se trata de marcar que la impunidad de los abusos destruye la confianza p\u00fablica y consolida un modelo de violencia. El abogado convoca a acompa\u00f1ar a la madre de Luciano porque, en definitiva, este juicio tambi\u00e9n es un acto colectivo contra el olvido.<\/p>\n\n\n\n<p>La justicia popular tiene ahora la oportunidad de enviar un mensaje claro: la vida de un pibe pobre vale exactamente lo mismo que la de cualquier otro ciudadano. No puede depender del humor de un oficial armado, de un prejuicio arraigado o de un clima pol\u00edtico que banaliza la violencia institucional. La sentencia que se dicte ser\u00e1 una se\u00f1al hacia el futuro. Puede ser un freno a los abusos o puede ser una habilitaci\u00f3n impl\u00edcita para que todo siga igual.<\/p>\n\n\n\n<p>Ante un gobierno nacional que relativiza los derechos humanos y que se muestra desinteresado en combatir la violencia policial, este juicio cobra un valor a\u00fan mayor. El caso de Luciano Olivera exhibe la crudeza de una problem\u00e1tica que Milei prefiere ignorar. La discusi\u00f3n sobre racismo, desigualdad y represi\u00f3n estatal no figura en su agenda, salvo para descalificarla. Por eso, la sociedad civil y la justicia deber\u00e1n ocupar el espacio que el Ejecutivo abandona. El camino es conflictivo, lleno de tensiones e incertidumbres. Pero es necesario.<\/p>\n\n\n\n<p>Luciano volv\u00eda a su casa. No cometi\u00f3 ning\u00fan delito. No estaba armado. No representaba ninguna amenaza. Era un pibe de 16 a\u00f1os, con visera y buzo, como tantos otros. Lo que lo mat\u00f3 no fue un hecho aislado, sino la suma de prejuicios sociales y fallas estructurales que este juicio busca exponer.<\/p>\n\n\n\n<p>La lucha por justicia es, tambi\u00e9n, una lucha por un pa\u00eds menos desigual, menos racista, menos violento. Un pa\u00eds donde ning\u00fan joven pueda ser ejecutado en nombre de una sospecha basada en su apariencia. Un pa\u00eds donde el Estado, lejos de promover la estigmatizaci\u00f3n, garantice derechos y contenga a quienes m\u00e1s lo necesitan. En un contexto donde el gobierno de Milei alimenta un discurso de enfrentamiento permanente, esta causa se convierte en una br\u00fajula \u00e9tica, un recordatorio de que la democracia no puede tolerar la discriminaci\u00f3n ni la violencia institucional.<\/p>\n\n\n\n<p>El martes 25, en Mar del Plata, comienza un juicio hist\u00f3rico. El pa\u00eds tendr\u00e1 la oportunidad de mirarse al espejo, uno que no siempre muestra lo que queremos ver. Ojal\u00e1 esta vez la justicia est\u00e9 a la altura de lo que reclama una sociedad harta de impunidad.<\/p>\n","protected":false},"excerpt":{"rendered":"<p>El caso de Luciano Olivera, un adolescente de 16 a\u00f1os fusilado de un disparo en el pecho, vuelve a poner sobre la mesa el debate que el gobierno de Javier Milei insiste en evadir: la violencia institucional, el racismo estructural y la legitimaci\u00f3n pol\u00edtica del gatillo f\u00e1cil. Dalb\u00f3n convoca a acompa\u00f1ar a la familia en&#8230;<\/p>\n","protected":false},"author":12,"featured_media":11291,"comment_status":"open","ping_status":"open","sticky":false,"template":"","format":"standard","meta":{"_monsterinsights_skip_tracking":false,"_monsterinsights_sitenote_active":false,"_monsterinsights_sitenote_note":"","_monsterinsights_sitenote_category":0,"footnotes":"","jetpack_publicize_message":"","jetpack_publicize_feature_enabled":true,"jetpack_social_post_already_shared":true,"jetpack_social_options":{"image_generator_settings":{"template":"highway","default_image_id":0,"font":"","enabled":false},"version":2}},"categories":[3950,4],"tags":[3159,4159],"class_list":["post-11289","post","type-post","status-publish","format-standard","has-post-thumbnail","hentry","category-justicia","category-sociedad","tag-gregorio-dalbon","tag-luciano-olivera"],"jetpack_publicize_connections":[],"_links":{"self":[{"href":"https:\/\/www.enorsai.com\/noticias\/wp-json\/wp\/v2\/posts\/11289","targetHints":{"allow":["GET"]}}],"collection":[{"href":"https:\/\/www.enorsai.com\/noticias\/wp-json\/wp\/v2\/posts"}],"about":[{"href":"https:\/\/www.enorsai.com\/noticias\/wp-json\/wp\/v2\/types\/post"}],"author":[{"embeddable":true,"href":"https:\/\/www.enorsai.com\/noticias\/wp-json\/wp\/v2\/users\/12"}],"replies":[{"embeddable":true,"href":"https:\/\/www.enorsai.com\/noticias\/wp-json\/wp\/v2\/comments?post=11289"}],"version-history":[{"count":1,"href":"https:\/\/www.enorsai.com\/noticias\/wp-json\/wp\/v2\/posts\/11289\/revisions"}],"predecessor-version":[{"id":11292,"href":"https:\/\/www.enorsai.com\/noticias\/wp-json\/wp\/v2\/posts\/11289\/revisions\/11292"}],"wp:featuredmedia":[{"embeddable":true,"href":"https:\/\/www.enorsai.com\/noticias\/wp-json\/wp\/v2\/media\/11291"}],"wp:attachment":[{"href":"https:\/\/www.enorsai.com\/noticias\/wp-json\/wp\/v2\/media?parent=11289"}],"wp:term":[{"taxonomy":"category","embeddable":true,"href":"https:\/\/www.enorsai.com\/noticias\/wp-json\/wp\/v2\/categories?post=11289"},{"taxonomy":"post_tag","embeddable":true,"href":"https:\/\/www.enorsai.com\/noticias\/wp-json\/wp\/v2\/tags?post=11289"}],"curies":[{"name":"wp","href":"https:\/\/api.w.org\/{rel}","templated":true}]}}