{"id":11287,"date":"2025-11-24T09:24:24","date_gmt":"2025-11-24T12:24:24","guid":{"rendered":"https:\/\/www.enorsai.com\/noticias\/?p=11287"},"modified":"2025-11-24T09:24:29","modified_gmt":"2025-11-24T12:24:29","slug":"corrientes-fue-escenario-de-una-masiva-marcha-feminista-de-20-cuadras-que-desafio-la-agenda-reaccionaria-de-javier-milei","status":"publish","type":"post","link":"https:\/\/www.enorsai.com\/noticias\/sociedad\/corrientes-fue-escenario-de-una-masiva-marcha-feminista-de-20-cuadras-que-desafio-la-agenda-reaccionaria-de-javier-milei\/","title":{"rendered":"Corrientes fue escenario de una masiva marcha feminista de 20 cuadras que desafi\u00f3 la agenda reaccionaria de Javier Milei"},"content":{"rendered":"\n<p><strong>Organizaciones sociales, sindicatos, partidos y agrupaciones feministas colmaron Corrientes en una marcha de enorme magnitud para cerrar el Encuentro Plurinacional de Mujeres, Lesbianas, Travestis, Trans y No Binaries. La resistencia al avance fascista del gobierno de Milei atraves\u00f3 cada taller, cada columna y cada historia personal.<\/strong><\/p>\n\n\n\n<p>El segundo d\u00eda del Encuentro Plurinacional de Mujeres, Lesbianas, Travestis, Trans y No Binaries en Corrientes se vivi\u00f3 como un aut\u00e9ntico torbellino pol\u00edtico, un r\u00edo revuelto que testimonia la profundidad del momento hist\u00f3rico y el punto exacto donde el movimiento feminista decidi\u00f3 plantarse. La marcha de 20 cuadras que desbord\u00f3 la costanera no s\u00f3lo reafirm\u00f3 sus cuarenta a\u00f1os de trayectoria; fue, adem\u00e1s, una advertencia directa \u2014y masiva\u2014 al gobierno de Javier Milei, cuya ofensiva ultraderechista se convirti\u00f3 en el blanco central de los debates, los talleres y las calles.<\/p>\n\n\n\n<p>En ese clima atravesado por tensiones, la voz de Nirvana Yerezada Silvero se impuso desde la cabecera de la movilizaci\u00f3n. Con 37 a\u00f1os y una vida entera en Corrientes, record\u00f3 el momento en que \u201cme hice feminista\u201d, una escena condensada en la foto que muestra en su tel\u00e9fono: ella marchando con un cartel de \u201cNi Una Menos\u201d y la mano pintada de su hija estampada como un sello de resistencia. Nirvana organiz\u00f3 all\u00ed, junto a muchas otras, los tres d\u00edas de un Encuentro que moviliz\u00f3 a miles pese a las dificultades econ\u00f3micas que impiden viajar a buena parte de las mujeres y disidencias del pa\u00eds. Eso, justamente, profundiz\u00f3 el car\u00e1cter pol\u00edtico de esta edici\u00f3n: si en un contexto de ajuste feroz semejante marea logr\u00f3 llegar, es porque el feminismo no se repliega ni bajo amenaza.<\/p>\n\n\n\n<p>La ciudad qued\u00f3 tomada por organizaciones sociales, sindicatos y partidos pol\u00edticos de todas las provincias. El mensaje fue un\u00edvoco: no retroceder ni un mil\u00edmetro frente al avance fascista incubado por el gobierno nacional. El clima de resistencia qued\u00f3 a\u00fan m\u00e1s cargado cuando una multitudinaria convocatoria denunci\u00f3 la detenci\u00f3n de Cristina Fern\u00e1ndez de Kirchner. Su audio enviado al Encuentro recorri\u00f3 celulares y altoparlantes: \u201cMi situaci\u00f3n es la met\u00e1fora perfecta y disciplinadora de una Argentina a la que le est\u00e1n liquidando sus posibilidades de desarrollo y crecimiento econ\u00f3mico\u201d. Las palabras resonaron con fuerza porque dialogan con lo que muchas sienten: que detr\u00e1s de cada recorte, cada ataque y cada pol\u00edtica de hostigamiento, hay una intenci\u00f3n clara de disciplinar.<\/p>\n\n\n\n<p>La marcha avanz\u00f3 desde la Rotonda Poncho a lo largo de cinco kil\u00f3metros a la vera del r\u00edo. Las banderas flamearon cuando una brisa refresc\u00f3 los cantos, como si el mismo Paran\u00e1 empujara a miles hacia adelante. All\u00ed volvi\u00f3 a aparecer la historia \u00edntima de Nirvana, esta vez marcada por su separaci\u00f3n despu\u00e9s de una d\u00e9cada en pareja. Entendi\u00f3 \u2014gracias al feminismo\u2014 que aquello que soportaba no eran \u201cpeleas\u201d ni \u201ccar\u00e1cter\u201d, sino violencia de g\u00e9nero. El golpe que no deb\u00eda tolerar nunca m\u00e1s fue el punto de quiebre que la llev\u00f3 a pararse donde hoy est\u00e1, entre miles que comparten trayectorias similares. Su hija, de 12 a\u00f1os, no se define feminista, pero ya sabe ejercer sus derechos. Nirvana respira hondo antes de contar que a los 5 a\u00f1os la peque\u00f1a enfrent\u00f3 a su padre dici\u00e9ndole que no quer\u00eda irse con \u00e9l porque era su derecho. \u201cYo lo supe a los 30\u201d, dice, y la emoci\u00f3n se le nota en los ojos. Para Milei y sectores afines, este tipo de conquistas son \u201cadoctrinamiento\u201d; para Nirvana y para muchas, es simplemente supervivencia.<\/p>\n\n\n\n<p>Mientras la marcha avanzaba, los talleres \u2014realizados s\u00e1bado y domingo\u2014 dejaban en claro cu\u00e1les son las preocupaciones urgentes que la agenda oficial intenta silenciar. Una de las discusiones m\u00e1s potentes retom\u00f3 la marcha del Orgullo Antifascista y Antirracista del 1 de febrero, organizada como respuesta directa a los ataques antifeministas del propio Javier Milei. Aquella fecha, plantearon varias expositoras, fue un punto de inflexi\u00f3n para la reorganizaci\u00f3n federal del movimiento. De all\u00ed surgi\u00f3 la propuesta concreta: impulsar una gran acci\u00f3n federal antifascista para los 50 a\u00f1os del golpe de Estado. El clima es de alerta, y la necesidad de ocupar el espacio p\u00fablico, una definici\u00f3n estrat\u00e9gica.<\/p>\n\n\n\n<p>Otro de los ejes que gener\u00f3 amplias coincidencias fue la ofensiva gubernamental contra los derechos laborales. El \u201cno\u201d a la reforma laboral impulsada por Milei fue contundente. Tambi\u00e9n se insisti\u00f3 en reconocer los cuidados como trabajo y se expres\u00f3 preocupaci\u00f3n por la posible embestida del oficialismo contra el derecho al aborto legal, seguro y gratuito, una de las conquistas m\u00e1s emblem\u00e1ticas del movimiento feminista argentino.<\/p>\n\n\n\n<p>La tensi\u00f3n tambi\u00e9n se col\u00f3 en los talleres dedicados al proyecto de penalizaci\u00f3n de \u201cdenuncias falsas\u201d, impulsado por la senadora Carolina Losada. La propuesta apunta de manera directa contra las mujeres que denuncian violencia de g\u00e9nero. Yama Corin, integrante de la organizaci\u00f3n Mundanas y madre protectora, explic\u00f3 que las participantes insistieron en construir redes profesionales, comunitarias y pol\u00edticas para contener y acompa\u00f1ar a quienes sufren violencia. Las participantes repudiaron un proyecto que pretende invertir la carga de prueba y reinstalar la cultura de la sospecha sobre quienes denuncian.<\/p>\n\n\n\n<p>El internacionalismo feminista tambi\u00e9n ocup\u00f3 un lugar central. La presencia del reclamo por \u201cPalestina Libre\u201d fue notoria, y se multiplicaron las banderas y pa\u00f1uelos en varias columnas. Tilda Rabi, Presidenta de la Federaci\u00f3n de Entidades Argentino-Palestinas, explic\u00f3 que el taller tuvo que trasladarse al patio por la cantidad de participantes. Record\u00f3 que, pese al supuesto alto el fuego, la situaci\u00f3n sigue siendo cr\u00edtica: redadas en Cisjordania, persecuci\u00f3n en Jerusal\u00e9n Oriental y un invierno que amenaza con profundizar la cat\u00e1strofe humanitaria en Gaza. Para Rabi, hablar de Palestina hoy es parte del compromiso con la vida, no con la geopol\u00edtica.<\/p>\n\n\n\n<p>Las do\u00f1as de las organizaciones sociales tambi\u00e9n tomaron protagonismo con el canto \u201cCuidar es un trabajo\u201d. Ollas, delantales y un mensaje directo: sin cuidados no hay vida. Norma Morales, referente de Barrios de Pie y Secretaria Adjunta de la UTEP, fue categ\u00f3rica. \u201cA este gobierno no le sirve un pueblo organizado\u201d, afirm\u00f3, se\u00f1alando que Milei intenta desarmar los lazos comunitarios que sostienen a miles de familias. Frente a eso, explica, las mujeres siguen cuidando, sosteniendo y resistiendo. \u201cLa derecha nos tiene miedo. No saben todo lo que puede una olla\u201d, dijo entre risas y bronca mezcladas.<\/p>\n\n\n\n<p>Los partidos pol\u00edticos tambi\u00e9n participaron, entre ellos el Frente de Izquierda. La concejala Natalia Hern\u00e1ndez record\u00f3 el triple femicidio de Brenda, Morena y Lara en La Matanza y denunci\u00f3 la pol\u00edtica negacionista de la ultraderecha respecto a la violencia de g\u00e9nero. \u201cHay que enfrentar a la ultraderecha que nos quiere calladas\u201d, afirm\u00f3. Y remarc\u00f3 algo fundamental: el movimiento feminista fue una marea que conquist\u00f3 derechos, y hoy vuelve a ponerse de pie junto a enfermeras, jubiladas, maestras y trabajadoras de todo el pa\u00eds para enfrentar el retroceso.<\/p>\n\n\n\n<p>En la plaza Camba Cu\u00e1, la plenaria del espacio Derecho al Futuro sum\u00f3 otra voz clave: la legisladora Victoria Montenegro. Destac\u00f3 la importancia pol\u00edtica del Encuentro en un escenario donde la avanzada ultraderechista del gobierno nacional amenaza con desmantelar derechos conquistados. Subray\u00f3 que los feminismos no ceden ni un mil\u00edmetro y siguen construyendo futuro incluso en tiempos de hostilidad estatal.<\/p>\n\n\n\n<p>Cerca de las nueve de la noche, la marcha lleg\u00f3 al Paseo Arazaty. Entre banderas y abrazos, miles bajaron los pies al Paran\u00e1 como cierre simb\u00f3lico. En el escenario, Nirvana volvi\u00f3 a emocionarse al ver a compa\u00f1eras que estuvieron en la hist\u00f3rica marcha de 1994, tambi\u00e9n en Corrientes. \u201cMi hija no es feminista, pero sabe defender sus derechos. Eso me llena de orgullo\u201d, dijo antes de que el sonido de los bombos y los cantos se impusiera sobre las palabras.<\/p>\n\n\n\n<p>El Encuentro Plurinacional volvi\u00f3 a demostrar que, por m\u00e1s que el gobierno de Javier Milei avance con pol\u00edticas regresivas, la resistencia feminista sigue de pie. No hay retroceso posible cuando las calles se convierten en fortaleza colectiva. El mensaje qued\u00f3 claro: el feminismo argentino no se deja disciplinar.<\/p>\n\n\n\n<p>Fuente<\/p>\n\n\n\n<p>P\u00e1gina 12 \u2013 \u201cLa marea feminista tron\u00f3 fuerte en Corrientes\u201d<br><a href=\"https:\/\/www.pagina12.com.ar\/2025\/11\/24\/la-marea-feminista-trono-fuerte-en-corrientes\/\">https:\/\/www.pagina12.com.ar\/2025\/11\/24\/la-marea-feminista-trono-fuerte-en-corrientes\/<\/a><\/p>\n","protected":false},"excerpt":{"rendered":"<p>Organizaciones sociales, sindicatos, partidos y agrupaciones feministas colmaron Corrientes en una marcha de enorme magnitud para cerrar el Encuentro Plurinacional de Mujeres, Lesbianas, Travestis, Trans y No Binaries. La resistencia al avance fascista del gobierno de Milei atraves\u00f3 cada taller, cada columna y cada historia personal. El segundo d\u00eda del Encuentro Plurinacional de Mujeres, Lesbianas,&#8230;<\/p>\n","protected":false},"author":1,"featured_media":0,"comment_status":"open","ping_status":"open","sticky":false,"template":"","format":"standard","meta":{"_monsterinsights_skip_tracking":false,"_monsterinsights_sitenote_active":false,"_monsterinsights_sitenote_note":"","_monsterinsights_sitenote_category":0,"footnotes":"","jetpack_publicize_message":"","jetpack_publicize_feature_enabled":true,"jetpack_social_post_already_shared":true,"jetpack_social_options":{"image_generator_settings":{"template":"highway","default_image_id":0,"font":"","enabled":false},"version":2}},"categories":[4],"tags":[4152,3644,106,4154,4149,4153,4151,4155,4150],"class_list":["post-11287","post","type-post","status-publish","format-standard","hentry","category-sociedad","tag-carolina-losada","tag-cristina-fernandez-de-kirchner-2","tag-javier-milei","tag-natalia-hernandez","tag-nirvana-yerezada-silvero","tag-norma-morales","tag-tilda-rabi","tag-victoria-montenegro","tag-yama-corin"],"jetpack_publicize_connections":[],"_links":{"self":[{"href":"https:\/\/www.enorsai.com\/noticias\/wp-json\/wp\/v2\/posts\/11287","targetHints":{"allow":["GET"]}}],"collection":[{"href":"https:\/\/www.enorsai.com\/noticias\/wp-json\/wp\/v2\/posts"}],"about":[{"href":"https:\/\/www.enorsai.com\/noticias\/wp-json\/wp\/v2\/types\/post"}],"author":[{"embeddable":true,"href":"https:\/\/www.enorsai.com\/noticias\/wp-json\/wp\/v2\/users\/1"}],"replies":[{"embeddable":true,"href":"https:\/\/www.enorsai.com\/noticias\/wp-json\/wp\/v2\/comments?post=11287"}],"version-history":[{"count":1,"href":"https:\/\/www.enorsai.com\/noticias\/wp-json\/wp\/v2\/posts\/11287\/revisions"}],"predecessor-version":[{"id":11288,"href":"https:\/\/www.enorsai.com\/noticias\/wp-json\/wp\/v2\/posts\/11287\/revisions\/11288"}],"wp:attachment":[{"href":"https:\/\/www.enorsai.com\/noticias\/wp-json\/wp\/v2\/media?parent=11287"}],"wp:term":[{"taxonomy":"category","embeddable":true,"href":"https:\/\/www.enorsai.com\/noticias\/wp-json\/wp\/v2\/categories?post=11287"},{"taxonomy":"post_tag","embeddable":true,"href":"https:\/\/www.enorsai.com\/noticias\/wp-json\/wp\/v2\/tags?post=11287"}],"curies":[{"name":"wp","href":"https:\/\/api.w.org\/{rel}","templated":true}]}}