{"id":11281,"date":"2025-11-22T18:46:58","date_gmt":"2025-11-22T21:46:58","guid":{"rendered":"https:\/\/www.enorsai.com\/noticias\/?p=11281"},"modified":"2025-11-22T18:47:04","modified_gmt":"2025-11-22T21:47:04","slug":"el-gobierno-de-milei-se-alinea-con-ee-uu-e-israel-al-rechazar-en-la-onu-una-condena-global-a-la-tortura-y-quebrando-acuerdos-basico-de-derechos-humanos-vigente-desde-1983","status":"publish","type":"post","link":"https:\/\/www.enorsai.com\/noticias\/politica\/el-gobierno-de-milei-se-alinea-con-ee-uu-e-israel-al-rechazar-en-la-onu-una-condena-global-a-la-tortura-y-quebrando-acuerdos-basico-de-derechos-humanos-vigente-desde-1983\/","title":{"rendered":"El gobierno de Milei se alinea con EE.UU. e Israel al rechazar en la ONU una condena global a la tortura y quebrando acuerdos b\u00e1sico de derechos humanos vigente desde 1983"},"content":{"rendered":"\n<p><strong><em>El rechazo argentino a una resoluci\u00f3n de la ONU destinada a prevenir y erradicar todas las formas de tortura encendi\u00f3 alarmas en el \u00e1mbito de los derechos humanos. S\u00f3lo EE.UU., Israel y Argentina votaron en contra de un consenso que, durante d\u00e9cadas, se sostuvo de manera un\u00e1nime.<\/em><\/strong><\/p>\n\n\n\n<p>La denuncia p\u00fablica de la senadora Juliana Di Tullio y el an\u00e1lisis del especialista en justicia internacional Mark Kersten ponen en evidencia un quiebre profundo: por primera vez desde el regreso de la democracia, Argentina deja de acompa\u00f1ar medidas globales contra la tortura. El gesto no s\u00f3lo revela un posicionamiento internacional alarmante, sino que expone un correlato interno de persecuci\u00f3n, hostigamiento y disciplinamiento pol\u00edtico que contradice los principios que guiaron al pa\u00eds desde 1983.<\/p>\n\n\n\n<p>La votaci\u00f3n argentina en la Asamblea General de la ONU para oponerse a una resoluci\u00f3n destinada a prevenir y eliminar cualquier forma de tortura no es un hecho menor ni un episodio aislado. Por el contrario, marca un punto de inflexi\u00f3n en el pacto democr\u00e1tico construido desde 1983 y abre un debate urgente sobre la orientaci\u00f3n del gobierno de Javier Milei en materia de derechos humanos.<\/p>\n\n\n\n<p>Hasta ahora, estas resoluciones se adoptaban por unanimidad. Un acuerdo b\u00e1sico, un piso civilizatorio. Pero esta vez solo <strong>tres pa\u00edses<\/strong> \u2014Estados Unidos, Israel y Argentina\u2014 eligieron ubicarse del lado del rechazo. Lo destac\u00f3 el especialista en justicia internacional Mark Kersten, quien se\u00f1al\u00f3 que la resistencia a una resoluci\u00f3n tan elemental genera un interrogante inquietante: <em>\u00bfqu\u00e9 significa que estos Estados se opongan a la condena de la tortura?<\/em> La pregunta no es ret\u00f3rica; es un diagn\u00f3stico pol\u00edtico.<\/p>\n\n\n\n<p>En Argentina, la reacci\u00f3n fue inmediata. La senadora nacional Juliana Di Tulio advirti\u00f3 que este voto rompe, sin ambig\u00fcedades, el consenso democr\u00e1tico que sostuvo el pa\u00eds desde la recuperaci\u00f3n del Estado de Derecho. Y lo dijo con claridad: \u201cEl gobierno vot\u00f3 en contra de la prevenci\u00f3n y eliminaci\u00f3n de toda forma de tortura, rompiendo el pacto democr\u00e1tico\u201d.<\/p>\n\n\n\n<figure class=\"wp-block-embed is-type-rich is-provider-twitter wp-block-embed-twitter\"><div class=\"wp-block-embed__wrapper\">\n<blockquote class=\"twitter-tweet\" data-width=\"550\" data-dnt=\"true\"><p lang=\"es\" dir=\"ltr\">ONU: El gobierno vot\u00f3 en contra de la prevenci\u00f3n y eliminaci\u00f3n de toda forma de tortura rompiendo el pacto democr\u00e1tico que construy\u00f3 nuestro pa\u00eds desde 1983. <br><br>\u00bfEl gobierno es consecuente? <br>Obvio! <br>En nuestro pa\u00eds se practica con nuevos m\u00e9todos pero mucha eficacia contra el\u2026 <a href=\"https:\/\/t.co\/W5tcOuqBeK\">https:\/\/t.co\/W5tcOuqBeK<\/a><\/p>&mdash; Juliana di Tullio (@ditulliojuli) <a href=\"https:\/\/twitter.com\/ditulliojuli\/status\/1992287786611642538?ref_src=twsrc%5Etfw\">November 22, 2025<\/a><\/blockquote><script async src=\"https:\/\/platform.twitter.com\/widgets.js\" charset=\"utf-8\"><\/script>\n<\/div><\/figure>\n\n\n\n<p>Su planteo desnuda, adem\u00e1s, una dimensi\u00f3n interna que el oficialismo intenta maquillar pero que se vuelve cada vez m\u00e1s visible: la existencia de pr\u00e1cticas de disciplinamiento estatal que, sin reproducir los m\u00e9todos de la dictadura, buscan resultados similares.<\/p>\n\n\n\n<p>Di Tulio lo sintetiz\u00f3 sin rodeos: <em>\u201cYa no hay picanas ni centros clandestinos, pero hay persecuci\u00f3n, hostigamiento, encarcelamiento y difamaci\u00f3n como forma de disciplinamiento pol\u00edtico\u201d<\/em>. Una frase que golpea porque identifica una continuidad alarmante entre un voto internacional y una pr\u00e1ctica dom\u00e9stica. No se trata de una comparaci\u00f3n ligera; es un se\u00f1alamiento directo de c\u00f3mo se construye poder mediante el miedo y el castigo.<\/p>\n\n\n\n<p>El concepto de \u201cm\u00e9todos nuevos con mucha eficacia\u201d apunta a un tipo de violencia institucional m\u00e1s sofisticada, menos visible, pero igualmente corrosiva para la vida democr\u00e1tica. Se manifiesta en el hostigamiento judicial a opositores, en campa\u00f1as de difamaci\u00f3n desde cuentas oficiales, en el uso de denuncias como herramientas para callar voces cr\u00edticas, y en un clima de intimidaci\u00f3n que desalienta la protesta social. No se necesitan centros clandestinos cuando el propio Estado promueve una narrativa que criminaliza a quienes piensan distinto.<\/p>\n\n\n\n<p>El voto en la ONU, entonces, no es una excentricidad diplom\u00e1tica ni un error administrativo. Es coherente con una matriz ideol\u00f3gica que ve los derechos humanos como un obst\u00e1culo. Por eso Di Tulio pregunta ret\u00f3ricamente si el gobierno es consecuente. <em>Obvio<\/em>, responde ella misma. Porque la pol\u00edtica exterior acompa\u00f1\u00f3 lo que ya sucede en el plano interno: una arquitectura de disciplinamiento que se normaliza con cada intervenci\u00f3n oficial que desprecia o relativiza los derechos fundamentales.<\/p>\n\n\n\n<p>La ruptura de un voto hist\u00f3rico tambi\u00e9n compromete la imagen internacional del pa\u00eds. Desde la posdictadura, Argentina se hab\u00eda constituido en un ejemplo en materia de memoria, verdad y justicia. El mundo observaba su proceso como un modelo. Renunciar a ese prestigio implica una degradaci\u00f3n diplom\u00e1tica severa y una se\u00f1al peligrosa hacia adentro y hacia afuera: que los derechos humanos pueden negociarse o relativizarse seg\u00fan conveniencias coyunturales.<\/p>\n\n\n\n<p>Kersten advierte que este tipo de decisiones, antes impensadas, muestran una fractura en los consensos globales sobre la necesidad de erradicar la tortura. Su alerta no tiene tono alarmista: es un diagn\u00f3stico t\u00e9cnico desde el derecho internacional. Si incluso Argentina \u2014pa\u00eds emblem\u00e1tico en la lucha contra el terrorismo de Estado\u2014 elige votar en contra, entonces algo m\u00e1s profundo est\u00e1 cambiando. Y ese \u201calgo\u201d no es precisamente alentador.<\/p>\n\n\n\n<p>El desaf\u00edo, advierte Di Tulio, es restablecer el pacto democr\u00e1tico. Una tarea que no puede quedar en manos de un solo partido o sector. Es una responsabilidad colectiva, de todo el arco pol\u00edtico, para impedir que el retroceso se profundice. Porque lo que est\u00e1 en juego no es una discusi\u00f3n diplom\u00e1tica, sino la garant\u00eda de que ning\u00fan gobierno pueda pisotear derechos que costaron d\u00e9cadas de lucha.<\/p>\n\n\n\n<p>La pregunta que flota es inc\u00f3moda: \u00bfpor qu\u00e9 el gobierno elige alinearse con posiciones que relativizan la condena a la tortura? \u00bfQu\u00e9 mensaje intenta enviar? \u00bfQu\u00e9 proyecto pol\u00edtico se construye cuando se rompen los consensos m\u00e1s b\u00e1sicos de la democracia argentina?<\/p>\n\n\n\n<p>La respuesta est\u00e1 impl\u00edcita en las pr\u00e1cticas internas de persecuci\u00f3n y hostigamiento que Di Tulio enumera. La coherencia existe. Y es precisamente eso lo que inquieta.<\/p>\n\n\n\n<p>Lo cierto es que el voto en la ONU revela una definici\u00f3n pol\u00edtica profunda. No se trata de un error, ni de una omisi\u00f3n, ni de una rareza diplom\u00e1tica. Es una declaraci\u00f3n de principios. Y esos principios, por primera vez desde 1983, dejan a Argentina del lado de quienes se niegan a condenar la tortura.<\/p>\n\n\n\n<p>La gravedad es inmensa. La responsabilidad, tambi\u00e9n.<\/p>\n","protected":false},"excerpt":{"rendered":"<p>El rechazo argentino a una resoluci\u00f3n de la ONU destinada a prevenir y erradicar todas las formas de tortura encendi\u00f3 alarmas en el \u00e1mbito de los derechos humanos. S\u00f3lo EE.UU., Israel y Argentina votaron en contra de un consenso que, durante d\u00e9cadas, se sostuvo de manera un\u00e1nime. La denuncia p\u00fablica de la senadora Juliana Di&#8230;<\/p>\n","protected":false},"author":12,"featured_media":11282,"comment_status":"open","ping_status":"open","sticky":false,"template":"","format":"standard","meta":{"_monsterinsights_skip_tracking":false,"_monsterinsights_sitenote_active":false,"_monsterinsights_sitenote_note":"","_monsterinsights_sitenote_category":0,"footnotes":"","jetpack_publicize_message":"","jetpack_publicize_feature_enabled":true,"jetpack_social_post_already_shared":true,"jetpack_social_options":{"image_generator_settings":{"template":"highway","default_image_id":0,"font":"","enabled":false},"version":2}},"categories":[1908,7,2],"tags":[1754,106,4147,4148],"class_list":["post-11281","post","type-post","status-publish","format-standard","has-post-thumbnail","hentry","category-derechos-humanos","category-mundo","category-politica","tag-israel","tag-javier-milei","tag-juliana-di-tulio","tag-mark-kersten"],"jetpack_publicize_connections":[],"_links":{"self":[{"href":"https:\/\/www.enorsai.com\/noticias\/wp-json\/wp\/v2\/posts\/11281","targetHints":{"allow":["GET"]}}],"collection":[{"href":"https:\/\/www.enorsai.com\/noticias\/wp-json\/wp\/v2\/posts"}],"about":[{"href":"https:\/\/www.enorsai.com\/noticias\/wp-json\/wp\/v2\/types\/post"}],"author":[{"embeddable":true,"href":"https:\/\/www.enorsai.com\/noticias\/wp-json\/wp\/v2\/users\/12"}],"replies":[{"embeddable":true,"href":"https:\/\/www.enorsai.com\/noticias\/wp-json\/wp\/v2\/comments?post=11281"}],"version-history":[{"count":1,"href":"https:\/\/www.enorsai.com\/noticias\/wp-json\/wp\/v2\/posts\/11281\/revisions"}],"predecessor-version":[{"id":11283,"href":"https:\/\/www.enorsai.com\/noticias\/wp-json\/wp\/v2\/posts\/11281\/revisions\/11283"}],"wp:featuredmedia":[{"embeddable":true,"href":"https:\/\/www.enorsai.com\/noticias\/wp-json\/wp\/v2\/media\/11282"}],"wp:attachment":[{"href":"https:\/\/www.enorsai.com\/noticias\/wp-json\/wp\/v2\/media?parent=11281"}],"wp:term":[{"taxonomy":"category","embeddable":true,"href":"https:\/\/www.enorsai.com\/noticias\/wp-json\/wp\/v2\/categories?post=11281"},{"taxonomy":"post_tag","embeddable":true,"href":"https:\/\/www.enorsai.com\/noticias\/wp-json\/wp\/v2\/tags?post=11281"}],"curies":[{"name":"wp","href":"https:\/\/api.w.org\/{rel}","templated":true}]}}