{"id":11277,"date":"2025-11-22T08:40:35","date_gmt":"2025-11-22T11:40:35","guid":{"rendered":"https:\/\/www.enorsai.com\/noticias\/?p=11277"},"modified":"2025-11-22T08:40:48","modified_gmt":"2025-11-22T11:40:48","slug":"informalidad-record-endeudamiento-masivo-perdida-de-consumo-y-un-ajuste-que-golpe-a-millones-de-familias-que-siguen-sin-llegar-a-fin-de-mes","status":"publish","type":"post","link":"https:\/\/www.enorsai.com\/noticias\/sociedad\/informalidad-record-endeudamiento-masivo-perdida-de-consumo-y-un-ajuste-que-golpe-a-millones-de-familias-que-siguen-sin-llegar-a-fin-de-mes\/","title":{"rendered":"Informalidad r\u00e9cord, endeudamiento masivo, p\u00e9rdida de consumo y un ajuste que golpe a millones de familias que siguen sin llegar a fin de mes"},"content":{"rendered":"\n<p>Los datos del INDEC y UNICEF muestran una reducci\u00f3n significativa de la pobreza en comparaci\u00f3n con los picos de 2024. Sin embargo, el contexto econ\u00f3mico sigue siendo fr\u00e1gil: inflaci\u00f3n contenida a costa de recortes, deterioro salarial, Tarjeta Alimentar congelada y un mercado laboral que expulsa trabajadores hacia la informalidad. El Gobierno de Javier Milei celebra las cifras, pero millones de familias siguen sin llegar a fin de mes.<\/p>\n\n\n\n<hr class=\"wp-block-separator has-alpha-channel-opacity\"\/>\n\n\n\n<p>La discusi\u00f3n p\u00fablica sobre la pobreza en Argentina volvi\u00f3 a ocupar el centro de la escena durante noviembre de 2025. El Gobierno de Javier Milei se apura en mostrar las estad\u00edsticas como prueba irrefutable del \u00e9xito del ajuste fiscal y de la pol\u00edtica de desinflaci\u00f3n, y en exhibir la ca\u00edda del 52,9% al 31,6% como un logro hist\u00f3rico. Sin embargo, detr\u00e1s de las cifras hay una historia mucho menos celebratoria, m\u00e1s inc\u00f3moda y definitivamente m\u00e1s humana: la de millones de personas que padecieron el shock de 2024, que a\u00fan hoy viven en la cuerda floja y que dependen de programas sociales subfinanciados o congelados para poder comer. La pobreza baja en los cuadros del INDEC, pero la sensaci\u00f3n t\u00e9rmica econ\u00f3mica sigue siendo fr\u00eda, distante y, para muchos, insoportable.<\/p>\n\n\n\n<p>El relato oficial parece olvidar que esta ca\u00edda no nace de una prosperidad genuina, sino de un conjunto de factores extraordinarios: un freno abrupto de la inflaci\u00f3n que lleg\u00f3 tras el golpe de shock del propio Gobierno, una recomposici\u00f3n puntual de algunos programas sociales que funcionaron como dique de contenci\u00f3n y un derrumbe del consumo que moder\u00f3 los precios a costa de paralizar buena parte de la actividad econ\u00f3mica. Es decir, la pobreza baja, pero no porque la gente viva mejor, sino porque finalmente dej\u00f3 de caer tan r\u00e1pido como en 2024, un a\u00f1o que dej\u00f3 marcas profundas en los sectores populares y en la clase media baja, esa que no recibe AUH ni Tarjeta Alimentar y que soport\u00f3 de lleno la devaluaci\u00f3n del 118%, los recortes y la p\u00e9rdida abrupta del poder de compra.<\/p>\n\n\n\n<p>La evoluci\u00f3n de la pobreza durante 2023-2025 muestra un recorrido que ning\u00fan gobierno deber\u00eda presentar como trofeo. En el segundo semestre de 2023, antes del ajuste, la pobreza se ubicaba en 41,7%. Tras la devaluaci\u00f3n y el shock inicial, el primer semestre de 2024 llev\u00f3 ese n\u00famero al r\u00e9cord de 52,9%, con casi 25 millones de personas afectadas y una indigencia del 18,1%. Esa misma indigencia, que implica no poder cubrir siquiera la alimentaci\u00f3n b\u00e1sica, fue la expresi\u00f3n m\u00e1s brutal del experimento econ\u00f3mico mile\u00edsta: familias que salieron a vender sus pertenencias para comprar comida, jubilados que quedaron hundidos bajo una m\u00ednima que superaba por menos de 800 pesos la l\u00ednea de pobreza y comedores que no daban abasto con el hambre masivo. En ese contexto, celebrar ahora una ca\u00edda de la pobreza al 31,6% en el primer semestre de 2025 sin reconocer el da\u00f1o provocado en el camino es un ejercicio de cinismo pol\u00edtico.<\/p>\n\n\n\n<p>El Gobierno argumenta que la baja se explica por la desaceleraci\u00f3n inflacionaria, que pas\u00f3 del 211% anual heredado a un 31% en 2025. Sin embargo, la inflaci\u00f3n no se detuvo por obra del mercado ni por confianza espont\u00e1nea, sino por la recesi\u00f3n. Las familias consumen menos, las empresas venden menos, los alquileres est\u00e1n impagables y las paritarias quedaron muy lejos de cubrir el derrumbe de 2024. La baja del consumo en alimentos y art\u00edculos de limpieza reportada por analistas y replicada en redes sociales es contundente: la gente compra menos no porque est\u00e9 mejor, sino porque no les alcanza. No es prosperidad: es agotamiento.<\/p>\n\n\n\n<p>El \u00fanico motor real que permiti\u00f3 amortiguar la pobreza en 2025 fueron los programas sociales. Se trata de una afirmaci\u00f3n inc\u00f3moda para un Gobierno que desprecia expl\u00edcitamente cualquier pol\u00edtica redistributiva, pero que encontr\u00f3 en la Asignaci\u00f3n Universal por Hijo (AUH) y la Tarjeta Alimentar su salvavidas pol\u00edtico m\u00e1s inesperado. La AUH, con 4,3 millones de chicos cubiertos y un monto actualizado a 119.691 pesos por hijo en noviembre de 2025, alcanz\u00f3 su valor real m\u00e1s alto desde 2009. La Tarjeta Alimentar, con 2,4 millones de familias como beneficiarias, extendi\u00f3 su cobertura a adolescentes de 14 a 17 a\u00f1os y se convirti\u00f3 en la herramienta central para bajar la indigencia. Esa combinaci\u00f3n permiti\u00f3 que los hogares con ni\u00f1os dejaran de restringir comidas en los niveles desesperantes de 2024 y que la indigencia descendiera al 6,9%. UNICEF fue contundente: 1,7 a 2,5 millones de chicos salieron de la pobreza en un a\u00f1o.<\/p>\n\n\n\n<p>Parad\u00f3jicamente, mientras el Gobierno reivindica la ca\u00edda de la pobreza, mantiene congelada desde junio de 2024 la Tarjeta Alimentar en 52.250 pesos para un hijo, 81.936 para dos y 108.062 para tres o m\u00e1s. Es decir: celebra los resultados de un esquema que hoy est\u00e1 desvalorizado por una inflaci\u00f3n que, aunque costosa, sigue erosionando los ingresos. No hay coherencia entre el discurso y la pr\u00e1ctica. Sin la AUH y la Tarjeta, la pobreza ser\u00eda 10% m\u00e1s alta y la indigencia un escalofriante 82% m\u00e1s elevada seg\u00fan c\u00e1lculos de organismos oficiales. El \u00e9xito estad\u00edstico del ajuste depende de un modelo asistencial que el Gobierno parece no querer reconocer.<\/p>\n\n\n\n<p>Al mismo tiempo, la foto del mercado laboral desmiente cualquier idea de recuperaci\u00f3n real. La informalidad trep\u00f3 al r\u00e9cord del 43,2% en el segundo trimestre de 2025, seg\u00fan datos sociolaborales. Esto no es un n\u00famero t\u00e9cnico: es la vida de trabajadores que se levantan cada d\u00eda sin derechos laborales, sin obra social, sin estabilidad y sin posibilidad de proyectar nada. Cinco de cada diez asalariados informales son pobres; casi dos tercios de los cuentapropistas tambi\u00e9n. Esta cifra es la herida abierta del modelo econ\u00f3mico oficial, que presume eficiencia mientras empuja a miles al \u201cs\u00e1lvese quien pueda\u201d.<\/p>\n\n\n\n<p>La otra bomba silenciosa es el endeudamiento. Durante el primer semestre de 2025, uno de cada cuatro hogares pidi\u00f3 pr\u00e9stamos para poder cubrir gastos b\u00e1sicos. Entre los m\u00e1s pobres, fue uno de cada tres. El 22,5% directamente recurri\u00f3 a familiares o amigos para costear alimentos, medicamentos o servicios. M\u00e1s del 37% de las familias consumi\u00f3 sus ahorros para sobrevivir, duplicando los niveles registrados en las \u00faltimas dos d\u00e9cadas. No existe ning\u00fan milagro econ\u00f3mico posible cuando la vida cotidiana depende del fiado, del adelanto y del cr\u00e9dito informal. La Argentina de Milei puede mostrar mejores n\u00fameros macroecon\u00f3micos, pero la microeconom\u00eda del hogar es una mara\u00f1a de angustia, cuentas impagas y decisiones desesperadas como dejar de comer carne, suspender consultas m\u00e9dicas o vender herramientas de trabajo.<\/p>\n\n\n\n<p>La situaci\u00f3n de los jubilados es a\u00fan m\u00e1s dram\u00e1tica. Con 7,4 millones de personas afectadas, la jubilaci\u00f3n m\u00ednima supera la l\u00ednea de pobreza por apenas 716 pesos, una diferencia rid\u00edcula frente al costo real de vida. Muchos comen en comedores comunitarios, otros vuelven a trabajar de manera informal para sobrevivir, otros directamente caen en la indigencia. El Gobierno festeja la baja general en la pobreza, pero se niega a reconocer que su propio modelo mantiene a los adultos mayores en una precariedad cotidiana que roza la crueldad institucional.<\/p>\n\n\n\n<p>La gran paradoja es que, mientras algunos indicadores mejoran, la desigualdad permanece casi intacta: los m\u00e1s ricos ganan 14 veces m\u00e1s que los m\u00e1s pobres y concentran un tercio de los ingresos totales. Nada cambi\u00f3 en la estructura distributiva. La ca\u00edda de la pobreza no es el resultado de un pa\u00eds que se ordena, sino el reflejo estad\u00edstico de una pol\u00edtica social que tapona las grietas del ajuste con subsidios focalizados.<\/p>\n\n\n\n<p>Las redes sociales encendieron el debate con intensidad. Los defensores del Gobierno celebran la ca\u00edda de la pobreza y citan datos de UNICEF como prueba de que el plan econ\u00f3mico funciona. Los opositores, por su parte, denuncian manipulaci\u00f3n, malestar extendido y el sufrimiento del primer a\u00f1o del ajuste. Lo cierto es que ninguna de las dos posiciones alcanza para explicar la complejidad del presente: los n\u00fameros bajan, s\u00ed, pero no porque el pa\u00eds est\u00e9 mejor, sino porque despu\u00e9s de hundirse tan profundamente, cualquier repunte estad\u00edstico aparece como una recuperaci\u00f3n.<\/p>\n\n\n\n<p>El desaf\u00edo es enorme: si el empleo formal no crece, si la Tarjeta Alimentar sigue congelada, si las jubilaciones contin\u00faan por detr\u00e1s de la inflaci\u00f3n y si la econom\u00eda no vuelve a generar bienestar real, la pobreza puede volver a subir. La recuperaci\u00f3n es fr\u00e1gil, desigual y, sobre todo, incierta. El gobierno de Javier Milei puede festejar sus estad\u00edsticas, pero la realidad de millones de familias demuestra que la supuesta \u201csalida adelante\u201d todav\u00eda no lleg\u00f3.<\/p>\n\n\n\n<p>Fuentes:<\/p>\n\n\n\n<p>Infobae \u2013 \u201cLa pobreza fue del 31,6% en el primer semestre de 2025 y registr\u00f3 una significativa baja\u201d<br><a href=\"https:\/\/www.infobae.com\/economia\/2025\/09\/25\/la-pobreza-fue-del-316-en-el-primer-semestre-de-2025-y-registro-una-significativa-baja?utm_source=chatgpt.com\">https:\/\/www.infobae.com\/economia\/2025\/09\/25\/la-pobreza-fue-del-316-en-el-primer-semestre-de-2025-y-registro-una-significativa-baja<\/a><\/p>\n\n\n\n<p>UNICEF \u2013 \u201cFuerte ca\u00edda de la pobreza en hogares con ni\u00f1os en 2025\u201d<br><a>https:\/\/www.fmcosmos.com\/noticias\/2025\/11\/12\/127555-unicef-reporto-una-fuerte-caida-de-la-pobreza-en-hogares-con-ninos<\/a><\/p>\n\n\n\n<p>INDEC \u2013 \u201cTasas de pobreza e indigencia. Primer semestre 2025\u201d<br><a href=\"https:\/\/www.indec.gob.ar\/uploads\/informesdeprensa\/eph_pobreza_09_25D162CC7BFB.pdf?utm_source=chatgpt.com\">https:\/\/www.indec.gob.ar\/uploads\/informesdeprensa\/eph_pobreza_09_25D162CC7BFB.pdf<\/a><\/p>\n\n\n\n<p>Cr\u00f3nica \u2013 \u201cAUH y Tarjeta Alimentar: montos y calendario noviembre 2025\u201d<br><a>https:\/\/www.cronica.com.ar\/sociedad\/Tarjeta-Alimentar-los-tres-puntos-claves-para-tener-en-cuenta-en-noviembre-2025-20251113-0044<\/a><\/p>\n\n\n\n<p>INDEC \u2013 \u201cMercado laboral. Informalidad segundo trimestre 2025\u201d<br><a href=\"https:\/\/www.indec.gob.ar\/uploads\/informesdeprensa\/mercado_trabajo_eph_2trim25C42A813B2A.pdf?utm_source=chatgpt.com\">https:\/\/www.indec.gob.ar\/uploads\/informesdeprensa\/mercado_trabajo_eph_2trim25C42A813B2A.pdf<\/a><\/p>\n\n\n\n<p>El Destape \u2013 \u201cLa informalidad trepa en todo el pa\u00eds\u201d<br><a href=\"https:\/\/www.eldestapeweb.com\/economia\/crisis-economica\/mapa-laboral-con-la-desregulacion-de-milei-la-informalidad-trepa-en-todo-el-pais-202511200535?utm_source=chatgpt.com\">https:\/\/www.eldestapeweb.com\/economia\/crisis-economica\/mapa-laboral-con-la-desregulacion-de-milei-la-informalidad-trepa-en-todo-el-pais-202511200535<\/a><\/p>\n","protected":false},"excerpt":{"rendered":"<p>Los datos del INDEC y UNICEF muestran una reducci\u00f3n significativa de la pobreza en comparaci\u00f3n con los picos de 2024. Sin embargo, el contexto econ\u00f3mico sigue siendo fr\u00e1gil: inflaci\u00f3n contenida a costa de recortes, deterioro salarial, Tarjeta Alimentar congelada y un mercado laboral que expulsa trabajadores hacia la informalidad. El Gobierno de Javier Milei celebra&#8230;<\/p>\n","protected":false},"author":12,"featured_media":11278,"comment_status":"open","ping_status":"open","sticky":false,"template":"","format":"standard","meta":{"_monsterinsights_skip_tracking":false,"_monsterinsights_sitenote_active":false,"_monsterinsights_sitenote_note":"","_monsterinsights_sitenote_category":0,"footnotes":"","jetpack_publicize_message":"","jetpack_publicize_feature_enabled":true,"jetpack_social_post_already_shared":true,"jetpack_social_options":{"image_generator_settings":{"template":"highway","default_image_id":0,"font":"","enabled":false},"version":2}},"categories":[4],"tags":[106],"class_list":["post-11277","post","type-post","status-publish","format-standard","has-post-thumbnail","hentry","category-sociedad","tag-javier-milei"],"jetpack_publicize_connections":[],"_links":{"self":[{"href":"https:\/\/www.enorsai.com\/noticias\/wp-json\/wp\/v2\/posts\/11277","targetHints":{"allow":["GET"]}}],"collection":[{"href":"https:\/\/www.enorsai.com\/noticias\/wp-json\/wp\/v2\/posts"}],"about":[{"href":"https:\/\/www.enorsai.com\/noticias\/wp-json\/wp\/v2\/types\/post"}],"author":[{"embeddable":true,"href":"https:\/\/www.enorsai.com\/noticias\/wp-json\/wp\/v2\/users\/12"}],"replies":[{"embeddable":true,"href":"https:\/\/www.enorsai.com\/noticias\/wp-json\/wp\/v2\/comments?post=11277"}],"version-history":[{"count":1,"href":"https:\/\/www.enorsai.com\/noticias\/wp-json\/wp\/v2\/posts\/11277\/revisions"}],"predecessor-version":[{"id":11279,"href":"https:\/\/www.enorsai.com\/noticias\/wp-json\/wp\/v2\/posts\/11277\/revisions\/11279"}],"wp:featuredmedia":[{"embeddable":true,"href":"https:\/\/www.enorsai.com\/noticias\/wp-json\/wp\/v2\/media\/11278"}],"wp:attachment":[{"href":"https:\/\/www.enorsai.com\/noticias\/wp-json\/wp\/v2\/media?parent=11277"}],"wp:term":[{"taxonomy":"category","embeddable":true,"href":"https:\/\/www.enorsai.com\/noticias\/wp-json\/wp\/v2\/categories?post=11277"},{"taxonomy":"post_tag","embeddable":true,"href":"https:\/\/www.enorsai.com\/noticias\/wp-json\/wp\/v2\/tags?post=11277"}],"curies":[{"name":"wp","href":"https:\/\/api.w.org\/{rel}","templated":true}]}}