{"id":1127,"date":"2025-02-11T21:58:18","date_gmt":"2025-02-12T00:58:18","guid":{"rendered":"https:\/\/www.enorsai.com\/noticias\/?p=1127"},"modified":"2025-02-11T22:00:35","modified_gmt":"2025-02-12T01:00:35","slug":"el-desencanto-de-un-votante-vote-a-bullrich-y-me-decepciono-y-es-el-padre-de-un-gendarme","status":"publish","type":"post","link":"https:\/\/www.enorsai.com\/noticias\/sociedad\/el-desencanto-de-un-votante-vote-a-bullrich-y-me-decepciono-y-es-el-padre-de-un-gendarme\/","title":{"rendered":"El desencanto de un votante: &#8216;Vot\u00e9 a Bullrich y me decepcion\u00f3&#8217; y es el padre de un gendarme"},"content":{"rendered":"\n<p><strong>El relato crudo de un padre de gendarme expone la crisis en las fuerzas de seguridad y la desilusi\u00f3n con el gobierno de Milei.<\/strong><\/p>\n\n\n\n<p><strong>En una entrevista con Jorge Rial, el padre de un gendarme revel\u00f3 la dura realidad que enfrentan los uniformados: salarios insuficientes, falta de recursos y una desesperaci\u00f3n que los lleva a cruzar a Bolivia para comprar uniformes y \u00fatiles escolares. Una cr\u00edtica directa a las pol\u00edticas de Patricia Bullrich y el gobierno de Javier Milei.<\/strong><\/p>\n\n\n\n<hr class=\"wp-block-separator has-alpha-channel-opacity\"\/>\n\n\n\n<p>La voz de Rub\u00e9n, un padre de gendarme retirado, reson\u00f3 con crudeza en el programa de Jorge Rial. Su testimonio no solo expuso la desesperaci\u00f3n de las fuerzas de seguridad, sino que tambi\u00e9n dej\u00f3 al descubierto la desilusi\u00f3n de un votante que confi\u00f3 en Patricia Bullrich y hoy se siente traicionado. \u00abYo vot\u00e9 a Bullrich y me decepcion\u00f3\u00bb, afirm\u00f3 con amargura, mientras describ\u00eda una realidad que parece sacada de un relato dist\u00f3pico: gendarmes que cruzan a Bolivia para comprar uniformes, \u00fatiles escolares y hasta ropa para sus hijos, porque en Argentina los precios son inalcanzables.<\/p>\n\n\n\n<p>La situaci\u00f3n de los gendarmes, seg\u00fan Rub\u00e9n, es insostenible. \u00abUna mochila en Or\u00e1n cuesta entre 40 y 45 mil pesos, pero en Bolivia la consegu\u00eds por 10 o 15 mil\u00bb, explic\u00f3. Este desesperado \u00e9xodo hacia el pa\u00eds vecino no es solo una an\u00e9cdota, sino un s\u00edntoma de una crisis profunda que afecta a las fuerzas de seguridad y, por extensi\u00f3n, a toda la sociedad. Los uniformados, quienes deber\u00edan estar dedicados a proteger las fronteras y combatir el narcotr\u00e1fico, est\u00e1n ocupados en resolver c\u00f3mo llegar a fin de mes.<\/p>\n\n\n\n<figure class=\"wp-block-embed is-type-video is-provider-youtube wp-block-embed-youtube wp-embed-aspect-16-9 wp-has-aspect-ratio\"><div class=\"wp-block-embed__wrapper\">\n<iframe loading=\"lazy\" title=\"El pap\u00e1 de un gendarme: &quot;Yo VOT\u00c9 a BULLRICH y me DECEPCION\u00d3&quot;\" width=\"640\" height=\"360\" src=\"https:\/\/www.youtube.com\/embed\/qdxsE3otfac?feature=oembed\" frameborder=\"0\" allow=\"accelerometer; autoplay; clipboard-write; encrypted-media; gyroscope; picture-in-picture; web-share\" referrerpolicy=\"strict-origin-when-cross-origin\" allowfullscreen><\/iframe>\n<\/div><\/figure>\n\n\n\n<p>El relato de Rub\u00e9n no se detiene en lo econ\u00f3mico. Habla de una desesperaci\u00f3n que va m\u00e1s all\u00e1 de los n\u00fameros. \u00abLos chicos sufren, las madres sufren\u00bb, dijo, refiri\u00e9ndose a los j\u00f3venes oficiales que no pueden mantener a sus familias. \u00abNo les alcanza para el pasaje, no pueden ver a sus hijos, no pueden vivir dignamente\u00bb. La situaci\u00f3n es tan extrema que algunos gendarmes han optado por pedir la baja y buscar empleo en empresas de seguridad privada o incluso como conductores de Uber. \u00abSe cansaron de todo esto\u00bb, afirm\u00f3 Rub\u00e9n, con una mezcla de rabia y tristeza.<\/p>\n\n\n\n<p>Pero la cr\u00edtica no se limita a la falta de recursos. Rub\u00e9n tambi\u00e9n cuestion\u00f3 el uso pol\u00edtico de las fuerzas de seguridad. \u00abNo est\u00e1n para hacer seguridad interna\u00bb, dijo, refiri\u00e9ndose a los operativos en Rosario y otras ciudades. \u00abLa gendarmer\u00eda est\u00e1 para cuidar las fronteras, no para ser usada como fuerza de choque en conflictos internos\u00bb. Esta desviaci\u00f3n de funciones, sumada a la falta de apoyo econ\u00f3mico, ha generado un clima de descontento y desesperanza entre los uniformados.<\/p>\n\n\n\n<figure class=\"wp-block-embed is-type-wp-embed is-provider-incrustado wp-block-embed-incrustado\"><div class=\"wp-block-embed__wrapper\">\n<blockquote class=\"wp-embedded-content\" data-secret=\"qXqYU1wHnR\"><a href=\"https:\/\/www.enorsai.com\/noticias\/economia\/trump-golpea-a-la-economia-argentina-con-aranceles-y-deja-en-ridiculo-a-milei\/\">Trump golpea a la econom\u00eda argentina con aranceles y deja en rid\u00edculo a Milei<\/a><\/blockquote><iframe loading=\"lazy\" class=\"wp-embedded-content\" sandbox=\"allow-scripts\" security=\"restricted\" style=\"position: absolute; visibility: hidden;\" title=\"\u00abTrump golpea a la econom\u00eda argentina con aranceles y deja en rid\u00edculo a Milei\u00bb \u2014 \" src=\"https:\/\/www.enorsai.com\/noticias\/economia\/trump-golpea-a-la-economia-argentina-con-aranceles-y-deja-en-ridiculo-a-milei\/embed\/#?secret=BPnA2DFK4d#?secret=qXqYU1wHnR\" data-secret=\"qXqYU1wHnR\" width=\"600\" height=\"338\" frameborder=\"0\" marginwidth=\"0\" marginheight=\"0\" scrolling=\"no\"><\/iframe>\n<\/div><\/figure>\n\n\n\n<p>El gobierno de Javier Milei, que prometi\u00f3 un cambio radical, parece haber olvidado a quienes est\u00e1n en la primera l\u00ednea de defensa del pa\u00eds. La pol\u00edtica de ajuste y recortes, lejos de solucionar los problemas, ha exacerbado la crisis. Los gendarmes, quienes deber\u00edan ser un pilar del Estado, est\u00e1n siendo abandonados a su suerte. \u00abNo les pedimos que sean millonarios, pero que les paguen lo que les corresponde\u00bb, exigi\u00f3 Rub\u00e9n, con una l\u00f3gica impecable que contrasta con la indiferencia de las autoridades.<\/p>\n\n\n\n<p>La entrevista tambi\u00e9n toc\u00f3 un tema doloroso: el suicidio de un gendarme que no pudo soportar la presi\u00f3n econ\u00f3mica y emocional. \u00abUno se ahorc\u00f3 porque no daba m\u00e1s\u00bb, relat\u00f3 Rub\u00e9n, con un tono que mezclaba rabia y desesperaci\u00f3n. Este caso no es aislado, sino parte de un patr\u00f3n que refleja la desesperaci\u00f3n de quienes est\u00e1n al servicio del pa\u00eds pero no reciben el apoyo necesario.<\/p>\n\n\n\n<p>En un momento de la conversaci\u00f3n, Rub\u00e9n mencion\u00f3 que muchos gendarmes tienen miedo de hablar. \u00abNadie puede expresarse porque pueden sufrir consecuencias\u00bb, dijo, refiri\u00e9ndose a la represi\u00f3n y las represalias que enfrentan quienes se atreven a denunciar la situaci\u00f3n. Este clima de temor y silencio es, quiz\u00e1s, el s\u00edntoma m\u00e1s preocupante de todos. Cuando quienes deben proteger a la sociedad tienen miedo de hablar, es evidente que algo est\u00e1 profundamente mal.<\/p>\n\n\n\n<p>El testimonio de Rub\u00e9n no es solo una denuncia, sino tambi\u00e9n un llamado de atenci\u00f3n. La crisis de las fuerzas de seguridad no es un problema aislado, sino un reflejo de una sociedad que est\u00e1 al borde del colapso. Si los gendarmes, quienes tienen \u00abvocaci\u00f3n de servicio\u00bb y \u00abamor por su trabajo\u00bb, est\u00e1n siendo abandonados, \u00bfqu\u00e9 esperanza queda para el resto de los argentinos?<\/p>\n\n\n\n<p>El gobierno de Milei, que lleg\u00f3 al poder con promesas de cambio y renovaci\u00f3n, parece haber perdido el rumbo. La desilusi\u00f3n de Rub\u00e9n es compartida por muchos argentinos que votaron con esperanza y hoy se sienten traicionados. \u00abYo vot\u00e9 a Bullrich y me decepcion\u00f3\u00bb, repiti\u00f3, como si esas palabras resumieran el sentimiento de una naci\u00f3n entera.<\/p>\n\n\n\n<p>Fuente:<\/p>\n\n\n\n\n\n<p><\/p>\n","protected":false},"excerpt":{"rendered":"<p>El relato crudo de un padre de gendarme expone la crisis en las fuerzas de seguridad y la desilusi\u00f3n con el gobierno de Milei. En una entrevista con Jorge Rial, el padre de un gendarme revel\u00f3 la dura realidad que enfrentan los uniformados: salarios insuficientes, falta de recursos y una desesperaci\u00f3n que los lleva a&#8230;<\/p>\n","protected":false},"author":1,"featured_media":1130,"comment_status":"open","ping_status":"open","sticky":false,"template":"","format":"standard","meta":{"_monsterinsights_skip_tracking":false,"_monsterinsights_sitenote_active":false,"_monsterinsights_sitenote_note":"","_monsterinsights_sitenote_category":0,"footnotes":"","jetpack_publicize_message":"","jetpack_publicize_feature_enabled":true,"jetpack_social_post_already_shared":true,"jetpack_social_options":{"image_generator_settings":{"template":"highway","default_image_id":0,"font":"","enabled":false},"version":2}},"categories":[4],"tags":[262,261,45,263],"class_list":["post-1127","post","type-post","status-publish","format-standard","has-post-thumbnail","hentry","category-sociedad","tag-bullrich","tag-gendarmeria","tag-milei","tag-salarios"],"jetpack_publicize_connections":[],"_links":{"self":[{"href":"https:\/\/www.enorsai.com\/noticias\/wp-json\/wp\/v2\/posts\/1127","targetHints":{"allow":["GET"]}}],"collection":[{"href":"https:\/\/www.enorsai.com\/noticias\/wp-json\/wp\/v2\/posts"}],"about":[{"href":"https:\/\/www.enorsai.com\/noticias\/wp-json\/wp\/v2\/types\/post"}],"author":[{"embeddable":true,"href":"https:\/\/www.enorsai.com\/noticias\/wp-json\/wp\/v2\/users\/1"}],"replies":[{"embeddable":true,"href":"https:\/\/www.enorsai.com\/noticias\/wp-json\/wp\/v2\/comments?post=1127"}],"version-history":[{"count":2,"href":"https:\/\/www.enorsai.com\/noticias\/wp-json\/wp\/v2\/posts\/1127\/revisions"}],"predecessor-version":[{"id":1131,"href":"https:\/\/www.enorsai.com\/noticias\/wp-json\/wp\/v2\/posts\/1127\/revisions\/1131"}],"wp:featuredmedia":[{"embeddable":true,"href":"https:\/\/www.enorsai.com\/noticias\/wp-json\/wp\/v2\/media\/1130"}],"wp:attachment":[{"href":"https:\/\/www.enorsai.com\/noticias\/wp-json\/wp\/v2\/media?parent=1127"}],"wp:term":[{"taxonomy":"category","embeddable":true,"href":"https:\/\/www.enorsai.com\/noticias\/wp-json\/wp\/v2\/categories?post=1127"},{"taxonomy":"post_tag","embeddable":true,"href":"https:\/\/www.enorsai.com\/noticias\/wp-json\/wp\/v2\/tags?post=1127"}],"curies":[{"name":"wp","href":"https:\/\/api.w.org\/{rel}","templated":true}]}}