{"id":11251,"date":"2025-11-21T07:36:05","date_gmt":"2025-11-21T10:36:05","guid":{"rendered":"https:\/\/www.enorsai.com\/noticias\/?p=11251"},"modified":"2025-11-21T07:36:31","modified_gmt":"2025-11-21T10:36:31","slug":"desesperado-milei-despliega-un-cerco-mediatico-judicial-tras-difundirse-un-modelo-economico-alternativo","status":"publish","type":"post","link":"https:\/\/www.enorsai.com\/noticias\/politica\/desesperado-milei-despliega-un-cerco-mediatico-judicial-tras-difundirse-un-modelo-economico-alternativo\/","title":{"rendered":"\u00a1Desesperado! Milei despliega un cerco medi\u00e1tico-judicial tras difundirse un modelo econ\u00f3mico alternativo"},"content":{"rendered":"\n<p>El episodio que desat\u00f3 la furia del andamiaje medi\u00e1tico y del gobierno de Javier Milei no fue una foto, aunque intenten instalarlo. No fue la instant\u00e1nea tomada en San Jos\u00e9 1111, ni la presencia de nueve j\u00f3venes economistas, ni el hecho de que sus propuestas representaran el trabajo colectivo de m\u00e1s de ochenta profesionales comprometidos con pensar un Modelo Econ\u00f3mico Nacional productivo y federal para el Siglo XXI. Nada de eso explica la reacci\u00f3n coordinada, casi coreogr\u00e1fica, del aparato medi\u00e1tico que el oficialismo utiliza como un brazo de presi\u00f3n pol\u00edtica. Lo que realmente molest\u00f3 fue otra cosa: que en un pa\u00eds devastado por las pol\u00edticas libertarias desde el 10 de diciembre de 2023, alguien se atreva a discutir un proyecto de desarrollo que desnuda la magnitud del desastre econ\u00f3mico que genera Milei.<\/p>\n\n\n\n<p>La escena es simple y transparente. Una reuni\u00f3n autorizada por el Tribunal, como todas, sin irregularidades ni maniobras. J\u00f3venes economistas que presentan ideas y diagn\u00f3sticos, algo esperable en cualquier pa\u00eds donde pensar su econom\u00eda no sea viewed as una amenaza. Sin embargo, apenas la foto circul\u00f3, el \u201cbestiario medi\u00e1tico\u201d \u2014como describe certeramente la autora del texto original\u2014 lanz\u00f3 una ofensiva destinada a deformar un acto institucional y convertirlo en esc\u00e1ndalo. La cr\u00edtica fue pueril: que hab\u00eda \u201cmucha gente\u201d, que se estaba \u201chaciendo pol\u00edtica\u201d, que era impropio, sospechoso, inconveniente. Todo dicho en tono acusatorio, como si el simple hecho de hablar sobre la econom\u00eda argentina fuera un delito contra los deseos del gobierno nacional.<\/p>\n\n\n\n<p>Pero el dato revelador, el que deja en evidencia la operaci\u00f3n, aparece cuando la autora recuerda que el 26 de septiembre hab\u00eda recibido a siete personas \u2014con foto incluida\u2014 entre ellos dirigentes estudiantiles de la FES y la UES, sin que nadie montara un circo medi\u00e1tico. Ese mismo d\u00eda se reuni\u00f3, tambi\u00e9n con foto p\u00fablica, con los seis candidatos a legisladores de Fuerza Patria por la Ciudad. Y otra vez: ni un murmullo, ni una nota editorial, ni un ataque en cadena. Todo pas\u00f3 desapercibido, como corresponde en un pa\u00eds que respeta m\u00ednimamente las instituciones y comprende que la pol\u00edtica es, ante todo, di\u00e1logo y construcci\u00f3n democr\u00e1tica.<\/p>\n\n\n\n<figure class=\"wp-block-embed is-type-rich is-provider-twitter wp-block-embed-twitter\"><div class=\"wp-block-embed__wrapper\">\n<blockquote class=\"twitter-tweet\" data-width=\"550\" data-dnt=\"true\"><p lang=\"es\" dir=\"ltr\">No es la foto\u2026 es la Econom\u00eda est\u00fapido.<br>\u00a0<br>El bestiario medi\u00e1tico se lanz\u00f3 una vez m\u00e1s al ataque. \u00bfEl motivo? Una foto m\u00eda, en San Jos\u00e9 1111, junto a nueve j\u00f3venes economistas que, en representaci\u00f3n de m\u00e1s de 80 profesionales, me presentaron consideraciones y propuestas sobre un\u2026 <a href=\"https:\/\/t.co\/taPtEeJAjU\">pic.twitter.com\/taPtEeJAjU<\/a><\/p>&mdash; Cristina Kirchner (@CFKArgentina) <a href=\"https:\/\/twitter.com\/CFKArgentina\/status\/1991208670047400220?ref_src=twsrc%5Etfw\">November 19, 2025<\/a><\/blockquote><script async src=\"https:\/\/platform.twitter.com\/widgets.js\" charset=\"utf-8\"><\/script>\n<\/div><\/figure>\n\n\n\n<p>Entonces, \u00bfpor qu\u00e9 ahora s\u00ed? \u00bfPor qu\u00e9 esta reuni\u00f3n deton\u00f3 titulares vociferantes y una indignaci\u00f3n tan artificial que cuesta creer que haya alguien dispuesto a tomarla en serio? La respuesta est\u00e1 en el coraz\u00f3n del conflicto: <strong>la discusi\u00f3n sobre un Modelo Econ\u00f3mico Nacional<\/strong>. Eso es lo que incomoda. Lo que los sectores del poder econ\u00f3mico y medi\u00e1tico no toleran es que, mientras Milei profundiza un ajuste brutal, aparezca una propuesta capaz de poner en evidencia la magnitud del da\u00f1o que provocan sus pol\u00edticas. El oficialismo puede tolerar fotos, reuniones, candidatos, dirigentes estudiantiles\u2026 pero no una agenda econ\u00f3mica que contradiga su dogma y que, sobre todo, exponga sus resultados catastr\u00f3ficos.<\/p>\n\n\n\n<p>Los datos son contundentes. Desde noviembre de 2023 hasta agosto del a\u00f1o siguiente, <strong>desaparecieron 19.164 empresas<\/strong>, a un ritmo escalofriante de casi <strong>30 por d\u00eda<\/strong>. En el mismo per\u00edodo se destruyeron <strong>276.624 puestos de trabajo registrados<\/strong>, lo que significa que <strong>m\u00e1s de 432 personas por d\u00eda<\/strong> quedaron sin empleo como resultado directo de la pol\u00edtica econ\u00f3mica de Milei. En cualquier pa\u00eds serio esto ser\u00eda un esc\u00e1ndalo nacional, un llamado de emergencia, un motivo para replantear el rumbo. En la Argentina mile\u00edsta, en cambio, la respuesta es perseguir a quienes analizan alternativas.<\/p>\n\n\n\n<p>Resulta parad\u00f3jico \u2014y al mismo tiempo previsible\u2014 que incluso el \u201cpeor gobierno peronista\u201d, uno atravesado por una pandemia global sin precedentes, lograra mejores resultados en t\u00e9rminos de empleo y sostenimiento de unidades productivas que esta administraci\u00f3n que presume de eficiencia, tecnocracia y \u201cexpertise\u201d econ\u00f3mica. El contraste no es ideol\u00f3gico; es emp\u00edrico. Las cifras hablan m\u00e1s fuerte que cualquier eslogan libertario, y el gobierno teme justamente eso: que la realidad irrefutable desmonte el relato que intentan imponer.<\/p>\n\n\n\n<p>Por eso Milei y su estructura medi\u00e1tica asociada celebran la supuesta \u201cbaja de la inflaci\u00f3n\u201d, pero omiten explicar que esa baja relativa \u2014que ni siquiera alcanza los niveles de diciembre de 2015\u2014 se sostiene en una recesi\u00f3n brutal, en el derrumbe del salario real, en el congelamiento de ingresos y en un d\u00f3lar artificialmente planchado. La autora del texto lo resume con crudeza: \u201cm\u00e1s que de economista experto, es de aprendiz de carnicero\u201d. La frase es incisiva, provocadora y sincera, porque lo que se est\u00e1 haciendo con la econom\u00eda argentina no responde a una estrategia sofisticada, sino a una carnicer\u00eda social que corta por donde sea, sin evaluar da\u00f1os, sin considerar consecuencias y sin reparar en los millones de personas afectadas.<\/p>\n\n\n\n<p>Mientras tanto, el bestiario medi\u00e1tico no s\u00f3lo se\u00f1ala, sino que ordena. Y el bestiario judicial acata. La autora exhibe la obscenidad de esta din\u00e1mica con una mezcla de iron\u00eda y desesperaci\u00f3n c\u00edvica. \u00bfQu\u00e9 clase de rep\u00fablica se puede sostener si los medios dictan sentencias y los jueces asienten, si las operaciones medi\u00e1ticas se convierten en decisiones judiciales, si el poder econ\u00f3mico utiliza a los tribunales como un dispositivo para disciplinar pol\u00edticamente a quienes cuestionan el rumbo del pa\u00eds? La transparencia institucional se desvanece cuando el periodismo se comporta como fiscal y el Poder Judicial como redactor de prensa de los grupos concentrados.<\/p>\n\n\n\n<p>Ante este cuadro, la autora deja caer una propuesta tan provocadora como reveladora: \u201c\u00bfPor qu\u00e9 no dejamos que directamente Clar\u00edn y La Naci\u00f3n firmen las sentencias?\u201d. No es un exabrupto. Es una denuncia pol\u00edtica. Una forma de mostrar que, si la Justicia ha renunciado a su independencia, entonces al menos deber\u00eda dejar de disimularlo. El planteo es mordaz, pero tambi\u00e9n profundamente serio: \u00bfcu\u00e1nto puede resistir una democracia cuando uno de sus poderes fundamentales queda sometido a los intereses corporativos que moldean la agenda medi\u00e1tica?<\/p>\n\n\n\n<p>El art\u00edculo original, al que esta nota se ci\u00f1e estrictamente, muestra que la reacci\u00f3n del gobierno libertario no se debe a supuestos excesos en una foto, ni a reuniones \u201cpol\u00edticas\u201d, ni a cuestiones protocolares. Lo que realmente deton\u00f3 la furia oficialista fue el solo hecho de que alguien discutiera un modelo econ\u00f3mico alternativo, uno que defiende la producci\u00f3n, el federalismo, el empleo y la reconstrucci\u00f3n del tejido social destruido por Milei. Lo que irrit\u00f3 al gobierno es que se hable de crecimiento en un pa\u00eds donde el Presidente celebra el cierre de empresas como si fueran da\u00f1os colaterales necesarios para la \u00e9pica del ajuste.<\/p>\n\n\n\n<p>En el fondo, lo que molesta es que alguien ponga en palabras la verdad que tanto incomoda al oficialismo: <strong>la econom\u00eda argentina se est\u00e1 pulverizando<\/strong> bajo las pol\u00edticas libertarias. Y que, adem\u00e1s, alguien lo haga respaldado por datos, por profesionales, por propuestas, por un proyecto de pa\u00eds que no acepta el dogma del sacrificio permanente. El gobierno y su constelaci\u00f3n medi\u00e1tica prefieren difamar una foto antes que enfrentar el debate que verdaderamente importa. Prefieren el espect\u00e1culo antes que la discusi\u00f3n de fondo. Prefieren inventar un conflicto antes que responder por las miles de empresas cerradas, los puestos de trabajo destruidos y la ca\u00edda generalizada de la actividad econ\u00f3mica.<\/p>\n\n\n\n<p>El problema nunca fue la foto. Fue \u2014y sigue siendo\u2014 la econom\u00eda. Y el miedo tremendo del gobierno a que la sociedad empiece a mirar los n\u00fameros reales, esos que ning\u00fan relato libertario puede maquillar, esos que muestran que el supuesto \u201cordenamiento\u201d de Milei es, en realidad, la demolici\u00f3n m\u00e1s profunda del tejido productivo desde la crisis del 2001.<\/p>\n","protected":false},"excerpt":{"rendered":"<p>El episodio que desat\u00f3 la furia del andamiaje medi\u00e1tico y del gobierno de Javier Milei no fue una foto, aunque intenten instalarlo. No fue la instant\u00e1nea tomada en San Jos\u00e9 1111, ni la presencia de nueve j\u00f3venes economistas, ni el hecho de que sus propuestas representaran el trabajo colectivo de m\u00e1s de ochenta profesionales comprometidos&#8230;<\/p>\n","protected":false},"author":11,"featured_media":11254,"comment_status":"open","ping_status":"open","sticky":false,"template":"","format":"standard","meta":{"_monsterinsights_skip_tracking":false,"_monsterinsights_sitenote_active":false,"_monsterinsights_sitenote_note":"","_monsterinsights_sitenote_category":0,"footnotes":"","jetpack_publicize_message":"","jetpack_publicize_feature_enabled":true,"jetpack_social_post_already_shared":true,"jetpack_social_options":{"image_generator_settings":{"template":"highway","default_image_id":0,"font":"","enabled":false},"version":2}},"categories":[2],"tags":[585,3644,4124,2529,45,4123],"class_list":["post-11251","post","type-post","status-publish","format-standard","has-post-thumbnail","hentry","category-politica","tag-caba","tag-cristina-fernandez-de-kirchner-2","tag-fes","tag-fuerza-patria","tag-milei","tag-ues"],"jetpack_publicize_connections":[],"_links":{"self":[{"href":"https:\/\/www.enorsai.com\/noticias\/wp-json\/wp\/v2\/posts\/11251","targetHints":{"allow":["GET"]}}],"collection":[{"href":"https:\/\/www.enorsai.com\/noticias\/wp-json\/wp\/v2\/posts"}],"about":[{"href":"https:\/\/www.enorsai.com\/noticias\/wp-json\/wp\/v2\/types\/post"}],"author":[{"embeddable":true,"href":"https:\/\/www.enorsai.com\/noticias\/wp-json\/wp\/v2\/users\/11"}],"replies":[{"embeddable":true,"href":"https:\/\/www.enorsai.com\/noticias\/wp-json\/wp\/v2\/comments?post=11251"}],"version-history":[{"count":1,"href":"https:\/\/www.enorsai.com\/noticias\/wp-json\/wp\/v2\/posts\/11251\/revisions"}],"predecessor-version":[{"id":11255,"href":"https:\/\/www.enorsai.com\/noticias\/wp-json\/wp\/v2\/posts\/11251\/revisions\/11255"}],"wp:featuredmedia":[{"embeddable":true,"href":"https:\/\/www.enorsai.com\/noticias\/wp-json\/wp\/v2\/media\/11254"}],"wp:attachment":[{"href":"https:\/\/www.enorsai.com\/noticias\/wp-json\/wp\/v2\/media?parent=11251"}],"wp:term":[{"taxonomy":"category","embeddable":true,"href":"https:\/\/www.enorsai.com\/noticias\/wp-json\/wp\/v2\/categories?post=11251"},{"taxonomy":"post_tag","embeddable":true,"href":"https:\/\/www.enorsai.com\/noticias\/wp-json\/wp\/v2\/tags?post=11251"}],"curies":[{"name":"wp","href":"https:\/\/api.w.org\/{rel}","templated":true}]}}