{"id":1122,"date":"2025-02-11T20:50:18","date_gmt":"2025-02-11T23:50:18","guid":{"rendered":"https:\/\/www.enorsai.com\/noticias\/?p=1122"},"modified":"2025-02-11T20:50:18","modified_gmt":"2025-02-11T23:50:18","slug":"impuestazo-salvaje-el-grito-del-agro-cordobes-contra-el-ajuste-fiscal-de-la-provincia","status":"publish","type":"post","link":"https:\/\/www.enorsai.com\/noticias\/economia\/impuestazo-salvaje-el-grito-del-agro-cordobes-contra-el-ajuste-fiscal-de-la-provincia\/","title":{"rendered":"\u00abImpuestazo salvaje\u00bb: El grito del agro cordob\u00e9s contra el ajuste fiscal de la provincia"},"content":{"rendered":"\n<h4 class=\"wp-block-heading\">El campo cordob\u00e9s estalla de bronca por el incremento del inmobiliario rural, que supera el 200% en algunos casos. Productores denuncian un ajuste brutal mientras el gobierno de Llaryora se esconde detr\u00e1s de justificaciones vac\u00edas.<\/h4>\n\n\n\n<p>El malestar se hizo escuchar con fuerza en C\u00f3rdoba. Productores agropecuarios, hartos del ahogo fiscal, protagonizaron una asamblea cargada de indignaci\u00f3n y cr\u00edticas directas al gobierno de Mart\u00edn Llaryora. El aumento del impuesto inmobiliario rural, que en algunos casos supera el 200%, fue el detonante de un reclamo que expone el deterioro de la relaci\u00f3n entre el campo y el poder pol\u00edtico. La escena dej\u00f3 en evidencia una verdad inc\u00f3moda: el ajuste no es exclusivo del gobierno nacional, tambi\u00e9n se aplica con mano de hierro en las provincias.<\/p>\n\n\n\n<p>La Sociedad Rural de R\u00edo Cuarto fue el escenario de esta protesta, donde unos 50 productores tomaron el micr\u00f3fono para denunciar lo que consideran un \u00abimpuestazo salvaje\u00bb. Las cifras hablan por s\u00ed solas: mientras la inflaci\u00f3n anual ronda el 118%, el aumento del inmobiliario rural alcanza un promedio del 172,5%, con picos que rozan el 400%. Un desprop\u00f3sito que, seg\u00fan los presentes, roza lo confiscatorio.<\/p>\n\n\n\n<p>El legislador nacional Rodrigo De Loredo no escatim\u00f3 en cr\u00edticas al calificar el incremento como una \u00abbrutalidad fiscal\u00bb, se\u00f1alando la incoherencia de un ajuste impositivo que duplica la inflaci\u00f3n. \u00abEsto es confiscatorio. Es un atropello que no se justifica bajo ning\u00fan par\u00e1metro econ\u00f3mico razonable\u00bb, sentenci\u00f3, reflejando el sentir de una audiencia que no necesita m\u00e1s pruebas para confirmar el abuso.<\/p>\n\n\n\n<figure class=\"wp-block-embed is-type-wp-embed is-provider-incrustar-wordpress wp-block-embed-incrustar-wordpress\"><div class=\"wp-block-embed__wrapper\">\n<blockquote class=\"wp-embedded-content\" data-secret=\"bYhJBlUDHa\"><a href=\"https:\/\/www.enorsai.com\/noticias\/economia\/la-sombra-del-ajuste-400-despidos-amenazan-a-granja-tres-arroyos\/\">La sombra del ajuste: 400 despidos amenazan a Granja Tres Arroyos<\/a><\/blockquote><iframe loading=\"lazy\" class=\"wp-embedded-content\" sandbox=\"allow-scripts\" security=\"restricted\" style=\"position: absolute; visibility: hidden;\" title=\"\u00abLa sombra del ajuste: 400 despidos amenazan a Granja Tres Arroyos\u00bb \u2014 \" src=\"https:\/\/www.enorsai.com\/noticias\/economia\/la-sombra-del-ajuste-400-despidos-amenazan-a-granja-tres-arroyos\/embed\/#?secret=IhfWArKAvt#?secret=bYhJBlUDHa\" data-secret=\"bYhJBlUDHa\" width=\"600\" height=\"338\" frameborder=\"0\" marginwidth=\"0\" marginheight=\"0\" scrolling=\"no\"><\/iframe>\n<\/div><\/figure>\n\n\n\n<p>El enojo no se dirigi\u00f3 solo a Llaryora. Sergio Busso, ministro de Bioagroindustria, fue tildado de \u00abmentiroso\u00bb y de utilizar a los productores para fines proselitistas. Ambos funcionarios fueron invitados a la asamblea, pero prefirieron ausentarse, quiz\u00e1s temerosos de enfrentar el rostro de quienes sostienen con su trabajo buena parte de la econom\u00eda provincial.<\/p>\n\n\n\n<p>Lejos de plantear una rebeli\u00f3n fiscal, los productores dejaron claro que su objetivo es otro: pagar lo justo y saber ad\u00f3nde va el dinero que entregan al Estado. \u00abNo queremos financiar el turismo ni el proselitismo en los barrios de la Capital. Queremos que nuestro esfuerzo se traduzca en caminos rurales transitables, escuelas abiertas y servicios b\u00e1sicos para el campo\u00bb, reclam\u00f3 Sergio Barretto, productor de Pozo del Molle, quien propuso un tope de aumento del 118%, en l\u00ednea con la inflaci\u00f3n.<\/p>\n\n\n\n<p>El descontento en C\u00f3rdoba es un eco de lo que ya ocurre en Buenos Aires, La Pampa y Santa Fe. El hartazgo es generalizado. \u00abEl campo siempre pag\u00f3, incluso montos il\u00f3gicos. Pero este a\u00f1o se les fue la mano. Los aumentos no solo son desproporcionados, sino que la comunicaci\u00f3n ha sido nefasta\u00bb, denunci\u00f3 Araceli Perell\u00f3, productora agropecuaria, sintetizando el sentimiento colectivo.<\/p>\n\n\n\n<p>Las cr\u00edticas alcanzaron incluso a eventos masivos financiados con fondos p\u00fablicos. \u00abDejen de gastar nuestra plata en festivales como el Cosqu\u00edn Rock. Si realmente no hay plata, que empiecen por ah\u00ed\u00bb, propuso una productora, cuestionando el doble discurso del \u00abajuste\u00bb que recae siempre sobre los mismos mientras se sostienen gastos superfluos.<\/p>\n\n\n\n<p>El clima de la asamblea fue tenso, con momentos de fuerte confrontaci\u00f3n entre productores y legisladores que, parad\u00f3jicamente, votaron a favor del incremento impositivo. \u00abNos est\u00e1n dejando solos. Nos van a pasar por arriba si no nos unimos\u00bb, advirti\u00f3 un tambero de La Playosa, apelando a la unidad del sector para resistir el embate fiscal.<\/p>\n\n\n\n<p>Este \u00abimpuestazo salvaje\u00bb no solo amenaza la rentabilidad del agro, sino que tambi\u00e9n pone en riesgo la continuidad de peque\u00f1os y medianos productores. \u00abEstamos viendo desaparecer explotaciones familiares, como en los &#8217;90. El ajuste no es solo un n\u00famero, es gente que pierde su sustento\u00bb, advirti\u00f3 un chacarero, recordando una \u00e9poca que dej\u00f3 cicatrices profundas en el interior productivo.<\/p>\n\n\n\n<p><strong>Fuente:<\/strong><\/p>\n\n\n\n<ul class=\"wp-block-list\">\n<li><a href=\"https:\/\/bichosdecampo.com\/impuestazo-salvaje-una-asamblea-de-productores-de-cordoba-plasmo-el-fuerte-descontento-contra-el-gobierno-provincial-por-el-aumento-del-inmobiliario-rural\/\">https:\/\/bichosdecampo.com\/impuestazo-salvaje-una-asamblea-de-productores-de-cordoba-plasmo-el-fuerte-descontento-contra-el-gobierno-provincial-por-el-aumento-del-inmobiliario-rural\/<\/a><\/li>\n<\/ul>\n\n\n","protected":false},"excerpt":{"rendered":"<p>El campo cordob\u00e9s estalla de bronca por el incremento del inmobiliario rural, que supera el 200% en algunos casos. Productores denuncian un ajuste brutal mientras el gobierno de Llaryora se esconde detr\u00e1s de justificaciones vac\u00edas. El malestar se hizo escuchar con fuerza en C\u00f3rdoba. Productores agropecuarios, hartos del ahogo fiscal, protagonizaron una asamblea cargada de&#8230;<\/p>\n","protected":false},"author":9,"featured_media":1125,"comment_status":"open","ping_status":"open","sticky":false,"template":"","format":"standard","meta":{"_monsterinsights_skip_tracking":false,"_monsterinsights_sitenote_active":false,"_monsterinsights_sitenote_note":"","_monsterinsights_sitenote_category":0,"footnotes":"","jetpack_publicize_message":"","jetpack_publicize_feature_enabled":true,"jetpack_social_post_already_shared":true,"jetpack_social_options":{"image_generator_settings":{"template":"highway","default_image_id":0,"font":"","enabled":false},"version":2}},"categories":[3],"tags":[25,204,15],"class_list":["post-1122","post","type-post","status-publish","format-standard","has-post-thumbnail","hentry","category-economia","tag-agro","tag-cordoba","tag-economia"],"jetpack_publicize_connections":[],"_links":{"self":[{"href":"https:\/\/www.enorsai.com\/noticias\/wp-json\/wp\/v2\/posts\/1122","targetHints":{"allow":["GET"]}}],"collection":[{"href":"https:\/\/www.enorsai.com\/noticias\/wp-json\/wp\/v2\/posts"}],"about":[{"href":"https:\/\/www.enorsai.com\/noticias\/wp-json\/wp\/v2\/types\/post"}],"author":[{"embeddable":true,"href":"https:\/\/www.enorsai.com\/noticias\/wp-json\/wp\/v2\/users\/9"}],"replies":[{"embeddable":true,"href":"https:\/\/www.enorsai.com\/noticias\/wp-json\/wp\/v2\/comments?post=1122"}],"version-history":[{"count":1,"href":"https:\/\/www.enorsai.com\/noticias\/wp-json\/wp\/v2\/posts\/1122\/revisions"}],"predecessor-version":[{"id":1126,"href":"https:\/\/www.enorsai.com\/noticias\/wp-json\/wp\/v2\/posts\/1122\/revisions\/1126"}],"wp:featuredmedia":[{"embeddable":true,"href":"https:\/\/www.enorsai.com\/noticias\/wp-json\/wp\/v2\/media\/1125"}],"wp:attachment":[{"href":"https:\/\/www.enorsai.com\/noticias\/wp-json\/wp\/v2\/media?parent=1122"}],"wp:term":[{"taxonomy":"category","embeddable":true,"href":"https:\/\/www.enorsai.com\/noticias\/wp-json\/wp\/v2\/categories?post=1122"},{"taxonomy":"post_tag","embeddable":true,"href":"https:\/\/www.enorsai.com\/noticias\/wp-json\/wp\/v2\/tags?post=1122"}],"curies":[{"name":"wp","href":"https:\/\/api.w.org\/{rel}","templated":true}]}}