{"id":11204,"date":"2025-11-20T06:03:34","date_gmt":"2025-11-20T09:03:34","guid":{"rendered":"https:\/\/www.enorsai.com\/noticias\/?p=11204"},"modified":"2025-11-20T06:03:39","modified_gmt":"2025-11-20T09:03:39","slug":"el-bait-de-clarin-formosa-no-retrocede-a-la-pandemia-solo-pide-barbijos-y-ventilacion-por-alta-circulacion-viral","status":"publish","type":"post","link":"https:\/\/www.enorsai.com\/noticias\/sociedad\/el-bait-de-clarin-formosa-no-retrocede-a-la-pandemia-solo-pide-barbijos-y-ventilacion-por-alta-circulacion-viral\/","title":{"rendered":"El bait de Clar\u00edn: Formosa no \u201cretrocede a la pandemia\u201d, solo pide barbijos y ventilaci\u00f3n por alta circulaci\u00f3n viral"},"content":{"rendered":"\n<p><strong><em>El rebrote de Covid en Formosa refleja lo mismo que ocurre cada a\u00f1o en la Argentina: mayor circulaci\u00f3n de virus respiratorios. Sin embargo, Clar\u00edn lo convierte en un show del miedo, ocultando que las medidas recomendadas \u2013ventilaci\u00f3n, barbijo y no compartir utensilios\u2013 son pr\u00e1cticas higi\u00e9nicas b\u00e1sicas que deber\u00edamos aplicar siempre.<\/em><\/strong><\/p>\n\n\n\n<p>Con una positividad del 24% en una provincia que todav\u00eda testea de manera sistem\u00e1tica, Formosa pidi\u00f3 reforzar cuidados elementales. Pero el t\u00edtulo de Clar\u00edn busca otro objetivo: reinstalar el fantasma de la \u201cpandemia eterna\u201d y golpear a un gobierno provincial que sostiene pol\u00edticas sanitarias opuestas al ideario del oficialismo nacional. Mientras tanto, la verdadera noticia \u2014la falta de vacunas retenidas por el Gobierno nacional\u2014 aparece minimizada.<\/p>\n\n\n\n<p>Formosa inform\u00f3 un rebrote de Covid con una positividad del 24%. Lo llamativo no es la cifra, que coincide con el Bolet\u00edn Epidemiol\u00f3gico nacional, sino que la provincia sea una de las pocas que todav\u00eda sostiene un sistema de testeo coherente. En un pa\u00eds donde los diagn\u00f3sticos se desplomaron por decisi\u00f3n pol\u00edtica, cualquier n\u00famero se vuelve dif\u00edcil de interpretar. Pero mientras las autoridades sanitarias intentan mantener un m\u00ednimo de vigilancia epidemiol\u00f3gica, Clar\u00edn aprovecha la oportunidad para construir otro cap\u00edtulo de su narrativa preferida: el alarmismo selectivo.<\/p>\n\n\n\n<p>El t\u00edtulo \u201cFormosa registra un rebrote de Covid y vuelve a medidas de la pandemia\u201d es, en rigor, un bait deliberado. Juega con una idea emocionalmente pesada \u2014el retorno a 2020\u2014 para generar impacto y clics. Sin embargo, cuando se lee el cuerpo de la noticia, se descubre algo mucho m\u00e1s simple y menos espectacular. La provincia recomend\u00f3 usar barbijo en espacios cerrados, ventilar, evitar compartir utensilios y mantener distancia en aglomeraciones. Es decir, exactamente lo que cualquier persona m\u00ednimamente informada deber\u00eda hacer cada vez que hay alta circulaci\u00f3n de virus respiratorios, sea Covid, influenza o VSR.<\/p>\n\n\n\n<figure class=\"wp-block-embed is-type-rich is-provider-twitter wp-block-embed-twitter\"><div class=\"wp-block-embed__wrapper\">\n<blockquote class=\"twitter-tweet\" data-width=\"550\" data-dnt=\"true\"><p lang=\"es\" dir=\"ltr\">Ragebait. Las &quot;medidas de la pandemia&quot; son ventilar ambientes y usar barbijos, algo que deber\u00edamos hacer siempre que haya alta circulaci\u00f3n de virus respiratorios. <br>\ud83e\udd37\u200d\u2642\ufe0f\ud83e\udd37\u200d\u2642\ufe0f\ud83e\udd37\u200d\u2642\ufe0f <a href=\"https:\/\/t.co\/yZ0ZBbAJjy\">https:\/\/t.co\/yZ0ZBbAJjy<\/a><\/p>&mdash; Rodrigo Quiroga \ud83d\udd2c (@rquiroga777) <a href=\"https:\/\/twitter.com\/rquiroga777\/status\/1991358520894321115?ref_src=twsrc%5Etfw\">November 20, 2025<\/a><\/blockquote><script async src=\"https:\/\/platform.twitter.com\/widgets.js\" charset=\"utf-8\"><\/script>\n<\/div><\/figure>\n\n\n\n<p>Presentar estas recomendaciones como un \u201cretorno a las medidas de la pandemia\u201d es, por decirlo suave, una manipulaci\u00f3n. En un pa\u00eds donde la mera palabra \u201crestricci\u00f3n\u201d funciona como bot\u00f3n rojo emocional, Clar\u00edn sabe perfectamente qu\u00e9 cuerdas tocar. El diario evita aclarar que ventilar ambientes es una pr\u00e1ctica de salud p\u00fablica elemental adoptada en todo el mundo desde antes del coronavirus. O que el barbijo es una herramienta eficaz cuando aumentan los contagios en espacios cerrados, sin importar el virus en cuesti\u00f3n. Incluso la expresi\u00f3n \u201cno compartir utensilios\u201d parece una obviedad que se ense\u00f1ar\u00eda en cualquier escuela primaria, y sin embargo es presentada como parte de un paquete \u201ctraum\u00e1tico\u201d del pasado reciente.<\/p>\n\n\n\n<p>Mientras el multimedio explota ese recurso, la noticia m\u00e1s relevante queda opacada: la directora de Epidemiolog\u00eda de Formosa, Claudia Rodr\u00edguez, afirm\u00f3 que la provincia no tiene las vacunas necesarias para continuar la campa\u00f1a de inmunizaci\u00f3n. Este dato no aparece destacado en el t\u00edtulo, pese a que revela una falla concreta del Gobierno nacional. Formosa denuncia que las dosis est\u00e1n retenidas en Aduana y que esa falta de insumos compromete la salud de la poblaci\u00f3n. En un pa\u00eds serio, esa afirmaci\u00f3n abrir\u00eda un debate urgente. En el ecosistema medi\u00e1tico actual, queda relegada a un p\u00e1rrafo en el medio de la nota.<\/p>\n\n\n\n<p>Rodr\u00edguez tambi\u00e9n se\u00f1ala otro punto clave: la \u201cp\u00e9rdida de percepci\u00f3n de riesgo\u201d entre la poblaci\u00f3n. En parte porque hoy hay menos internaciones y menos fallecidos, pero tambi\u00e9n porque desde ciertos sectores se instal\u00f3 la idea de que la salud p\u00fablica es opcional. Sin una campa\u00f1a clara, sin datos y sin un discurso responsable del Gobierno nacional, es l\u00f3gico que la gente crea que nada importa. Y cuando reaparecen brotes \u2014como ocurre todos los inviernos con distintos virus\u2014 la reacci\u00f3n social oscila entre la indiferencia y el p\u00e1nico medi\u00e1tico.<\/p>\n\n\n\n<p>El caso de Formosa expone una doble crisis: la sanitaria y la comunicacional. Por un lado, una provincia que sostiene los est\u00e1ndares m\u00e1s b\u00e1sicos de vigilancia epidemiol\u00f3gica en un pa\u00eds que dej\u00f3 de hacerlo. Por el otro, un multimedio que decide inflar un rebrote moderado para instalar miedo, malestar y confusi\u00f3n. El problema no es el dato \u201424% de positividad\u2014 sino el uso pol\u00edtico del dato. Clar\u00edn elige la frase \u201cvuelven las medidas de la pandemia\u201d porque sabe que despierta una memoria colectiva de angustia, encierro y p\u00e9rdida. En el cuerpo del texto, sin embargo, la descripci\u00f3n real es as\u00e9ptica, t\u00e9cnica y razonable. No hay cierres, no hay restricciones, no hay cuarentenas. Hay ventilaci\u00f3n, barbijos y distancia. Es decir, cuidado b\u00e1sico.<\/p>\n\n\n\n<p>La l\u00f3gica del miedo tambi\u00e9n busca reforzar una caricatura sobre Formosa, provincia regularmente demonizada por el mismo diario. En lugar de explicar que su sistema sanitario est\u00e1 entre los pocos que a\u00fan testean y reportan, Clar\u00edn prefiere presentar cada medida como un exceso, una exageraci\u00f3n o una anomal\u00eda. Lo que en cualquier ciudad europea ser\u00eda considerado sentido com\u00fan, aqu\u00ed se convierte en un titular dise\u00f1ado para el esc\u00e1ndalo.<\/p>\n\n\n\n<p>Pero la pregunta crucial permanece intacta: \u00bfpor qu\u00e9 ocultar el problema real\u2014la falta de vacunas\u2014y amplificar un consejo sanitario obvio como si fuera una alarma roja? \u00bfA qui\u00e9n beneficia esta distorsi\u00f3n? La respuesta es clara: a quienes necesitan instalar que el Estado que cuida es sin\u00f3nimo de \u201cautoritarismo\u201d, mientras el Estado que abandona es presentado como \u201clibertad\u201d. El remate es casi ir\u00f3nico: mientras Clar\u00edn habla de \u201cmedidas de la pandemia\u201d, la provincia reclama insumos esenciales que el Gobierno nacional retiene o no compra.<\/p>\n\n\n\n<p>El rebrote de Covid en Formosa no es el apocalipsis que algunos quieren vender. No representa un retorno al aislamiento ni al mundo de 2020. Es simplemente una advertencia en un contexto de circulaci\u00f3n viral, un llamado a reforzar cuidados b\u00e1sicos y un recordatorio de que la salud p\u00fablica no es un gasto sino un derecho. Y, sobre todo, es una evidencia de c\u00f3mo ciertos medios manipulan la informaci\u00f3n para encender alarmas imaginarias mientras minimizan los problemas concretos.<\/p>\n\n\n\n<p>Cuando el periodismo se convierte en provocaci\u00f3n, el p\u00fablico queda atrapado entre el miedo y la desinformaci\u00f3n. Y en ese desorden calculado, lo \u00fanico que crece es la incertidumbre. Clar\u00edn lo sabe. Y, una vez m\u00e1s, apuesta a eso.<\/p>\n","protected":false},"excerpt":{"rendered":"<p>El rebrote de Covid en Formosa refleja lo mismo que ocurre cada a\u00f1o en la Argentina: mayor circulaci\u00f3n de virus respiratorios. Sin embargo, Clar\u00edn lo convierte en un show del miedo, ocultando que las medidas recomendadas \u2013ventilaci\u00f3n, barbijo y no compartir utensilios\u2013 son pr\u00e1cticas higi\u00e9nicas b\u00e1sicas que deber\u00edamos aplicar siempre. Con una positividad del 24%&#8230;<\/p>\n","protected":false},"author":12,"featured_media":11206,"comment_status":"open","ping_status":"open","sticky":false,"template":"","format":"standard","meta":{"_monsterinsights_skip_tracking":false,"_monsterinsights_sitenote_active":false,"_monsterinsights_sitenote_note":"","_monsterinsights_sitenote_category":0,"footnotes":"","jetpack_publicize_message":"","jetpack_publicize_feature_enabled":true,"jetpack_social_post_already_shared":true,"jetpack_social_options":{"image_generator_settings":{"template":"highway","default_image_id":0,"font":"","enabled":false},"version":2}},"categories":[3948,4],"tags":[],"class_list":["post-11204","post","type-post","status-publish","format-standard","has-post-thumbnail","hentry","category-salud","category-sociedad"],"jetpack_publicize_connections":[],"_links":{"self":[{"href":"https:\/\/www.enorsai.com\/noticias\/wp-json\/wp\/v2\/posts\/11204","targetHints":{"allow":["GET"]}}],"collection":[{"href":"https:\/\/www.enorsai.com\/noticias\/wp-json\/wp\/v2\/posts"}],"about":[{"href":"https:\/\/www.enorsai.com\/noticias\/wp-json\/wp\/v2\/types\/post"}],"author":[{"embeddable":true,"href":"https:\/\/www.enorsai.com\/noticias\/wp-json\/wp\/v2\/users\/12"}],"replies":[{"embeddable":true,"href":"https:\/\/www.enorsai.com\/noticias\/wp-json\/wp\/v2\/comments?post=11204"}],"version-history":[{"count":2,"href":"https:\/\/www.enorsai.com\/noticias\/wp-json\/wp\/v2\/posts\/11204\/revisions"}],"predecessor-version":[{"id":11208,"href":"https:\/\/www.enorsai.com\/noticias\/wp-json\/wp\/v2\/posts\/11204\/revisions\/11208"}],"wp:featuredmedia":[{"embeddable":true,"href":"https:\/\/www.enorsai.com\/noticias\/wp-json\/wp\/v2\/media\/11206"}],"wp:attachment":[{"href":"https:\/\/www.enorsai.com\/noticias\/wp-json\/wp\/v2\/media?parent=11204"}],"wp:term":[{"taxonomy":"category","embeddable":true,"href":"https:\/\/www.enorsai.com\/noticias\/wp-json\/wp\/v2\/categories?post=11204"},{"taxonomy":"post_tag","embeddable":true,"href":"https:\/\/www.enorsai.com\/noticias\/wp-json\/wp\/v2\/tags?post=11204"}],"curies":[{"name":"wp","href":"https:\/\/api.w.org\/{rel}","templated":true}]}}