{"id":11152,"date":"2025-11-18T14:12:43","date_gmt":"2025-11-18T17:12:43","guid":{"rendered":"https:\/\/www.enorsai.com\/noticias\/?p=11152"},"modified":"2025-11-18T16:48:21","modified_gmt":"2025-11-18T19:48:21","slug":"bianco-lo-de-santilli-me-parecio-patetico-no-atiende-las-llamadas","status":"publish","type":"post","link":"https:\/\/www.enorsai.com\/noticias\/politica\/bianco-lo-de-santilli-me-parecio-patetico-no-atiende-las-llamadas\/","title":{"rendered":"Bianco: \u00abLo de Santilli me pareci\u00f3 PAT\u00c9TICO. No atiende las llamadas\u00bb"},"content":{"rendered":"\n<p>Carlos Bianco apunt\u00f3 contra el ministro del Interior Diego Santilli por evitar el di\u00e1logo con la Provincia de Buenos Aires mientras el gobierno de Javier Milei retiene fondos millonarios y frena obras esenciales.<br><br>La denuncia p\u00fablica del ministro bonaerense expuso el deterioro del v\u00ednculo entre Naci\u00f3n y Provincia. En un video viral, Bianco cuestion\u00f3 que Santilli \u201csolo se haga el gracioso en X\u201d mientras ignora pedidos formales de reuni\u00f3n y respalda un recorte que deja a Buenos Aires con miles de obras paralizadas y una deuda federal que supera los 12 billones de pesos.<br><br>\u201cLo de Santilli me pareci\u00f3 pat\u00e9tico. No atiende las llamadas.\u201d Con esa frase directa, sin maquillaje y cargada de bronca, Carlos Bianco resumi\u00f3 en un minuto lo que la Provincia de Buenos Aires viene intentando transmitir desde hace meses: Diego Santilli, ahora ministro del Interior de Javier Milei, evita cualquier instancia de di\u00e1logo con el distrito m\u00e1s grande del pa\u00eds mientras acompa\u00f1a uno de los recortes m\u00e1s agresivos que haya sufrido la PBA en d\u00e9cadas.<br><br>El video, difundido por la cuenta @ArrepentidosLLA y convertido r\u00e1pidamente en tendencia, dej\u00f3 al desnudo una situaci\u00f3n que ya no puede ocultarse con chicanas en redes sociales. Seg\u00fan Bianco, el nuevo ministro del Interior se dedica a responder con iron\u00edas y emojis en X, pero cuando la Provincia le pide una reuni\u00f3n formal para abordar la deuda que la Naci\u00f3n mantiene con Buenos Aires, no contesta. Ni un llamado de vuelta. Ni un mensaje. Nada.<br><br>El trasfondo es todav\u00eda m\u00e1s grave. Desde que Milei asumi\u00f3, las transferencias de fondos hacia la PBA cayeron un 70% respecto de 2023. La deuda acumulada, que ronda entre 12 y 13 billones de pesos, es la causa estructural de miles de obras paralizadas: rutas abandonadas, cloacas inconclusas, viviendas a medio construir y municipios que quedaron sin los recursos m\u00ednimos para sostener servicios esenciales. En ese contexto cr\u00edtico, la ausencia deliberada de Santilli se vuelve m\u00e1s que una descortes\u00eda: es un gesto pol\u00edtico que encaja perfectamente con la estrategia de disciplinamiento que el gobierno nacional viene aplicando sobre las provincias opositoras.<br><br>Bianco no exagera cuando califica de \u201cpat\u00e9tico\u201d al funcionario. El 12 de noviembre, el ministro bonaerense le pidi\u00f3 formalmente una reuni\u00f3n a Santilli para discutir la deuda federal. La respuesta no lleg\u00f3 por los canales institucionales: lleg\u00f3 por X, donde el ministro del Interior contest\u00f3 con un \u201cDale Carli, gracias. Tomo nota\u201d acompa\u00f1ado de un emoji sarc\u00e1stico. Una actitud que, lejos de una gesti\u00f3n responsable, parece salida de un adolescente con acceso a una cuenta oficial y no de quien debe garantizar el federalismo argentino.<\/p>\n\n\n\n<figure class=\"wp-block-embed is-type-rich is-provider-twitter wp-block-embed-twitter\"><div class=\"wp-block-embed__wrapper\">\n<blockquote class=\"twitter-tweet\" data-width=\"550\" data-dnt=\"true\"><p lang=\"es\" dir=\"ltr\">&quot;Lo de Santilli me pareci\u00f3 PAT\u00c9TICO. No atiende las llamadas&quot;<br><br>Santilli se hace el gracioso por tuiter y despu\u00e9s cuando lo llaman en la vida real no se anima. Lo votaron hace 2 semanas en PBA y ya le est\u00e1 robando guita a los bonaerenses \ud83e\udd21 <a href=\"https:\/\/t.co\/b47eEFjOSq\">pic.twitter.com\/b47eEFjOSq<\/a><\/p>&mdash; Arrepentidos de Milei (@ArrepentidosLLA) <a href=\"https:\/\/twitter.com\/ArrepentidosLLA\/status\/1990427649886314888?ref_src=twsrc%5Etfw\">November 17, 2025<\/a><\/blockquote><script async src=\"https:\/\/platform.twitter.com\/widgets.js\" charset=\"utf-8\"><\/script>\n<\/div><\/figure>\n\n\n\n<p><br>La situaci\u00f3n se vuelve m\u00e1s irritante para la Provincia cuando se observa la agenda selectiva del ministro. Santilli s\u00ed recibe a gobernadores aliados, como Mart\u00edn Llaryora de C\u00f3rdoba, pero evita cualquier encuentro con Axel Kicillof o con su equipo. Ese doble est\u00e1ndar alimenta la sospecha de que el Ministerio del Interior funciona hoy m\u00e1s como un peaje pol\u00edtico que como un puente institucional. En otras palabras, se negocia con quienes aceptan acompa\u00f1ar el paquete de reformas de Milei; el resto queda afuera.<br><br>La frase de Bianco, entonces, no es solo un exabrupto. Es la descripci\u00f3n m\u00e1s sint\u00e9tica del deterioro del federalismo en manos de un gobierno que recorta, condiciona y responde con desd\u00e9n. Bianco lo dijo sin vueltas: \u201cDebe estar hablando con Caputo para devolver lo que nos rob\u00f3 Milei\u201d. Y, m\u00e1s all\u00e1 de la iron\u00eda, lo que hay es un diagn\u00f3stico que coincide con el de m\u00e1s de la mitad de los gobernadores del pa\u00eds: Naci\u00f3n retiene fondos mientras exige apoyo pol\u00edtico para aprobar un Presupuesto 2026 que ajusta a\u00fan m\u00e1s sobre las provincias.<br><br>Los usuarios de X no tardaron en amplificar la escena. Desde \u201cSantilli es un matoncito de teclado\u201d hasta \u201c\u00bfDe qu\u00e9 sirve hacerse el canchero en X si no atend\u00e9s el tel\u00e9fono?\u201d, el reclamo se multiplic\u00f3. No se trata solo de un conflicto burocr\u00e1tico: es la percepci\u00f3n creciente de que el gobierno de Milei gobierna desde redes sociales mientras desatiende necesidades urgentes del territorio real.<br><br>Hoy, la Provincia sigue sin una reuni\u00f3n formal con Santilli. No hay se\u00f1ales de que algo vaya a cambiar. Kicillof present\u00f3 el Presupuesto 2026 provincial con n\u00fameros a la baja, producto directo de los recortes nacionales. Y aunque el futuro es incierto, una cosa parece evidente: si el ministro del Interior no puede \u2014o no quiere\u2014 atender un tel\u00e9fono, dif\u00edcilmente pueda garantizar el federalismo que el pa\u00eds necesita.<\/p>\n","protected":false},"excerpt":{"rendered":"<p>Carlos Bianco apunt\u00f3 contra el ministro del Interior Diego Santilli por evitar el di\u00e1logo con la Provincia de Buenos Aires mientras el gobierno de Javier Milei retiene fondos millonarios y frena obras esenciales. La denuncia p\u00fablica del ministro bonaerense expuso el deterioro del v\u00ednculo entre Naci\u00f3n y Provincia. En un video viral, Bianco cuestion\u00f3 que&#8230;<\/p>\n","protected":false},"author":12,"featured_media":11156,"comment_status":"open","ping_status":"open","sticky":false,"template":"","format":"standard","meta":{"_monsterinsights_skip_tracking":false,"_monsterinsights_sitenote_active":false,"_monsterinsights_sitenote_note":"","_monsterinsights_sitenote_category":0,"footnotes":"","jetpack_publicize_message":"","jetpack_publicize_feature_enabled":true,"jetpack_social_post_already_shared":true,"jetpack_social_options":{"image_generator_settings":{"template":"highway","default_image_id":0,"font":"","enabled":false},"version":2}},"categories":[2],"tags":[4078,4077],"class_list":["post-11152","post","type-post","status-publish","format-standard","has-post-thumbnail","hentry","category-politica","tag-carli-bianco","tag-diego-santilli"],"jetpack_publicize_connections":[],"_links":{"self":[{"href":"https:\/\/www.enorsai.com\/noticias\/wp-json\/wp\/v2\/posts\/11152","targetHints":{"allow":["GET"]}}],"collection":[{"href":"https:\/\/www.enorsai.com\/noticias\/wp-json\/wp\/v2\/posts"}],"about":[{"href":"https:\/\/www.enorsai.com\/noticias\/wp-json\/wp\/v2\/types\/post"}],"author":[{"embeddable":true,"href":"https:\/\/www.enorsai.com\/noticias\/wp-json\/wp\/v2\/users\/12"}],"replies":[{"embeddable":true,"href":"https:\/\/www.enorsai.com\/noticias\/wp-json\/wp\/v2\/comments?post=11152"}],"version-history":[{"count":1,"href":"https:\/\/www.enorsai.com\/noticias\/wp-json\/wp\/v2\/posts\/11152\/revisions"}],"predecessor-version":[{"id":11157,"href":"https:\/\/www.enorsai.com\/noticias\/wp-json\/wp\/v2\/posts\/11152\/revisions\/11157"}],"wp:featuredmedia":[{"embeddable":true,"href":"https:\/\/www.enorsai.com\/noticias\/wp-json\/wp\/v2\/media\/11156"}],"wp:attachment":[{"href":"https:\/\/www.enorsai.com\/noticias\/wp-json\/wp\/v2\/media?parent=11152"}],"wp:term":[{"taxonomy":"category","embeddable":true,"href":"https:\/\/www.enorsai.com\/noticias\/wp-json\/wp\/v2\/categories?post=11152"},{"taxonomy":"post_tag","embeddable":true,"href":"https:\/\/www.enorsai.com\/noticias\/wp-json\/wp\/v2\/tags?post=11152"}],"curies":[{"name":"wp","href":"https:\/\/api.w.org\/{rel}","templated":true}]}}