{"id":11116,"date":"2025-11-18T06:17:49","date_gmt":"2025-11-18T09:17:49","guid":{"rendered":"https:\/\/www.enorsai.com\/noticias\/?p=11116"},"modified":"2025-11-18T06:17:54","modified_gmt":"2025-11-18T09:17:54","slug":"jose-antonio-kast-hijo-de-un-militante-nazi-se-juega-su-tercer-intento-por-la-presidencia-de-chile","status":"publish","type":"post","link":"https:\/\/www.enorsai.com\/noticias\/mundo\/jose-antonio-kast-hijo-de-un-militante-nazi-se-juega-su-tercer-intento-por-la-presidencia-de-chile\/","title":{"rendered":"Jos\u00e9 Antonio Kast, hijo de un militante nazi, se juega su tercer intento por la presidencia de Chile"},"content":{"rendered":"\n<p>Tres veces ha intentado llegar a la Presidencia de Chile el l\u00edder del Partido Republicano Jos\u00e9 Antonio Kast, pero nunca como en este tercer intento sus opciones fueron tan auspiciosas. El pol\u00edtico conservador, hijo de inmigrantes alemanes y admirador de Jair Bolsonaro y Donald Trump, se acerca a su electorado con un \u00e1lbum de m\u00fasica y una base program\u00e1tica que promete la restauraci\u00f3n de los valores tradicionales.<\/p>\n\n\n\n<p>Es el m\u00e1s musical de los postulados a las presidenciales de este 16 de noviembre en Chile. En lugar de himnos y estribillos de campa\u00f1a,&nbsp;<a href=\"https:\/\/www.france24.com\/es\/tag\/jos%C3%A9-antonio-kast\/\">Jos\u00e9 Antonio Kast<\/a>&nbsp;tiene un \u00e1lbum completo de 15 canciones, Disco Kast Vol: 5, con ritmos que van desde rock hasta reguet\u00f3n,&nbsp;<strong>un producto que lo ha hecho el m\u00e1s popular de los candidatos en Spotify.<\/strong><\/p>\n\n\n\n<figure class=\"wp-block-embed is-type-video is-provider-youtube wp-block-embed-youtube wp-embed-aspect-16-9 wp-has-aspect-ratio\"><div class=\"wp-block-embed__wrapper\">\n<iframe loading=\"lazy\" title=\"\u00bfIzquierda, derecha o extrema derecha?: las propuestas presidenciables de Chile \u2022 FRANCE 24\" width=\"640\" height=\"360\" src=\"https:\/\/www.youtube.com\/embed\/K5rYY14ECRk?feature=oembed\" frameborder=\"0\" allow=\"accelerometer; autoplay; clipboard-write; encrypted-media; gyroscope; picture-in-picture; web-share\" referrerpolicy=\"strict-origin-when-cross-origin\" allowfullscreen><\/iframe>\n<\/div><\/figure>\n\n\n\n<p>No hay que confundir la variedad de este espectro musical con amplitud.&nbsp;<strong>Kast es fiel al libreto conservador que est\u00e1 propiciando un retorno mundial de la derecha,<\/strong>&nbsp;y apegarse a \u00e9l puede hacer la diferencia en una eventual segunda vuelta con la militante comunista Jeannette Jara.<\/p>\n\n\n\n<p>Conservador de manual, tiene un sello de origen del que pocos militantes de derecha radical como \u00e9l pueden presumir:&nbsp;<strong>su padre Michael, un inmigrante alem\u00e1n que lleg\u00f3 a&nbsp;<a href=\"https:\/\/www.france24.com\/es\/tag\/chile\/\">Chile<\/a>&nbsp;despu\u00e9s de la&nbsp;<a href=\"https:\/\/www.france24.com\/es\/tag\/segunda-guerra-mundial\/\">Segunda Guerra Mundial<\/a>, fue miembro de las Juventudes Hitlerianas y militante del Partido Nazi,&nbsp;<\/strong>en el que se inscribi\u00f3 en 1942.<\/p>\n\n\n\n<p>Tiene un hermano, Michael, que fue ministro durante la&nbsp;<a href=\"https:\/\/www.france24.com\/es\/tag\/dictadura\/\">dictadura<\/a>&nbsp;de&nbsp;<a href=\"https:\/\/www.france24.com\/es\/tag\/augusto-pinochet\/\">Augusto Pinochet<\/a>. En una entrevista durante la primera de sus campa\u00f1as presidenciales, en 2017, Kast lleg\u00f3 a decir que \u201csi Pinochet estuviera vivo, votar\u00eda por m\u00ed\u201d. En 1988, \u00e9l hab\u00eda hecho lo mismo: apoy\u00f3 la opci\u00f3n del S\u00ed que ped\u00eda la continuidad del dictador en un plebiscito.<\/p>\n\n\n\n<p>No se trata solo de ret\u00f3rica: en 2021, una investigaci\u00f3n de \u2018Chilevisi\u00f3n Noticias\u2019 revel\u00f3 que durante los gobiernos de&nbsp;<a href=\"https:\/\/www.france24.com\/es\/tag\/sebasti%C3%A1n-pi%C3%B1era\/\">Sebasti\u00e1n Pi\u00f1era<\/a>,&nbsp;<strong>Kast gestion\u00f3 indultos para algunos de los reclusos del penal de Punta Peuco, donde cumplen sentencia militares y polic\u00edas de la dictadura de Pinochet<\/strong>&nbsp;convictos por cr\u00edmenes de lesa humanidad.<\/p>\n\n\n\n<figure class=\"wp-block-embed is-type-video is-provider-youtube wp-block-embed-youtube wp-embed-aspect-16-9 wp-has-aspect-ratio\"><div class=\"wp-block-embed__wrapper\">\n<iframe loading=\"lazy\" title=\"Informe desde Santiago: \u00faltimo debate presidencial evidencia diferencias entre candidatos\" width=\"640\" height=\"360\" src=\"https:\/\/www.youtube.com\/embed\/SS71kH7VmF0?feature=oembed\" frameborder=\"0\" allow=\"accelerometer; autoplay; clipboard-write; encrypted-media; gyroscope; picture-in-picture; web-share\" referrerpolicy=\"strict-origin-when-cross-origin\" allowfullscreen><\/iframe>\n<\/div><\/figure>\n\n\n\n<p>Ese mismo a\u00f1o, en plena campa\u00f1a presidencial, intent\u00f3 moderar su discurso, para evitar que su simpat\u00eda pinochetista se convirtiera en un lastre para sus opciones, pero en una pol\u00e9mica declaraci\u00f3n,&nbsp;<strong>compar\u00f3 el r\u00e9gimen militar de Chile con los gobiernos de&nbsp;<a href=\"https:\/\/www.france24.com\/es\/tag\/cuba\/\">Cuba<\/a>,&nbsp;<a href=\"https:\/\/www.france24.com\/es\/tag\/nicaragua\/\">Nicaragua<\/a>&nbsp;y&nbsp;<a href=\"https:\/\/www.france24.com\/es\/tag\/venezuela\/\">Venezuela<\/a>,&nbsp;<\/strong>y lo defendi\u00f3 diciendo que \u201cno se encerr\u00f3 a los opositores\u201d.<\/p>\n\n\n\n<p>\u201cD\u00edgame si las dictaduras entregan el poder a la democracia y si hacen una transici\u00f3n a la democracia y se respeta. Eso es lo que no hacen otros pa\u00edses y en Chile se hizo\u201d, asegur\u00f3 Kast.<\/p>\n\n\n\n<p>M\u00e1s recientemente, se burl\u00f3 del proyecto del presidente saliente&nbsp;<a href=\"https:\/\/www.france24.com\/es\/tag\/gabriel-boric\/\">Gabriel Boric<\/a>&nbsp;de convertir a Punta Peuco en una penitenciar\u00eda com\u00fan, luego de a\u00f1os de denuncias sobre los privilegios de los que gozan sus reos: \u201cEl presidente est\u00e1 de salida y todo lo que hace es pensando en su supuesto legado, pero es tarde\u201d.<\/p>\n\n\n\n<h2 class=\"wp-block-heading\"><strong>\u00abEs un hombre\u00bb, \u00abes solo una mujer\u00bb<\/strong><\/h2>\n\n\n\n<p>Kast ya ha sentido el peso de sus dichos en el pasado. En la campa\u00f1a por la presidencia en 2021, que perdi\u00f3 en el balotaje ante Boric, tuvo que rectificar una columna de opini\u00f3n publicada tres a\u00f1os antes, cuando todo Chile celebraba el triunfo de la pel\u00edcula \u2018Una mujer fant\u00e1stica\u2019 en los premios \u00d3scar de la Academia.<\/p>\n\n\n\n<p>\u201cEs un hombre\u201d, sostuvo en ese art\u00edculo, refiri\u00e9ndose a la actriz y cantante trans Daniela Vega, protagonista de la cinta. En el \u00faltimo debate antes de la segunda vuelta, reconoci\u00f3 que no volver\u00eda a escribir una pieza \u201cen estos t\u00e9rminos\u201d.<\/p>\n\n\n\n<p>Como diputado, Kast estuvo en contra de la reforma de la Ley de Matrimonio Civil que introduc\u00eda la figura del divorcio en el c\u00f3digo civil chileno. \u201cLa familia jam\u00e1s le ha hecho da\u00f1o a ninguna sociedad en el mundo, no podemos decir lo mismo del divorcio\u201d, dijo en 2004, mientras se discut\u00eda la iniciativa.<\/p>\n\n\n\n<p>Tambi\u00e9n combati\u00f3 la despenalizaci\u00f3n del aborto y la distribuci\u00f3n de la p\u00edldora del d\u00eda despu\u00e9s.<strong>&nbsp;\u201cEs una maquinaci\u00f3n intelectual decir que la mujer tiene derecho sobre su cuerpo\u201d, dijo en 2016.<\/strong><\/p>\n\n\n\n<p>Durante las discusiones de la Ley de&nbsp;<a href=\"https:\/\/www.france24.com\/es\/tag\/identidad\/\">Identidad<\/a>&nbsp;de G\u00e9nero, que permite cambiar el sexo registral en documentos oficiales, tuvo intervenciones en contra (\u201c\u00bfQu\u00e9 pasar\u00e1 en el caso de las personas que tengan un trastorno mental y vayan al Registro Civil, porque son mayores de edad, y soliciten cambiar su sexo registral?\u201d), pero luego reconoci\u00f3 que \u201cclaramente cualquier persona es digna de derechos y reconocimiento en su dignidad\u201d.<\/p>\n\n\n\n<figure class=\"wp-block-embed is-type-video is-provider-youtube wp-block-embed-youtube wp-embed-aspect-16-9 wp-has-aspect-ratio\"><div class=\"wp-block-embed__wrapper\">\n<iframe loading=\"lazy\" title=\"Elecciones y auge de la extrema derecha, temas presentes en la marcha del orgullo LGBTIQ+ en Chile\" width=\"640\" height=\"360\" src=\"https:\/\/www.youtube.com\/embed\/h0F6UGgNZ_M?feature=oembed\" frameborder=\"0\" allow=\"accelerometer; autoplay; clipboard-write; encrypted-media; gyroscope; picture-in-picture; web-share\" referrerpolicy=\"strict-origin-when-cross-origin\" allowfullscreen><\/iframe>\n<\/div><\/figure>\n\n\n\n<p>Sobre la aprobaci\u00f3n del matrimonio igualitario, que se produjo en plena campa\u00f1a presidencial de 2021, afirm\u00f3: \u201cSoy un partidario de un matrimonio entre un hombre y una mujer, pero tambi\u00e9n soy un dem\u00f3crata. Por lo tanto, si el parlamento se pronuncia a favor del matrimonio igualitario, bueno, va a ser ley\u201d.<\/p>\n\n\n\n<p>Las dos mujeres que enfrentan a Kast en la primera vuelta de las elecciones, Jeannette Jara y la representante de la derecha tradicional&nbsp;<a href=\"https:\/\/www.france24.com\/es\/tag\/evelyn-matthei\/\">Evelyn Matthei<\/a>, han se\u00f1alado a Kast de orquestar campa\u00f1as en su contra a trav\u00e9s de redes sociales.<\/p>\n\n\n\n<p>En el caso de la primera se han difundido noticias falsas sobre supuestos enjuiciamientos por malversaci\u00f3n y en el de la segunda se han hecho se\u00f1alamientos de que padece Alzheimer.<\/p>\n\n\n\n<p>Un reportaje de \u2018Chilevisi\u00f3n\u2019 identific\u00f3 un hilo com\u00fan entre las campa\u00f1as de desinformaci\u00f3n: una red de bots supuestamente organizada por el periodista Patricio G\u00f3ngora, cercano a Kast, que calific\u00f3 la versi\u00f3n como \u201cla mentira de la semana\u201d.<\/p>\n\n\n\n<h2 class=\"wp-block-heading\"><strong>Los factores del repunte<\/strong><\/h2>\n\n\n\n<p>Lastrado en el pasado por sus posturas ultraconservadoras, Kast puede haber encontrado el momento hist\u00f3rico perfecto para convertirse en una opci\u00f3n.<\/p>\n\n\n\n<figure class=\"wp-block-embed is-type-video is-provider-youtube wp-block-embed-youtube wp-embed-aspect-16-9 wp-has-aspect-ratio\"><div class=\"wp-block-embed__wrapper\">\n<iframe loading=\"lazy\" title=\"La cuesti\u00f3n de la seguridad se apodera de la campa\u00f1a presidencial en Chile \u2022 FRANCE 24 Espa\u00f1ol\" width=\"640\" height=\"360\" src=\"https:\/\/www.youtube.com\/embed\/4njy-fwxu5Y?feature=oembed\" frameborder=\"0\" allow=\"accelerometer; autoplay; clipboard-write; encrypted-media; gyroscope; picture-in-picture; web-share\" referrerpolicy=\"strict-origin-when-cross-origin\" allowfullscreen><\/iframe>\n<\/div><\/figure>\n\n\n\n<p>Su discurso de \u201corden y progreso\u201d&nbsp;<strong>es ahora una promesa de mano dura contra la delincuencia y la&nbsp;<a href=\"https:\/\/www.france24.com\/es\/tag\/migraci%C3%B3n\/\">migraci\u00f3n<\/a>,&nbsp;<\/strong>y ha encontrado eco en un pa\u00eds sacudido por la&nbsp;<a href=\"https:\/\/www.france24.com\/es\/tag\/violencia\/\">violencia<\/a>&nbsp;urbana y, sobre todo, por la percepci\u00f3n de inseguridad.<\/p>\n\n\n\n<p>Si bien Chile sigue teniendo una de las tasas de homicidios m\u00e1s bajas de&nbsp;<a href=\"https:\/\/www.france24.com\/es\/tag\/am%C3%A9rica-latina\/\">Am\u00e9rica Latina<\/a>&nbsp;(seis por cada 100.000 habitantes, seg\u00fan el Banco Mundial), en los \u00faltimos a\u00f1os se han incrementado delitos como el secuestro, la extorsi\u00f3n y los robos a viviendas, una tendencia que las autoridades policiales han atribuido al \u201ccrimen organizado transnacional\u201d.<\/p>\n\n\n\n<p>\u00abChile no est\u00e1 condenado al caos ni a la mediocridad, est\u00e1 destinado a la grandeza\u00bb, proclam\u00f3 Kast durante su cierre de campa\u00f1a, en el que asegur\u00f3 que \u201ca la tercera va la vencida\u201d, en alusi\u00f3n a sus postulaciones presidenciales.<\/p>\n\n\n\n<figure class=\"wp-block-embed is-type-rich is-provider-twitter wp-block-embed-twitter\"><div class=\"wp-block-embed__wrapper\">\n<blockquote class=\"twitter-tweet\" data-width=\"550\" data-dnt=\"true\"><p lang=\"es\" dir=\"ltr\">Somos nosotros los que vamos a derrotar a la izquierda y levantar a Chile. \ud83d\udcaa\ud83c\udde8\ud83c\uddf1<br>Porque nuestro pa\u00eds no est\u00e1 condenado al caos ni a la mediocridad. Chile est\u00e1 llamado a la grandeza, y juntos la vamos a recuperar. <a href=\"https:\/\/twitter.com\/hashtag\/KastPresidente?src=hash&amp;ref_src=twsrc%5Etfw\">#KastPresidente<\/a> <a href=\"https:\/\/t.co\/LWIdWbFW2h\">pic.twitter.com\/LWIdWbFW2h<\/a><\/p>&mdash; OPE (@OPE_Chile) <a href=\"https:\/\/twitter.com\/OPE_Chile\/status\/1988419332712657004?ref_src=twsrc%5Etfw\">November 12, 2025<\/a><\/blockquote><script async src=\"https:\/\/platform.twitter.com\/widgets.js\" charset=\"utf-8\"><\/script>\n<\/div><\/figure>\n\n\n\n<p>El republicano promete un gobierno de emergencia nacional, durante el cual&nbsp;<strong>pretende poner en pr\u00e1ctica un ambicioso recorte fiscal de 6.000 millones de d\u00f3lares en 18 meses<\/strong>, privatizar la industria estatal de cobre y reducir el papel del Estado en la econom\u00eda.<\/p>\n\n\n\n<p>Sus propuestas m\u00e1s radicales son las de seguridad, como impulsar la \u201cpresunci\u00f3n legal de defensa en casos cr\u00edticos\u201d, para evitar la criminalizaci\u00f3n de aquellos que recurran a sus propios medios para defenderse de la delincuencia, una tendencia cada vez mayor.<\/p>\n\n\n\n<p>Tambi\u00e9n est\u00e1 a favor de aumentar la presencia policial e incluso militar en sectores que se consideren \u201cbajo el dominio del narco\u201d.<\/p>\n\n\n\n<p>Y como el desierto no ha resultado suficientemente disuasivo, repite su propuesta de las campa\u00f1as de 2017 y 2021 de excavar una zanja, al estilo del muro del primer gobierno de Trump, para frenar la&nbsp;<a href=\"https:\/\/www.france24.com\/es\/tag\/migraci%C3%B3n\/\">migraci\u00f3n<\/a>&nbsp;desde Bolivia y Per\u00fa.<\/p>\n\n\n\n<p>Pero ahora<strong>&nbsp;agrega la f\u00f3rmula de retirar \u201clos beneficios a los inmigrantes irregulares que est\u00e9n en&nbsp;<a href=\"https:\/\/www.france24.com\/es\/tag\/chile\/\">Chile<\/a>&nbsp;en \u00e1reas de salud, en \u00e1reas de vivienda, en \u00e1reas de educaci\u00f3n\u201d,<\/strong>&nbsp;como declar\u00f3 tras un acto de campa\u00f1a.<\/p>\n\n\n\n<p>Sin importar las manchas del pasado, una eventual segunda vuelta lo ver\u00eda con la primera opci\u00f3n, si es que otros factores de la derecha, como el libertario&nbsp;<a href=\"https:\/\/www.france24.com\/es\/tag\/johannes-kaiser\/\">Johannes Kaiser<\/a>, le transfieren su apoyo.<\/p>\n\n\n\n<p>Con AP, Reuters, EFE y medios locales<\/p>\n\n\n\n<p>Nota publicada en: <a href=\"https:\/\/www.france24.com\/es\/am%C3%A9rica-latina\/20251113-jos%C3%A9-antonio-kast-hijo-de-un-militante-nazi-se-juega-su-tercer-intento-por-la-presidencia-de-chile?source=twitter\">https:\/\/www.france24.com\/es\/am%C3%A9rica-latina\/20251113-jos%C3%A9-antonio-kast-hijo-de-un-militante-nazi-se-juega-su-tercer-intento-por-la-presidencia-de-chile?source=twitter<\/a><\/p>\n","protected":false},"excerpt":{"rendered":"<p>Tres veces ha intentado llegar a la Presidencia de Chile el l\u00edder del Partido Republicano Jos\u00e9 Antonio Kast, pero nunca como en este tercer intento sus opciones fueron tan auspiciosas. El pol\u00edtico conservador, hijo de inmigrantes alemanes y admirador de Jair Bolsonaro y Donald Trump, se acerca a su electorado con un \u00e1lbum de m\u00fasica&#8230;<\/p>\n","protected":false},"author":1,"featured_media":11117,"comment_status":"open","ping_status":"open","sticky":false,"template":"","format":"standard","meta":{"_monsterinsights_skip_tracking":false,"_monsterinsights_sitenote_active":false,"_monsterinsights_sitenote_note":"","_monsterinsights_sitenote_category":0,"footnotes":"","jetpack_publicize_message":"","jetpack_publicize_feature_enabled":true,"jetpack_social_post_already_shared":true,"jetpack_social_options":{"image_generator_settings":{"template":"highway","default_image_id":0,"font":"","enabled":false},"version":2}},"categories":[7],"tags":[],"class_list":["post-11116","post","type-post","status-publish","format-standard","has-post-thumbnail","hentry","category-mundo"],"jetpack_publicize_connections":[],"_links":{"self":[{"href":"https:\/\/www.enorsai.com\/noticias\/wp-json\/wp\/v2\/posts\/11116","targetHints":{"allow":["GET"]}}],"collection":[{"href":"https:\/\/www.enorsai.com\/noticias\/wp-json\/wp\/v2\/posts"}],"about":[{"href":"https:\/\/www.enorsai.com\/noticias\/wp-json\/wp\/v2\/types\/post"}],"author":[{"embeddable":true,"href":"https:\/\/www.enorsai.com\/noticias\/wp-json\/wp\/v2\/users\/1"}],"replies":[{"embeddable":true,"href":"https:\/\/www.enorsai.com\/noticias\/wp-json\/wp\/v2\/comments?post=11116"}],"version-history":[{"count":1,"href":"https:\/\/www.enorsai.com\/noticias\/wp-json\/wp\/v2\/posts\/11116\/revisions"}],"predecessor-version":[{"id":11118,"href":"https:\/\/www.enorsai.com\/noticias\/wp-json\/wp\/v2\/posts\/11116\/revisions\/11118"}],"wp:featuredmedia":[{"embeddable":true,"href":"https:\/\/www.enorsai.com\/noticias\/wp-json\/wp\/v2\/media\/11117"}],"wp:attachment":[{"href":"https:\/\/www.enorsai.com\/noticias\/wp-json\/wp\/v2\/media?parent=11116"}],"wp:term":[{"taxonomy":"category","embeddable":true,"href":"https:\/\/www.enorsai.com\/noticias\/wp-json\/wp\/v2\/categories?post=11116"},{"taxonomy":"post_tag","embeddable":true,"href":"https:\/\/www.enorsai.com\/noticias\/wp-json\/wp\/v2\/tags?post=11116"}],"curies":[{"name":"wp","href":"https:\/\/api.w.org\/{rel}","templated":true}]}}