{"id":11091,"date":"2025-11-17T23:43:08","date_gmt":"2025-11-18T02:43:08","guid":{"rendered":"https:\/\/www.enorsai.com\/noticias\/?p=11091"},"modified":"2025-11-18T05:56:31","modified_gmt":"2025-11-18T08:56:31","slug":"bullrich-presento-una-denuncia-penal-contra-el-titular-de-ate-para-intentar-disciplinar-la-protesta-sindical","status":"publish","type":"post","link":"https:\/\/www.enorsai.com\/noticias\/politica\/bullrich-presento-una-denuncia-penal-contra-el-titular-de-ate-para-intentar-disciplinar-la-protesta-sindical\/","title":{"rendered":"Bullrich present\u00f3 una denuncia penal contra el titular de ATE para intentar disciplinar la protesta sindical"},"content":{"rendered":"\n<p>El Ministerio de Seguridad present\u00f3 una denuncia penal contra el secretario general de ATE, Rodolfo Aguiar, acus\u00e1ndolo de \u201camenazar\u201d al Gobierno tras sus cr\u00edticas a la reforma laboral. La ofensiva judicial se enmarca en un clima de creciente confrontaci\u00f3n con el sindicalismo.<br \/><br \/>La cartera de Patricia Bullrich, a trav\u00e9s del abogado Fernando Soto, formaliz\u00f3 una acusaci\u00f3n basada en los art\u00edculos 226 y 226 bis del C\u00f3digo Penal. El Gobierno interpreta declaraciones del dirigente estatal como un intento de \u201cprovocar la crisis del Gobierno\u201d. La reacci\u00f3n oficial profundiza el choque entre la gesti\u00f3n de Javier Milei y los gremios en medio de la discusi\u00f3n por una reforma laboral sin consensos.<br \/><br \/>El Gobierno de Javier Milei volvi\u00f3 a tensar la relaci\u00f3n con el movimiento sindical. Esta vez, la ofensiva lleg\u00f3 en forma de denuncia penal contra el secretario general de la Asociaci\u00f3n de Trabajadores del Estado (ATE), Rodolfo Aguiar. El Ministerio de Seguridad Nacional, conducido por Patricia Bullrich, acus\u00f3 al dirigente de \u201catentar contra el orden constitucional y la vida democr\u00e1tica\u201d, una figura penal de extrema gravedad que expone el clima pol\u00edtico en el que intenta avanzar la administraci\u00f3n libertaria con su reforma laboral.<br \/><br \/>El documento, al que accedi\u00f3 la Agencia Noticias Argentinas, fue presentado por el abogado Fernando Oscar Soto, quien afirm\u00f3 que actu\u00f3 por \u201corden expresa\u201d de Bullrich. All\u00ed asegura que Aguiar incurri\u00f3 en un delito al afirmar p\u00fablicamente: \u201cMi trabajo, nuestro trabajo, es provocar la crisis de este gobierno\u201d. La frase fue pronunciada en el marco de un reportaje sobre el inminente env\u00edo al Congreso del proyecto de reforma laboral que impulsa Milei, un texto todav\u00eda rodeado de borradores, trascendidos y contradicciones internas.<br \/><br \/>Para el Gobierno, esas declaraciones constituyen una \u201camenaza p\u00fablica e id\u00f3nea\u201d dirigida a impedir que el Presidente pueda ejercer sus facultades constitucionales. Seg\u00fan Soto, Aguiar habr\u00eda instado a \u201cponer en crisis\u201d al Gobierno, afectando el mandato popular. Se trata de una interpretaci\u00f3n r\u00edgida, casi forzada, que transforma una frase pol\u00edtica \u2014dura, sin duda\u2014 en un supuesto ataque contra las instituciones.<br \/><br \/>Resulta imposible ignorar la carga emocional que atraviesa la denuncia. El escrito no se limita a describir hechos ni a ofrecer un an\u00e1lisis jur\u00eddico: construye una imputaci\u00f3n que busca mostrar al sindicalismo estatal como una amenaza y no como un actor pol\u00edtico leg\u00edtimo. La estrategia coincide con la narrativa oficial que desde el inicio del gobierno intenta presentar a sindicatos, universidades, movimientos sociales y organizaciones de derechos humanos como obst\u00e1culos para \u201cel cambio\u201d.<br \/><br \/>Pero la situaci\u00f3n es m\u00e1s compleja. No existe un proyecto final de reforma laboral circulando formalmente; lo que hay, como se\u00f1al\u00f3 el dirigente de la CGT Jorge Sola en otro tramo de la cobertura de Agencia NA, son versiones cruzadas, rumores y borradores que el propio Ejecutivo filtra y desmiente. La denuncia contra Aguiar ocurre, entonces, en un marco de incertidumbre institucional donde las reglas del juego no est\u00e1n claras.<br \/><br \/>La administraci\u00f3n Milei parece apostar por una mezcla peligrosa: disciplinamiento judicial y presi\u00f3n medi\u00e1tica. Al acusar penalmente a un dirigente gremial por declaraciones pol\u00edticas, el Gobierno introduce un precedente alarmante. La democracia argentina sostiene hace d\u00e9cadas que la protesta, la cr\u00edtica y la confrontaci\u00f3n discursiva forman parte del debate p\u00fablico. Sin embargo, el Ministerio de Seguridad pretende convertir ese ejercicio en un delito equiparable a un atentado contra el orden constitucional.<br \/><br \/>Es dif\u00edcil no leer esta denuncia como un intento de intimidaci\u00f3n y un mensaje hacia todo el sindicalismo. La frase de Aguiar puede resultar explosiva, exagerada o incluso imprudente, pero la respuesta del Gobierno es desproporcionada y revela un enfoque punitivista que prioriza la persecuci\u00f3n sobre el debate democr\u00e1tico. En un contexto donde la conflictividad social crece y las medidas de ajuste impactan sobre salarios, empleo, sectores vulnerables y servicios p\u00fablicos, abrir una causa penal contra un dirigente gremial no parece destinado a resolver nada, sino a escalar la tensi\u00f3n.<br \/><br \/>El propio escrito firmado por Soto reconoce la gravedad de la figura penal que se intenta aplicar: los art\u00edculos 226 y 226 bis del C\u00f3digo Penal est\u00e1n dise\u00f1ados para delitos grav\u00edsimos, vinculados a intentos reales de subvertir el orden constitucional. Equiparar esa figura a una declaraci\u00f3n en un reportaje resulta, cuanto menos, un salto jur\u00eddico arriesgado. El Gobierno, en lugar de buscar canales de di\u00e1logo o espacios institucionales para discutir la reforma laboral, opta por judicializar las tensiones y convertir a los l\u00edderes sindicales en enemigos del Estado.<br \/><br \/>La denuncia cierra con un pedido formal: iniciar un sumario penal contra el titular de ATE. Es un paso que, de avanzar, configurar\u00eda una escalada institucional sin precedentes en la era Milei. Porque una cosa es discutir pol\u00edtica, confrontar ideas o negociar reformas; otra muy distinta es considerar delito cualquier expresi\u00f3n sindical que incomode al poder.<br \/><br \/>Lo que est\u00e1 en juego no es solo la figura de Aguiar. Se discute el alcance real del derecho a la protesta y el tipo de democracia que el Gobierno pretende consolidar. \u00bfUna donde la palabra cr\u00edtica se judicializa? \u00bfUna donde los sindicatos pueden ser llevados a tribunales por cuestionar una reforma laboral? \u00bfUna donde el debate p\u00fablico es reemplazado por denuncias penales? La respuesta, aunque incierta, asoma inquietante.<br \/><br \/>En este punto, la denuncia tambi\u00e9n expone la l\u00f3gica de la ministra Bullrich, quien desde su llegada al gabinete ha promovido un enfoque de seguridad interior que no distingue entre conflicto social y delito penal. Bajo esta visi\u00f3n, la protesta se equipara a la amenaza, y la oposici\u00f3n sindical a un intento de desestabilizaci\u00f3n. Una lectura peligrosa en un pa\u00eds que ha construido su sistema democr\u00e1tico sobre la base del pluralismo y la negociaci\u00f3n.<br \/><br \/>La ofensiva judicial contra Aguiar se suma a un clima general donde el Gobierno avanza con una reforma laboral sin consensos, donde ni empleadores ni trabajadores conocen los detalles y donde la propia CGT denuncia improvisaci\u00f3n y falta de di\u00e1logo. En ese escenario, la denuncia aparece como un movimiento pol\u00edtico m\u00e1s que jur\u00eddico: un intento de disciplinar y advertir.<br \/><br \/>La democracia requiere debates inc\u00f3modos, pero libres. Y requiere sindicatos fuertes, no amedrentados. El Gobierno deber\u00eda recordar que la historia argentina demuestra que criminalizar la protesta nunca resolvi\u00f3 una crisis, pero s\u00ed abri\u00f3 otras m\u00e1s profundas.<br \/><br \/><br \/><\/p>\n\n\n\n<p>Fuente <\/p>\n\n\n\n<p>.https:\/\/noticiasargentinas.com\/politica\/el-ministerio-de-seguridad-denuncio-al-secretario-general-de-ate-por&#8211;atentar-contra-el-orden-constitucional-_a691b30f45a069656dafeac70?output=amp<\/p>\n","protected":false},"excerpt":{"rendered":"<p>El Ministerio de Seguridad present\u00f3 una denuncia penal contra el secretario general de ATE, Rodolfo Aguiar, acus\u00e1ndolo de \u201camenazar\u201d al Gobierno tras sus cr\u00edticas a la reforma laboral. La ofensiva judicial se enmarca en un clima de creciente confrontaci\u00f3n con el sindicalismo. La cartera de Patricia Bullrich, a trav\u00e9s del abogado Fernando Soto, formaliz\u00f3 una&#8230;<\/p>\n","protected":false},"author":1,"featured_media":11114,"comment_status":"open","ping_status":"open","sticky":false,"template":"","format":"standard","meta":{"_monsterinsights_skip_tracking":false,"_monsterinsights_sitenote_active":false,"_monsterinsights_sitenote_note":"","_monsterinsights_sitenote_category":0,"footnotes":"","jetpack_publicize_message":"","jetpack_publicize_feature_enabled":true,"jetpack_social_post_already_shared":true,"jetpack_social_options":{"image_generator_settings":{"template":"highway","default_image_id":0,"font":"","enabled":false},"version":2}},"categories":[2],"tags":[],"class_list":["post-11091","post","type-post","status-publish","format-standard","has-post-thumbnail","hentry","category-politica"],"jetpack_publicize_connections":[],"_links":{"self":[{"href":"https:\/\/www.enorsai.com\/noticias\/wp-json\/wp\/v2\/posts\/11091","targetHints":{"allow":["GET"]}}],"collection":[{"href":"https:\/\/www.enorsai.com\/noticias\/wp-json\/wp\/v2\/posts"}],"about":[{"href":"https:\/\/www.enorsai.com\/noticias\/wp-json\/wp\/v2\/types\/post"}],"author":[{"embeddable":true,"href":"https:\/\/www.enorsai.com\/noticias\/wp-json\/wp\/v2\/users\/1"}],"replies":[{"embeddable":true,"href":"https:\/\/www.enorsai.com\/noticias\/wp-json\/wp\/v2\/comments?post=11091"}],"version-history":[{"count":1,"href":"https:\/\/www.enorsai.com\/noticias\/wp-json\/wp\/v2\/posts\/11091\/revisions"}],"predecessor-version":[{"id":11101,"href":"https:\/\/www.enorsai.com\/noticias\/wp-json\/wp\/v2\/posts\/11091\/revisions\/11101"}],"wp:featuredmedia":[{"embeddable":true,"href":"https:\/\/www.enorsai.com\/noticias\/wp-json\/wp\/v2\/media\/11114"}],"wp:attachment":[{"href":"https:\/\/www.enorsai.com\/noticias\/wp-json\/wp\/v2\/media?parent=11091"}],"wp:term":[{"taxonomy":"category","embeddable":true,"href":"https:\/\/www.enorsai.com\/noticias\/wp-json\/wp\/v2\/categories?post=11091"},{"taxonomy":"post_tag","embeddable":true,"href":"https:\/\/www.enorsai.com\/noticias\/wp-json\/wp\/v2\/tags?post=11091"}],"curies":[{"name":"wp","href":"https:\/\/api.w.org\/{rel}","templated":true}]}}