{"id":11085,"date":"2025-11-16T14:03:30","date_gmt":"2025-11-16T17:03:30","guid":{"rendered":"https:\/\/www.enorsai.com\/noticias\/?p=11085"},"modified":"2025-11-18T05:57:05","modified_gmt":"2025-11-18T08:57:05","slug":"en-alemania-estaria-preso-h-i-j-o-s-exige-la-renuncia-de-alberto-banos-por-su-negacionismo-en-la-onu","status":"publish","type":"post","link":"https:\/\/www.enorsai.com\/noticias\/derechos-humanos\/en-alemania-estaria-preso-h-i-j-o-s-exige-la-renuncia-de-alberto-banos-por-su-negacionismo-en-la-onu\/","title":{"rendered":"\u00a1En Alemania estar\u00eda preso! H.I.J.O.S. exige la renuncia de Alberto Ba\u00f1os por su negacionismo en la ONU"},"content":{"rendered":"\n<p>H.I.J.O.S. repudi\u00f3 el discurso del subsecretario Alberto Ba\u00f1os en el Comit\u00e9 contra la Tortura de la ONU, donde relativiz\u00f3 la cifra de 30.000 desaparecidos, neg\u00f3 el vaciamiento del \u00e1rea y acus\u00f3 a organismos de \u201chumillar a la Argentina\u201d. El episodio desat\u00f3 una ola de indignaci\u00f3n y profundiza la crisis del Gobierno de Javier Milei en materia de derechos humanos.<br \/><br \/>El funcionario, un exjuez vinculado a pr\u00e1cticas de la \u201cvieja guardia judicial\u201d e hist\u00f3rico opositor a los organismos de derechos humanos, represent\u00f3 al pa\u00eds en Ginebra con un discurso que fue calificado como \u201cnegacionismo de Estado\u201d. H.I.J.O.S., Abuelas de Plaza de Mayo y m\u00faltiples entidades exigieron su renuncia inmediata y denunciaron el vaciamiento del \u00e1rea bajo el gobierno de Milei.<br \/><br \/>La intervenci\u00f3n de Alberto Ba\u00f1os ante el Comit\u00e9 contra la Tortura de Naciones Unidas no pas\u00f3 desapercibida. De hecho, provoc\u00f3 una tormenta pol\u00edtica, institucional y emocional que todav\u00eda no amaina. Su discurso, pronunciado el 14 de noviembre de 2025 en Ginebra, no s\u00f3lo cuestion\u00f3 la cifra hist\u00f3rica de 30.000 desaparecidos sino que, adem\u00e1s, acus\u00f3 a los organismos de derechos humanos de querer \u201cver a la Argentina de rodillas\u201d frente al sistema internacional. Las palabras no s\u00f3lo escandalizaron a los presentes \u2014expertos de la ONU incluidos\u2014 sino que reabrieron heridas profundas en un pa\u00eds donde la memoria es un pilar democr\u00e1tico.<br \/>Y todo esto mientras el gobierno de Javier Milei intenta sostener, con cada vez menos credibilidad, la ficci\u00f3n de que no existe un vaciamiento del \u00e1rea.<br \/><br \/>La reacci\u00f3n fue inmediata. La Red Nacional de H.I.J.O.S., un organismo emblem\u00e1tico en la lucha por Memoria, Verdad y Justicia, emiti\u00f3 un repudio categ\u00f3rico exigiendo la renuncia inmediata de Ba\u00f1os. No lo hicieron con frases tibias: acusaron al subsecretario de mentir en un foro internacional, de banalizar el terrorismo de Estado y de agraviar a las v\u00edctimas al desconocer la cifra que sintetiza el horror de la \u00faltima dictadura. La contundencia del reclamo refleja no solo la gravedad del acto, sino la acumulaci\u00f3n de tensiones generadas por la pol\u00edtica de derechos humanos del gobierno libertario.<\/p>\n\n\n\n<figure class=\"wp-block-embed is-type-rich is-provider-twitter wp-block-embed-twitter\"><div class=\"wp-block-embed__wrapper\">\n<blockquote class=\"twitter-tweet\" data-width=\"550\" data-dnt=\"true\"><p lang=\"es\" dir=\"ltr\">Pedido de renuncia de Alberto Ba\u00f1os, subsecretario de Derechos Humanos de la Naci\u00f3n<br> <br>La Red Nacional de H.I.J.O.S. repudia y pide la renuncia del subsecretario de Derechos Humanos de Naci\u00f3n, Alberto Ba\u00f1os ante las expresiones vertidas en la ONU. <a href=\"https:\/\/t.co\/xhnQQISzoL\">pic.twitter.com\/xhnQQISzoL<\/a><\/p>&mdash; H.I.J.O.S. La Plata (@HIJOSLP) <a href=\"https:\/\/twitter.com\/HIJOSLP\/status\/1989860419788550568?ref_src=twsrc%5Etfw\">November 16, 2025<\/a><\/blockquote><script async src=\"https:\/\/platform.twitter.com\/widgets.js\" charset=\"utf-8\"><\/script>\n<\/div><\/figure>\n\n\n\n<p><br><br>Ba\u00f1os no es un improvisado. Su trayectoria \u2014anclada en la estructura judicial que supo coexistir con los silencios de los a\u00f1os m\u00e1s oscuros\u2014 ya arrastraba pol\u00e9micas. Fue juez federal durante d\u00e9cadas, ingres\u00f3 al Poder Judicial en plena dictadura, renunci\u00f3 en 2023 en medio de cr\u00edticas por su rol en la causa por la desaparici\u00f3n de Arshak Karhanyan y, pese a su historial controvertido, Milei lo eligi\u00f3 para conducir la Secretar\u00eda de Derechos Humanos.<br>En mayo de 2025 el organismo fue degradado a Subsecretar\u00eda, con un presupuesto reducido casi a la mitad, y aun as\u00ed Ba\u00f1os permaneci\u00f3 en su cargo, ahora \u201cad honorem\u201d, como si ese detalle purificara el vaciamiento que \u00e9l mismo contribuy\u00f3 a ejecutar.<br><br>La crisis que estalla ahora no surge de un repentino exabrupto, sino de la acumulaci\u00f3n sistem\u00e1tica de decisiones que desmantelaron la pol\u00edtica p\u00fablica en derechos humanos. Desde despidos masivos hasta retiros \u201cvoluntarios\u201d forzados; desde el cierre temporal del Centro Cultural Haroldo Conti en la ex-ESMA hasta la reestructuraci\u00f3n del Archivo Nacional de la Memoria bajo el paraguas del CIPDH, un organismo ajeno a la tradici\u00f3n argentina en la materia. Todo esto acompa\u00f1ado de un recorte presupuestario del 40% que paraliz\u00f3 programas, afect\u00f3 el acompa\u00f1amiento psicol\u00f3gico a v\u00edctimas \u2014como ocurre con el Centro Fernando Ulloa\u2014 y dej\u00f3 en evidencia la falta de compromiso estatal con sus obligaciones hist\u00f3ricas.<br><br>Ante este escenario, Ba\u00f1os viaj\u00f3 a Ginebra acompa\u00f1ado por funcionarios del \u00e1rea de Seguridad y de Asuntos Penitenciarios, pero sin representantes de organismos de memoria ni expertos en derechos humanos. Su discurso \u2014afirmando que no existe vaciamiento alguno, que las denuncias de abusos policiales son exageraciones y que la cifra de desaparecidos es una \u201cconstrucci\u00f3n\u201d\u2014 termin\u00f3 de confirmar lo que ya era evidente: el gobierno de Milei est\u00e1 decidido a romper la pol\u00edtica de Estado construida a lo largo de cuatro d\u00e9cadas.<br><br>La incredulidad de los expertos del Comit\u00e9 contra la Tortura fue palpable. Preguntaron por la represi\u00f3n a manifestaciones sociales, por el agravamiento de las condiciones en comisar\u00edas y c\u00e1rceles, por las denuncias del CELS y de la ATE sobre desidia institucional. Ba\u00f1os respondi\u00f3 atacando a quienes exponen esas irregularidades, acus\u00e1ndolos de operar \u201ccontra la patria\u201d.<br>Esa postura \u2014m\u00e1s cercana al cinismo de los a\u00f1os de plomo que a la pol\u00edtica diplom\u00e1tica argentina\u2014 gener\u00f3 un revuelo que ya se refleja en redes sociales, donde miles de usuarios expresaron su indignaci\u00f3n. Un posteo de la periodista Luciana Bertoia super\u00f3 las 3.000 interacciones en pocas horas, calificando el episodio como \u201chist\u00f3rico, no en el buen sentido\u201d.<br><br>Los organismos no tardaron en reaccionar. H.I.J.O.S., Abuelas, Madres L\u00ednea Fundadora, el CELS y m\u00faltiples entidades sociales calificaron lo sucedido como un \u201cacto de negacionismo de Estado\u201d. Recordaron que ninguno de los recortes denunciados por empleados \u2014despidos, cierre de programas, reducci\u00f3n de presupuesto y precarizaci\u00f3n de sitios de memoria\u2014 fue mencionado por Ba\u00f1os en su intervenci\u00f3n. Denunciaron que el gobierno libertario est\u00e1 debilitando la estructura estatal creada para garantizar justicia y reparaci\u00f3n, y que hacerlo mientras se niega la cifra de desaparecidos constituye una agresi\u00f3n directa a la memoria del pa\u00eds.<br><br>La crisis, adem\u00e1s, no se limita al \u00e1mbito dom\u00e9stico. La ONU deber\u00e1 emitir un informe final en 2026 donde evaluar\u00e1 la explicaci\u00f3n del gobierno argentino sobre tortura, abuso policial y retrocesos en derechos humanos. El discurso de Ba\u00f1os no s\u00f3lo complic\u00f3 la posici\u00f3n diplom\u00e1tica del pa\u00eds, sino que puede derivar en recomendaciones duras que afecten la imagen internacional de la administraci\u00f3n Milei, un gobierno que ya enfrenta cuestionamientos en materia econ\u00f3mica, social y laboral.<\/p>\n\n\n\n<p>La gravedad del discurso de Alberto Ba\u00f1os se vuelve a\u00fan m\u00e1s evidente cuando se lo compara con los est\u00e1ndares internacionales m\u00e1s estrictos en materia de memoria y derechos humanos. En pa\u00edses como Alemania \u2014cuya legislaci\u00f3n surgi\u00f3 del consenso democr\u00e1tico para impedir el resurgimiento de discursos que relativicen o banalicen los cr\u00edmenes del nazismo\u2014 manifestaciones negacionistas como las expresadas por el funcionario argentino no son s\u00f3lo consideradas una provocaci\u00f3n pol\u00edtica, sino directamente un delito. Cualquier intento de poner en duda cifras oficiales sobre genocidios o de atacar p\u00fablicamente a los organismos que custodian la memoria hist\u00f3rica constituye all\u00ed una agresi\u00f3n a la democracia en s\u00ed misma, sancionada con penas de prisi\u00f3n porque se considera que ese tipo de discursos amenaza la convivencia social y habilita el retorno de ideolog\u00edas violentas.<br><br>Desde ese prisma, el comportamiento de Ba\u00f1os en la ONU no s\u00f3lo es un bochorno diplom\u00e1tico: ser\u00eda impensable y penalmente perseguible en un pa\u00eds que aprendi\u00f3, con sangre y destrucci\u00f3n, el costo de permitir que el negacionismo se infiltre en el discurso oficial. Alemania construy\u00f3 un marco legal que impide que funcionarios en ejercicio o figuras p\u00fablicas puedan atacar los cimientos de su memoria colectiva. Si un subsecretario alem\u00e1n negara en un foro internacional los cr\u00edmenes de su dictadura, relativizara el n\u00famero de v\u00edctimas o acusara a los organismos de memoria de \u201chumillar al pa\u00eds\u201d, enfrentar\u00eda consecuencias judiciales inmediatas. Ese contraste deja en evidencia hasta qu\u00e9 punto el gobierno de Javier Milei est\u00e1 dispuesto a cruzar l\u00edmites que en democracias consolidadas ser\u00edan inaceptables y penalmente castigados.<br><br>A nivel interno, este episodio profundiza la fractura entre el gobierno y la sociedad civil. El repudio no provino s\u00f3lo de organismos hist\u00f3ricos: sindicatos como ATE convocan movilizaciones, mientras periodistas, acad\u00e9micos y legisladores advierten sobre el giro autoritario del Ejecutivo.<br>Todos coinciden en algo: el discurso de Ba\u00f1os no fue un accidente ni un exceso. Fue la expresi\u00f3n m\u00e1s descarnada de un proyecto pol\u00edtico que busca desarticular la pol\u00edtica de memoria argentina, minimizar los cr\u00edmenes de Estado y reconfigurar el relato hist\u00f3rico bajo la l\u00f3gica del negacionismo.<br><br>Hoy, a 40 a\u00f1os del retorno democr\u00e1tico, el pa\u00eds se encuentra ante un desaf\u00edo in\u00e9dito: un gobierno que, desde la m\u00e1xima representaci\u00f3n del Estado, pone en duda sus propias pol\u00edticas de derechos humanos. Las exigencias de renuncia a Ba\u00f1os son s\u00f3lo el primer paso. Lo que est\u00e1 en juego es algo mucho m\u00e1s profundo: la continuidad de un consenso que sostuvo cuatro d\u00e9cadas de justicia y verdad.<br>El negacionismo, cuando se instala en el discurso oficial, no es s\u00f3lo una afrenta a las v\u00edctimas; es una amenaza directa al pacto democr\u00e1tico.<\/p>\n","protected":false},"excerpt":{"rendered":"<p>H.I.J.O.S. repudi\u00f3 el discurso del subsecretario Alberto Ba\u00f1os en el Comit\u00e9 contra la Tortura de la ONU, donde relativiz\u00f3 la cifra de 30.000 desaparecidos, neg\u00f3 el vaciamiento del \u00e1rea y acus\u00f3 a organismos de \u201chumillar a la Argentina\u201d. El episodio desat\u00f3 una ola de indignaci\u00f3n y profundiza la crisis del Gobierno de Javier Milei en&#8230;<\/p>\n","protected":false},"author":1,"featured_media":11086,"comment_status":"open","ping_status":"open","sticky":false,"template":"","format":"standard","meta":{"_monsterinsights_skip_tracking":false,"_monsterinsights_sitenote_active":false,"_monsterinsights_sitenote_note":"","_monsterinsights_sitenote_category":0,"footnotes":"","jetpack_publicize_message":"","jetpack_publicize_feature_enabled":true,"jetpack_social_post_already_shared":true,"jetpack_social_options":{"image_generator_settings":{"template":"highway","default_image_id":0,"font":"","enabled":false},"version":2}},"categories":[1908],"tags":[],"class_list":["post-11085","post","type-post","status-publish","format-standard","has-post-thumbnail","hentry","category-derechos-humanos"],"jetpack_publicize_connections":[],"_links":{"self":[{"href":"https:\/\/www.enorsai.com\/noticias\/wp-json\/wp\/v2\/posts\/11085","targetHints":{"allow":["GET"]}}],"collection":[{"href":"https:\/\/www.enorsai.com\/noticias\/wp-json\/wp\/v2\/posts"}],"about":[{"href":"https:\/\/www.enorsai.com\/noticias\/wp-json\/wp\/v2\/types\/post"}],"author":[{"embeddable":true,"href":"https:\/\/www.enorsai.com\/noticias\/wp-json\/wp\/v2\/users\/1"}],"replies":[{"embeddable":true,"href":"https:\/\/www.enorsai.com\/noticias\/wp-json\/wp\/v2\/comments?post=11085"}],"version-history":[{"count":3,"href":"https:\/\/www.enorsai.com\/noticias\/wp-json\/wp\/v2\/posts\/11085\/revisions"}],"predecessor-version":[{"id":11115,"href":"https:\/\/www.enorsai.com\/noticias\/wp-json\/wp\/v2\/posts\/11085\/revisions\/11115"}],"wp:featuredmedia":[{"embeddable":true,"href":"https:\/\/www.enorsai.com\/noticias\/wp-json\/wp\/v2\/media\/11086"}],"wp:attachment":[{"href":"https:\/\/www.enorsai.com\/noticias\/wp-json\/wp\/v2\/media?parent=11085"}],"wp:term":[{"taxonomy":"category","embeddable":true,"href":"https:\/\/www.enorsai.com\/noticias\/wp-json\/wp\/v2\/categories?post=11085"},{"taxonomy":"post_tag","embeddable":true,"href":"https:\/\/www.enorsai.com\/noticias\/wp-json\/wp\/v2\/tags?post=11085"}],"curies":[{"name":"wp","href":"https:\/\/api.w.org\/{rel}","templated":true}]}}