{"id":11081,"date":"2025-11-16T09:18:30","date_gmt":"2025-11-16T12:18:30","guid":{"rendered":"https:\/\/www.enorsai.com\/noticias\/politica\/myriam-bregman-alerta-sobre-el-avance-del-programa-economico-de-milei-la-traicion-de-opositores-reforma-laboral-ajuste-y-extractivismo\/"},"modified":"2025-11-16T09:18:30","modified_gmt":"2025-11-16T12:18:30","slug":"myriam-bregman-alerta-sobre-el-avance-del-programa-economico-de-milei-la-traicion-de-opositores-reforma-laboral-ajuste-y-extractivismo","status":"publish","type":"post","link":"https:\/\/www.enorsai.com\/noticias\/politica\/myriam-bregman-alerta-sobre-el-avance-del-programa-economico-de-milei-la-traicion-de-opositores-reforma-laboral-ajuste-y-extractivismo\/","title":{"rendered":"Myriam Bregman alerta sobre el avance del programa econ\u00f3mico de Milei, la traici\u00f3n de opositores, reforma laboral, ajuste y extractivismo"},"content":{"rendered":"\n<p>La diputada nacional analiza el escenario pol\u00edtico con crudeza: un gobierno sostenido por el FMI y por el respaldo internacional de Donald Trump, decidido a imponer un plan de ajuste, fragmentaci\u00f3n laboral y p\u00e9rdida de soberan\u00eda. Bregman advierte sobre la ofensiva contra los derechos de trabajadores, jubilados, monotributistas y movimientos ambientales, y llama a enfrentar estas pol\u00edticas con unidad social desde abajo.<br><br>Myriam Bregman no da rodeos. Su advertencia tiene un tono urgente, casi inc\u00f3modo para quienes todav\u00eda creen que el gobierno de Javier Milei puede moderarse o corregirse. La diputada describe un panorama corrosivo: un presidente envalentonado, un FMI que define el ritmo del ajuste y sectores opositores que ya empiezan a moverse al comp\u00e1s de la Casa Rosada, pese a haberse presentado en las elecciones como supuestos frenos al proyecto libertario. Las \u201ctraiciones cantadas\u201d, afirma, est\u00e1n ocurriendo en tiempo real.<br><br>Lo que Bregman expone es un diagn\u00f3stico demoledor: el gobierno nacional prioriza el pago de la deuda externa por encima de cualquier otra funci\u00f3n del Estado. Ese pago \u2014y el entramado geopol\u00edtico que lo sostiene\u2014 se convirti\u00f3 en el verdadero coraz\u00f3n del programa econ\u00f3mico. Sin el salvataje del Fondo Monetario Internacional y sin la ayuda directa de Donald Trump, sostiene, Milei ya estar\u00eda pol\u00edticamente agotado. Pero el soporte lleg\u00f3, y el costo tambi\u00e9n: devolver en d\u00f3lares lo recibido y abrir negocios para los aliados externos.<br><br>La forma de obtener esos d\u00f3lares, explica la diputada, es tan simple como devastadora: profundizar el extractivismo y la primarizaci\u00f3n. Para el gobierno, no hay tiempo para debates ambientales, impactos sociales o derechos vulnerados. Lo importante es ingresar divisas lo m\u00e1s r\u00e1pido posible, incluso si eso implica dinamitar empleos, arrasar salarios o convertir territorios enteros en zonas de sacrificio ambiental. Bregman lo define con crudeza: \u201cNo est\u00e1n para esas sensibler\u00edas\u201d.<br><br>Este enfoque, lejos de ser un desv\u00edo, forma parte del mecanismo de dominaci\u00f3n que implica la deuda externa. El endeudamiento, afirma, no es un cr\u00e9dito sino un dispositivo de subordinaci\u00f3n que condiciona la pol\u00edtica econ\u00f3mica, la soberan\u00eda y hasta la geopol\u00edtica regional. En ese contexto se entiende el nacimiento de la Ley Bases y, dentro de ella, el R\u00e9gimen de Incentivo a las Grandes Inversiones (RIGI), que la diputada se\u00f1ala como la legalizaci\u00f3n del saqueo y el blanqueo simult\u00e1neo.<\/p>\n\n\n\n<figure class=\"wp-block-embed is-type-rich is-provider-twitter wp-block-embed-twitter\"><div class=\"wp-block-embed__wrapper\">\n<blockquote class=\"twitter-tweet\" data-width=\"550\" data-dnt=\"true\"><p lang=\"es\" dir=\"ltr\">MILEI ENVALENTONADO Y LAS TRAICIONES M\u00c1S CANTADAS QUE \u201cDESPACITO\u201d.<br><br>\u00bfQU\u00c9 VAMOS A HACER?<br><br>Todav\u00eda no asumimos y veo con mucha preocupaci\u00f3n que ya comienzan los pases de bando que advertimos en la campa\u00f1a electoral: los que se hicieron elegir \u201cpara fortalecer un bloque opositor y\u2026 <a href=\"https:\/\/t.co\/hDCL3h8eHE\">pic.twitter.com\/hDCL3h8eHE<\/a><\/p>&mdash; Myriam Bregman (@myriambregman) <a href=\"https:\/\/twitter.com\/myriambregman\/status\/1989752097663771104?ref_src=twsrc%5Etfw\">November 15, 2025<\/a><\/blockquote><script async src=\"https:\/\/platform.twitter.com\/widgets.js\" charset=\"utf-8\"><\/script>\n<\/div><\/figure>\n\n\n\n<p><br><br>Las nuevas exigencias que llegan desde \u201cel norte\u201d \u2014como ella sintetiza a Estados Unidos y los organismos financieros\u2014 no son un misterio. Se repiten como una letan\u00eda desde hace a\u00f1os: tarifazos en los servicios p\u00fablicos, aumentos en combustibles, reformas impositivas regresivas y un modelo que hace recaer sobre los sectores populares la carga de financiar un Estado cada vez m\u00e1s desmantelado en salud, educaci\u00f3n y derechos b\u00e1sicos.<br><br>Uno de los puntos m\u00e1s sensibles es el mismo que atraviesa a millones de trabajadores independientes: el monotributo. Bregman advierte que todav\u00eda no est\u00e1 claro qu\u00e9 pretende hacer el gobierno, pero los indicios son preocupantes. Cualquier modificaci\u00f3n regresiva empujar\u00e1 a miles de personas hacia la informalidad, quit\u00e1ndoles no solo acceso a la obra social, sino tambi\u00e9n la posibilidad m\u00ednima de realizar aportes previsionales. En otras palabras, un retroceso civilizatorio.<br><br>La avanzada tambi\u00e9n apunta a otro flanco estrat\u00e9gico: los bienes comunes naturales. A pesar de que el RIGI ya abri\u00f3 la puerta a inversiones extractivas con beneficios extraordinarios, la presi\u00f3n contin\u00faa para eliminar normas protectorias como la Ley de Glaciares o sepultar definitivamente la Ley de Humedales. Mientras tanto, casos como el de Mendoza muestran c\u00f3mo se intenta barrer con cualquier legislaci\u00f3n que defienda el agua o los bienes naturales. La detenci\u00f3n de activistas como Liza Rule Larrea, se\u00f1ala Bregman, es parte del disciplinamiento en curso.<br><br>La diputada tambi\u00e9n advierte sobre el objetivo permanente del FMI en Argentina: la reforma jubilatoria. Para el organismo internacional, en el pa\u00eds \u201cse jubila mucha gente y cobran demasiado\u201d. En esa l\u00f3gica se inscribi\u00f3 la creaci\u00f3n de la PUAM durante el gobierno de Macri y la eliminaci\u00f3n actual de la moratoria previsional, una trampa que deja sin acceso a una jubilaci\u00f3n a la enorme mayor\u00eda de las mujeres que no pueden completar sus aportes. La situaci\u00f3n ya es grave, pero todo indica que el ajuste jubilatorio ir\u00e1 todav\u00eda m\u00e1s lejos.<br><br>Es en esta misma l\u00ednea que emerge la reforma laboral que Milei impulsa con insistencia. Bregman desconoce cualquier ret\u00f3rica de modernizaci\u00f3n o creaci\u00f3n de empleo: lo que el gobierno propone, afirma, es precarizaci\u00f3n lisa y llana. En una econom\u00eda primarizada, donde la mayor parte de las inversiones no generan puestos de trabajo significativos, la flexibilizaci\u00f3n solo sirve como garant\u00eda adicional para que los empresarios \u201cabaraten costos\u201d mediante despidos m\u00e1s sencillos, jornadas m\u00e1s extensas y p\u00e9rdida de derechos hist\u00f3ricos.<br><br>La ra\u00edz de la reforma, explica, es clara: fragmentar, desorganizar y debilitar a la clase trabajadora. La Ley Bases ya hab\u00eda avanzado en ese sentido al incluir el art\u00edculo 245 bis, que impide la reincorporaci\u00f3n de trabajadores despedidos en forma persecutoria o discriminatoria. Ahora, el gobierno quiere ir m\u00e1s all\u00e1: atacar el derecho de huelga, recortar convenios colectivos, erosionar el poder de las asambleas y romper los lazos de solidaridad que permiten enfrentar a los sectores patronales en forma organizada.<br><br>La diputada no elude la autocr\u00edtica hacia sectores del propio progresismo que, en a\u00f1os previos, instalaron discursos de flexibilizaci\u00f3n encubierta bajo nombres m\u00e1s amables: \u201cprimer empleo\u201d, \u201cempleo joven\u201d, \u201creconversi\u00f3n laboral\u201d. Seg\u00fan ella, esas pol\u00edticas contribuyeron a instalar un sentido com\u00fan reaccionario que hoy el gobierno libertario aprovecha para avanzar sin freno.<br><br>En los dos a\u00f1os recientes, recuerda, las pol\u00edticas proempresariales ya eliminaron 250.000 empleos formales. Sin embargo, el impacto no termina en quienes tienen derechos laborales. Los trabajadores informales o precarizados tampoco ver\u00e1n mejoras: si los est\u00e1ndares generales bajan, sus condiciones tambi\u00e9n caer\u00e1n, aunque hoy no tengan aguinaldo, vacaciones o estabilidad m\u00ednima. La desigualdad se profundiza de arriba hacia abajo.<br><br>Bregman denuncia que el gobierno utiliza la excusa de la \u201cinformalidad laboral\u201d para justificar una reforma que, en realidad, no solucionar\u00e1 nada. La Ley Bases elimin\u00f3 las multas por empleo no registrado, lo que en los hechos incentiva a los empresarios a seguir contratando sin derechos. \u201cLos cuentos tienen un l\u00edmite\u201d, advierte.<br><br>La verdadera transferencia de recursos ser\u00e1 desde los trabajadores hacia los empresarios: indemnizaciones m\u00e1s bajas, jornadas m\u00e1s largas, convenios debilitados y horas extra sin pagar. No es casualidad, dice, que los sectores m\u00e1s concentrados presionen para que este modelo se imponga cuanto antes.<br><br>El desaf\u00edo, seg\u00fan la diputada, es revertir la l\u00f3gica de \u201cs\u00e1lvese quien pueda\u201d que promueve el neoliberalismo feroz de Milei. No hay salida individual. La resistencia debe ser colectiva y debe unir a trabajadores formales e informales, jubilados, feministas, ambientalistas y movimientos sociales, en una respuesta unificada y desde abajo.<br><br>En el Congreso, anticipa, dar\u00e1n cada batalla. Pero la verdadera fuerza est\u00e1 en la movilizaci\u00f3n social y en la capacidad de articular luchas diversas en un frente com\u00fan. El problema no son los derechos laborales conquistados: el problema es el plan del FMI y el proyecto de saqueo que el gobierno aplica sin disimulo.<br><br>\u201cEl plan es uno solo\u201d, concluye Bregman. \u201cY su fortaleza est\u00e1 en nuestra divisi\u00f3n\u201d. La pregunta que abre su texto \u2014\u201c\u00bfQu\u00e9 vamos a hacer?\u201d\u2014 queda resonando con la misma gravedad que el escenario que describe.<\/p>\n","protected":false},"excerpt":{"rendered":"<p>La diputada nacional analiza el escenario pol\u00edtico con crudeza: un gobierno sostenido por el FMI y por el respaldo internacional de Donald Trump, decidido a imponer un plan de ajuste, fragmentaci\u00f3n laboral y p\u00e9rdida de soberan\u00eda. Bregman advierte sobre la ofensiva contra los derechos de trabajadores, jubilados, monotributistas y movimientos ambientales, y llama a enfrentar&#8230;<\/p>\n","protected":false},"author":9,"featured_media":11080,"comment_status":"open","ping_status":"open","sticky":false,"template":"","format":"standard","meta":{"_monsterinsights_skip_tracking":false,"_monsterinsights_sitenote_active":false,"_monsterinsights_sitenote_note":"","_monsterinsights_sitenote_category":0,"footnotes":"","jetpack_publicize_message":"","jetpack_publicize_feature_enabled":true,"jetpack_social_post_already_shared":true,"jetpack_social_options":{"image_generator_settings":{"template":"highway","default_image_id":0,"font":"","enabled":false},"version":2}},"categories":[2],"tags":[],"class_list":["post-11081","post","type-post","status-publish","format-standard","has-post-thumbnail","hentry","category-politica"],"jetpack_publicize_connections":[],"_links":{"self":[{"href":"https:\/\/www.enorsai.com\/noticias\/wp-json\/wp\/v2\/posts\/11081","targetHints":{"allow":["GET"]}}],"collection":[{"href":"https:\/\/www.enorsai.com\/noticias\/wp-json\/wp\/v2\/posts"}],"about":[{"href":"https:\/\/www.enorsai.com\/noticias\/wp-json\/wp\/v2\/types\/post"}],"author":[{"embeddable":true,"href":"https:\/\/www.enorsai.com\/noticias\/wp-json\/wp\/v2\/users\/9"}],"replies":[{"embeddable":true,"href":"https:\/\/www.enorsai.com\/noticias\/wp-json\/wp\/v2\/comments?post=11081"}],"version-history":[{"count":0,"href":"https:\/\/www.enorsai.com\/noticias\/wp-json\/wp\/v2\/posts\/11081\/revisions"}],"wp:featuredmedia":[{"embeddable":true,"href":"https:\/\/www.enorsai.com\/noticias\/wp-json\/wp\/v2\/media\/11080"}],"wp:attachment":[{"href":"https:\/\/www.enorsai.com\/noticias\/wp-json\/wp\/v2\/media?parent=11081"}],"wp:term":[{"taxonomy":"category","embeddable":true,"href":"https:\/\/www.enorsai.com\/noticias\/wp-json\/wp\/v2\/categories?post=11081"},{"taxonomy":"post_tag","embeddable":true,"href":"https:\/\/www.enorsai.com\/noticias\/wp-json\/wp\/v2\/tags?post=11081"}],"curies":[{"name":"wp","href":"https:\/\/api.w.org\/{rel}","templated":true}]}}