{"id":1108,"date":"2025-02-11T20:20:00","date_gmt":"2025-02-11T23:20:00","guid":{"rendered":"http:\/\/www.enorsai.com\/noticias\/?p=1108"},"modified":"2025-02-11T20:15:39","modified_gmt":"2025-02-11T23:15:39","slug":"despidos-en-praxair-la-otra-cara-del-liberalismo-salvaje-la-federacion-de-quimicos-exige-la-reincorporacion-de-los-trabajadores","status":"publish","type":"post","link":"https:\/\/www.enorsai.com\/noticias\/sociedad\/despidos-en-praxair-la-otra-cara-del-liberalismo-salvaje-la-federacion-de-quimicos-exige-la-reincorporacion-de-los-trabajadores\/","title":{"rendered":"Despidos en Praxair: la otra cara del liberalismo salvaje. La Federaci\u00f3n de qu\u00edmicos exige la reincorporaci\u00f3n de los trabajadores"},"content":{"rendered":"\n<p><strong><em>La multinacional Linde Praxair avanza con despidos arbitrarios en su planta de Pacheco, mientras el gobierno de Javier Milei mantiene un silencio c\u00f3mplice frente a la vulneraci\u00f3n de derechos laborales y sindicales.<\/em><\/strong><\/p>\n\n\n\n<p>La Federaci\u00f3n de Sindicatos de Trabajadores de Industrias Qu\u00edmicas y Petroqu\u00edmicas (FESTIQyPRA) denuncia el car\u00e1cter antisindical de los despidos y exige la reincorporaci\u00f3n inmediata de los trabajadores afectados. La ofensiva empresarial se da en un contexto de ajuste econ\u00f3mico y desmantelamiento de derechos promovido por el gobierno nacional.<\/p>\n\n\n\n<p>El ajuste econ\u00f3mico del gobierno de Javier Milei no solo se traduce en recortes presupuestarios, privatizaciones y tarifazos. Tambi\u00e9n se manifiesta en un ataque sistem\u00e1tico a los derechos laborales, facilitando pr\u00e1cticas empresariales que buscan disciplinar a la clase trabajadora. El caso de los diez trabajadores despedidos en la planta de Linde Praxair, en Pacheco, es un ejemplo paradigm\u00e1tico de c\u00f3mo la pol\u00edtica econ\u00f3mica oficial habilita el avance de las corporaciones sobre conquistas hist\u00f3ricas del movimiento obrero.<\/p>\n\n\n\n<p>La Federaci\u00f3n de Sindicatos de Trabajadores de Industrias Qu\u00edmicas y Petroqu\u00edmicas de la Rep\u00fablica Argentina (FESTIQyPRA), liderada por Omar Barbero, no tard\u00f3 en expresar su solidaridad con los despedidos, denunciando el car\u00e1cter arbitrario y antisindical de las desvinculaciones. \u201cNo se trata de simples ajustes de personal: estamos ante un claro intento de disciplinamiento y persecuci\u00f3n sindical\u201d, se\u00f1ala el comunicado de la organizaci\u00f3n gremial, que repudia las pr\u00e1cticas empresariales que buscan debilitar la organizaci\u00f3n de los trabajadores.<\/p>\n\n\n\n<p>Detr\u00e1s de estos despidos no hay una crisis econ\u00f3mica interna de la empresa ni un descenso en la producci\u00f3n. Linde Praxair es una multinacional con ganancias millonarias a nivel global. El verdadero objetivo es otro: quebrar la resistencia sindical, fragmentar la unidad de los trabajadores y consolidar un modelo de relaciones laborales basado en la precarizaci\u00f3n y el miedo.<\/p>\n\n\n\n<p>La complicidad del Estado en este proceso es evidente. El gobierno de Javier Milei, que se presenta como adalid de la \u00ablibertad\u00bb y el \u00abmercado\u00bb, en realidad promueve un escenario donde las patronales tienen v\u00eda libre para vulnerar derechos fundamentales. La falta de intervenci\u00f3n de las autoridades ante estos despidos es un acto de omisi\u00f3n deliberada que favorece a las empresas y deja a los trabajadores desprotegidos.<\/p>\n\n\n\n<p>FESTIQyPRA exige no solo la inmediata reincorporaci\u00f3n de los despedidos, sino tambi\u00e9n el cese de toda pr\u00e1ctica persecutoria y discriminatoria contra la actividad sindical. Reclama el respeto irrestricto a la libertad sindical, tal como lo establecen la Constituci\u00f3n Nacional, la Ley de Asociaciones Sindicales y los convenios colectivos de trabajo vigentes.<\/p>\n\n\n\n<p>El comunicado de la Federaci\u00f3n tambi\u00e9n hace un llamado a la unidad del movimiento obrero. En un contexto de ofensiva patronal y gubernamental contra los derechos laborales, la organizaci\u00f3n y la solidaridad entre los distintos gremios del sector se convierten en herramientas imprescindibles para frenar el avance del ajuste. \u201cSolo juntos podremos enfrentar este atropello\u201d, subraya FESTIQyPRA.<\/p>\n\n\n\n<p>Resulta indispensable que las autoridades competentes intervengan de manera urgente para garantizar el cumplimiento de la legislaci\u00f3n vigente y frenar los abusos de las patronales. Sin embargo, la experiencia reciente muestra que la respuesta del gobierno de Milei frente a los conflictos laborales ha sido sistem\u00e1ticamente favorable a los intereses empresariales. No hay que esperar soluciones de un Estado que est\u00e1 alineado con la l\u00f3gica del mercado y la desregulaci\u00f3n.<\/p>\n\n\n\n<p>El ajuste no es solo una cuesti\u00f3n de n\u00fameros o de \u00abeficiencia econ\u00f3mica\u00bb. Tiene rostros concretos: familias que quedan en la calle, trabajadores que pierden su sustento, organizaciones sindicales debilitadas. El caso de Linde Praxair es una postal del modelo que Milei pretende consolidar en la Argentina: un pa\u00eds donde el derecho al trabajo digno y la libertad sindical sean una excepci\u00f3n y no una norma.<\/p>\n\n\n\n<p>Frente a este panorama, la resistencia obrera se vuelve una necesidad urgente. La lucha de los despedidos de Praxair no es un hecho aislado; es parte de una batalla m\u00e1s amplia por la defensa de los derechos conquistados y contra un proyecto de pa\u00eds que solo beneficia a unos pocos.<\/p>\n\n\n\n<p><\/p>\n\n\n\n<ul class=\"wp-block-list\">\n<li><a href=\"https:\/\/mundogremial.com\/federacion-de-quimicos-exige-la-reincorporacion-de-los-despedidos-en-praxair\/\">https:\/\/mundogremial.com\/federacion-de-quimicos-exige-la-reincorporacion-de-los-despedidos-en-praxair\/<\/a><\/li>\n<\/ul>\n\n\n","protected":false},"excerpt":{"rendered":"<p>La multinacional Linde Praxair despidi\u00f3 arbitrariamente a 10 trabajadores en Pacheco. FESTIQyPRA denuncia el car\u00e1cter antisindical de las desvinculaciones y exige su reincorporaci\u00f3n. El gobierno de Milei, c\u00f3mplice por omisi\u00f3n, deja a los trabajadores indefensos frente al ajuste y la precarizaci\u00f3n laboral.<\/p>\n","protected":false},"author":9,"featured_media":1109,"comment_status":"open","ping_status":"open","sticky":false,"template":"","format":"standard","meta":{"_monsterinsights_skip_tracking":false,"_monsterinsights_sitenote_active":false,"_monsterinsights_sitenote_note":"","_monsterinsights_sitenote_category":0,"footnotes":"","jetpack_publicize_message":"","jetpack_publicize_feature_enabled":true,"jetpack_social_post_already_shared":true,"jetpack_social_options":{"image_generator_settings":{"template":"highway","default_image_id":0,"font":"","enabled":false},"version":2}},"categories":[4],"tags":[58,448,193,45,449,292],"class_list":["post-1108","post","type-post","status-publish","format-standard","has-post-thumbnail","hentry","category-sociedad","tag-ajuste","tag-antisindical","tag-despidos","tag-milei","tag-praxair","tag-trabajadores"],"jetpack_publicize_connections":[],"_links":{"self":[{"href":"https:\/\/www.enorsai.com\/noticias\/wp-json\/wp\/v2\/posts\/1108","targetHints":{"allow":["GET"]}}],"collection":[{"href":"https:\/\/www.enorsai.com\/noticias\/wp-json\/wp\/v2\/posts"}],"about":[{"href":"https:\/\/www.enorsai.com\/noticias\/wp-json\/wp\/v2\/types\/post"}],"author":[{"embeddable":true,"href":"https:\/\/www.enorsai.com\/noticias\/wp-json\/wp\/v2\/users\/9"}],"replies":[{"embeddable":true,"href":"https:\/\/www.enorsai.com\/noticias\/wp-json\/wp\/v2\/comments?post=1108"}],"version-history":[{"count":1,"href":"https:\/\/www.enorsai.com\/noticias\/wp-json\/wp\/v2\/posts\/1108\/revisions"}],"predecessor-version":[{"id":1110,"href":"https:\/\/www.enorsai.com\/noticias\/wp-json\/wp\/v2\/posts\/1108\/revisions\/1110"}],"wp:featuredmedia":[{"embeddable":true,"href":"https:\/\/www.enorsai.com\/noticias\/wp-json\/wp\/v2\/media\/1109"}],"wp:attachment":[{"href":"https:\/\/www.enorsai.com\/noticias\/wp-json\/wp\/v2\/media?parent=1108"}],"wp:term":[{"taxonomy":"category","embeddable":true,"href":"https:\/\/www.enorsai.com\/noticias\/wp-json\/wp\/v2\/categories?post=1108"},{"taxonomy":"post_tag","embeddable":true,"href":"https:\/\/www.enorsai.com\/noticias\/wp-json\/wp\/v2\/tags?post=1108"}],"curies":[{"name":"wp","href":"https:\/\/api.w.org\/{rel}","templated":true}]}}