{"id":11073,"date":"2025-11-16T08:47:33","date_gmt":"2025-11-16T11:47:33","guid":{"rendered":"https:\/\/www.enorsai.com\/noticias\/sociedad\/como-es-la-vida-en-prision-de-los-rugbiers-condenados-por-el-crimen-de-fernando-baez-sosa\/"},"modified":"2025-11-16T08:47:33","modified_gmt":"2025-11-16T11:47:33","slug":"como-es-la-vida-en-prision-de-los-rugbiers-condenados-por-el-crimen-de-fernando-baez-sosa","status":"publish","type":"post","link":"https:\/\/www.enorsai.com\/noticias\/sociedad\/como-es-la-vida-en-prision-de-los-rugbiers-condenados-por-el-crimen-de-fernando-baez-sosa\/","title":{"rendered":"C\u00f3mo es la vida en prisi\u00f3n de los rugbiers condenados por el crimen de\u00a0Fernando B\u00e1ez Sosa\u00a0"},"content":{"rendered":"\n<p>Se conocieron nuevos detalles sobre la vida de los condenados. Aunque comparten el mismo establecimiento penitenciario, cada uno de ellos transita su condena en sectores distintos y con din\u00e1micas particulares, ya que todos ten\u00edan entre 18 y 21 a\u00f1os al momento del asesinato.<\/p>\n\n\n\n<p>M\u00e1ximo Thomsen volvi\u00f3 a resonar con fuerza ya que en las \u00faltimas horas, trascendi\u00f3 que el joven de 25 a\u00f1os estar\u00eda apartado del resto de los internos en la Alcaid\u00eda N\u00ba3 de Melchor Romero, una disposici\u00f3n que rige desde el 12 de octubre, luego de una pelea con otro preso.<br><br>Aun bajo estas condiciones, contin\u00faa formando parte de los talleres de alfabetizaci\u00f3n jur\u00eddica y derechos humanos que se dictan en el penal.<\/p>\n\n\n\n<figure class=\"wp-block-image size-large\"><img loading=\"lazy\" decoding=\"async\" width=\"610\" height=\"610\" src=\"https:\/\/www.enorsai.com\/noticias\/wp-content\/uploads\/2025\/11\/maximo-thomsen1019280446693927267.jpg\" alt=\"\" class=\"wp-image-11071\" srcset=\"https:\/\/www.enorsai.com\/noticias\/wp-content\/uploads\/2025\/11\/maximo-thomsen1019280446693927267.jpg 610w, https:\/\/www.enorsai.com\/noticias\/wp-content\/uploads\/2025\/11\/maximo-thomsen1019280446693927267-300x300.jpg 300w, https:\/\/www.enorsai.com\/noticias\/wp-content\/uploads\/2025\/11\/maximo-thomsen1019280446693927267-150x150.jpg 150w\" sizes=\"auto, (max-width: 610px) 100vw, 610px\" \/><figcaption class=\"wp-element-caption\">M\u00e1ximo Thomsen <\/figcaption><\/figure>\n\n\n\n<p><br><br>En el caso de Ciro Pertossi, condenado a prisi\u00f3n perpetua, se encuentra en otro pabell\u00f3n y conserva una rutina compuesta por salidas al patio y visitas semanales. Su hermano, Luciano Pertossi, tambi\u00e9n recibi\u00f3 perpetua y, con 23 a\u00f1os, permanece aislado por un episodio en el que habr\u00eda intentado quitarse la vida, aunque su familia lo desminti\u00f3 de manera enf\u00e1tica.<\/p>\n\n\n\n<figure class=\"wp-block-image size-large\"><img loading=\"lazy\" decoding=\"async\" width=\"610\" height=\"341\" src=\"https:\/\/www.enorsai.com\/noticias\/wp-content\/uploads\/2025\/11\/rugbiers-hermanos-pertossi6367585174075265646.jpg\" alt=\"\" class=\"wp-image-11068\" srcset=\"https:\/\/www.enorsai.com\/noticias\/wp-content\/uploads\/2025\/11\/rugbiers-hermanos-pertossi6367585174075265646.jpg 610w, https:\/\/www.enorsai.com\/noticias\/wp-content\/uploads\/2025\/11\/rugbiers-hermanos-pertossi6367585174075265646-300x168.jpg 300w\" sizes=\"auto, (max-width: 610px) 100vw, 610px\" \/><figcaption class=\"wp-element-caption\">Luciano y Ciro Pertossi.<\/figcaption><\/figure>\n\n\n\n<p>Respecto de Enzo Comelli, cumple tambi\u00e9n prisi\u00f3n perpetua y sostiene una participaci\u00f3n activa en actividades colectivas, sobre todo deportivas y recreativas. Algo similar sucede con Mat\u00edas Benicelli, quien asiste de manera regular a clases y distintos talleres formativos.<\/p>\n\n\n\n<figure class=\"wp-block-image size-large\"><img loading=\"lazy\" decoding=\"async\" width=\"610\" height=\"457\" src=\"https:\/\/www.enorsai.com\/noticias\/wp-content\/uploads\/2025\/11\/enzo-comelli-nicolas-cinalli430845867809952155.jpg\" alt=\"\" class=\"wp-image-11069\" srcset=\"https:\/\/www.enorsai.com\/noticias\/wp-content\/uploads\/2025\/11\/enzo-comelli-nicolas-cinalli430845867809952155.jpg 610w, https:\/\/www.enorsai.com\/noticias\/wp-content\/uploads\/2025\/11\/enzo-comelli-nicolas-cinalli430845867809952155-300x225.jpg 300w\" sizes=\"auto, (max-width: 610px) 100vw, 610px\" \/><figcaption class=\"wp-element-caption\">Enzo Comelli | Blas Cinalli<\/figcaption><\/figure>\n\n\n\n<p>Blas Cinalli, sentenciado a 15 a\u00f1os, sigue la programaci\u00f3n habitual del penal, que incluye actividades recreativas, talleres y educaci\u00f3n f\u00edsica. En la misma l\u00ednea, Ayrton Viollaz, tambi\u00e9n con una pena de 15 a\u00f1os, forma parte de propuestas educativas y recreativas que se brindan dentro de Melchor Romero.<br><br>Por \u00faltimo, Lucas Pertossi, el mayor de todos, con 26 a\u00f1os, cumple su condena de 15 a\u00f1os mientras avanza con sus estudios. Tal como relat\u00f3 su padre, se inscribi\u00f3 en la carrera de abogac\u00eda y participa en talleres de cocina y huerta, en una b\u00fasqueda de aprovechar al m\u00e1ximo el tiempo en prisi\u00f3n.<\/p>\n\n\n\n<figure class=\"wp-block-image size-large\"><img loading=\"lazy\" decoding=\"async\" width=\"610\" height=\"457\" src=\"https:\/\/www.enorsai.com\/noticias\/wp-content\/uploads\/2025\/11\/lucas-pertossi7494219863839255245.jpg\" alt=\"\" class=\"wp-image-11070\" srcset=\"https:\/\/www.enorsai.com\/noticias\/wp-content\/uploads\/2025\/11\/lucas-pertossi7494219863839255245.jpg 610w, https:\/\/www.enorsai.com\/noticias\/wp-content\/uploads\/2025\/11\/lucas-pertossi7494219863839255245-300x225.jpg 300w\" sizes=\"auto, (max-width: 610px) 100vw, 610px\" \/><figcaption class=\"wp-element-caption\">Lucas Pertossi.<\/figcaption><\/figure>\n\n\n\n<p><br>Fuente <\/p>\n\n\n\n<p>.https:\/\/www.minutouno.com\/sociedad\/aseguran-que-maximo-thomsen-esta-aislado-la-carcel-melchor-romero-que-le-paso-n6214318<\/p>\n","protected":false},"excerpt":{"rendered":"<p>Se conocieron nuevos detalles sobre la vida de los condenados. Aunque comparten el mismo establecimiento penitenciario, cada uno de ellos transita su condena en sectores distintos y con din\u00e1micas particulares, ya que todos ten\u00edan entre 18 y 21 a\u00f1os al momento del asesinato. M\u00e1ximo Thomsen volvi\u00f3 a resonar con fuerza ya que en las \u00faltimas&#8230;<\/p>\n","protected":false},"author":11,"featured_media":11072,"comment_status":"open","ping_status":"open","sticky":false,"template":"","format":"standard","meta":{"_monsterinsights_skip_tracking":false,"_monsterinsights_sitenote_active":false,"_monsterinsights_sitenote_note":"","_monsterinsights_sitenote_category":0,"footnotes":"","jetpack_publicize_message":"","jetpack_publicize_feature_enabled":true,"jetpack_social_post_already_shared":true,"jetpack_social_options":{"image_generator_settings":{"template":"highway","default_image_id":0,"font":"","enabled":false},"version":2}},"categories":[3950,3994,4],"tags":[],"class_list":["post-11073","post","type-post","status-publish","format-standard","has-post-thumbnail","hentry","category-justicia","category-policiales","category-sociedad"],"jetpack_publicize_connections":[],"_links":{"self":[{"href":"https:\/\/www.enorsai.com\/noticias\/wp-json\/wp\/v2\/posts\/11073","targetHints":{"allow":["GET"]}}],"collection":[{"href":"https:\/\/www.enorsai.com\/noticias\/wp-json\/wp\/v2\/posts"}],"about":[{"href":"https:\/\/www.enorsai.com\/noticias\/wp-json\/wp\/v2\/types\/post"}],"author":[{"embeddable":true,"href":"https:\/\/www.enorsai.com\/noticias\/wp-json\/wp\/v2\/users\/11"}],"replies":[{"embeddable":true,"href":"https:\/\/www.enorsai.com\/noticias\/wp-json\/wp\/v2\/comments?post=11073"}],"version-history":[{"count":0,"href":"https:\/\/www.enorsai.com\/noticias\/wp-json\/wp\/v2\/posts\/11073\/revisions"}],"wp:featuredmedia":[{"embeddable":true,"href":"https:\/\/www.enorsai.com\/noticias\/wp-json\/wp\/v2\/media\/11072"}],"wp:attachment":[{"href":"https:\/\/www.enorsai.com\/noticias\/wp-json\/wp\/v2\/media?parent=11073"}],"wp:term":[{"taxonomy":"category","embeddable":true,"href":"https:\/\/www.enorsai.com\/noticias\/wp-json\/wp\/v2\/categories?post=11073"},{"taxonomy":"post_tag","embeddable":true,"href":"https:\/\/www.enorsai.com\/noticias\/wp-json\/wp\/v2\/tags?post=11073"}],"curies":[{"name":"wp","href":"https:\/\/api.w.org\/{rel}","templated":true}]}}