{"id":11058,"date":"2025-11-15T11:38:31","date_gmt":"2025-11-15T14:38:31","guid":{"rendered":"https:\/\/www.enorsai.com\/noticias\/politica\/rattazzi-cruzo-un-limite-valdes-denuncia-declaraciones-racistas-y-supremacistas-del-empresario-automotriz\/"},"modified":"2025-11-15T11:38:31","modified_gmt":"2025-11-15T14:38:31","slug":"rattazzi-cruzo-un-limite-valdes-denuncia-declaraciones-racistas-y-supremacistas-del-empresario-automotriz","status":"publish","type":"post","link":"https:\/\/www.enorsai.com\/noticias\/politica\/rattazzi-cruzo-un-limite-valdes-denuncia-declaraciones-racistas-y-supremacistas-del-empresario-automotriz\/","title":{"rendered":"Rattazzi cruz\u00f3 un l\u00edmite: Vald\u00e9s denuncia declaraciones \u201cracistas y supremacistas\u201d del empresario automotriz"},"content":{"rendered":"\n<h3 class=\"wp-block-heading\">El diputado nacional calific\u00f3 de \u201cbarbaridad\u201d los dichos del expresidente de Fiat sobre los habitantes del conurbano bonaerense y lo acus\u00f3 de despreciar a los trabajadores que hicieron posible su riqueza.<\/h3>\n\n\n\n<h3 class=\"wp-block-heading\">El legislador cuestion\u00f3 la \u201cingratitud\u201d de un empresario que lleg\u00f3 al pa\u00eds como inmigrante tras la Segunda Guerra Mundial y lo inst\u00f3 a escuchar al Papa Francisco sobre la dignidad del trabajo.<\/h3>\n\n\n\n<p>El diputado nacional Eduardo Vald\u00e9s no dej\u00f3 pasar los recientes dichos del empresario Cristiano Rattazzi, quien afirm\u00f3 que \u201cla gente que vive en el cord\u00f3n del Gran Buenos Aires, que toda la vida les ense\u00f1aron que su vida era narcotr\u00e1fico o robar o un plan, ahora van a tener la posibilidad de trabajar\u201d. Para Vald\u00e9s, la frase no es solo desafortunada: es directamente \u201cingrata\u201d, \u201cracista\u201d y propia de un \u201csupremacista\u201d que desconoce la realidad social del pa\u00eds que lo recibi\u00f3 hace d\u00e9cadas.<\/p>\n\n\n\n<p>La reacci\u00f3n del diputado expone algo m\u00e1s profundo que un cruce aislado. Muestra hasta qu\u00e9 punto ciertos sectores empresariales reproducen estigmas clasistas y criminalizantes para referirse a millones de argentinos y argentinas que viven en el conurbano, una regi\u00f3n hist\u00f3ricamente golpeada por pol\u00edticas econ\u00f3micas que concentran riqueza en los mismos grupos que luego responsabilizan a las v\u00edctimas de la desigualdad.<\/p>\n\n\n\n<p>Vald\u00e9s fue contundente: para poder pronunciar semejante descalificaci\u00f3n hay que olvidar \u2013o elegir olvidar\u2013 qui\u00e9nes hicieron posible su fortuna. \u201cUsted pudo ser rico porque hubo obreros que le fabricaron los autos que usted comercializa\u201d, le record\u00f3, poniendo en palabras un sentido com\u00fan que la narrativa empresarial suele invisibilizar: ninguna fortuna se construye sin trabajo ajeno.<\/p>\n\n\n\n<figure class=\"wp-block-embed is-type-rich is-provider-twitter wp-block-embed-twitter\"><div class=\"wp-block-embed__wrapper\">\n<blockquote class=\"twitter-tweet\" data-width=\"550\" data-dnt=\"true\"><p lang=\"es\" dir=\"ltr\">Acabo de enterarme que el empresario Cristiano Rattazzi <a href=\"https:\/\/twitter.com\/crattazzi?ref_src=twsrc%5Etfw\">@crattazzi<\/a> manifest\u00f3: \u201cLa gente que vive en el cord\u00f3n del Gran Buenos Aires, que toda la vida les ense\u00f1aron que su vida era narcotr\u00e1fico o robar o un plan, ahora van a tener la posibilidad de trabajar\u201d.<br><br>\u00a1Hay que ser ingrato\u2026<\/p>&mdash; Eduardo Vald\u00e9s (@eduardofvaldes) <a href=\"https:\/\/twitter.com\/eduardofvaldes\/status\/1989354793270190363?ref_src=twsrc%5Etfw\">November 14, 2025<\/a><\/blockquote><script async src=\"https:\/\/platform.twitter.com\/widgets.js\" charset=\"utf-8\"><\/script>\n<\/div><\/figure>\n\n\n\n<p><\/p>\n\n\n\n<p>El diputado tambi\u00e9n subray\u00f3 un punto hist\u00f3rico que muchos pasan por alto. Rattazzi no lleg\u00f3 a un pa\u00eds hostil ni empobrecido. Al contrario, Argentina recibi\u00f3 a su familia en 1948, cuando Europa todav\u00eda se recuperaba de los horrores de la Segunda Guerra Mundial. Ese detalle, que \u00e9l mismo menciona cada tanto, revela otra dimensi\u00f3n de la discusi\u00f3n: la de la ingratitud hacia un pa\u00eds que brind\u00f3 oportunidades, seguridad y prosperidad. \u201cMal no lo deben haber tratado, porque decidi\u00f3 quedarse en el pa\u00eds\u201d, ironiz\u00f3 Vald\u00e9s.<\/p>\n\n\n\n<p>Su respuesta apunta adem\u00e1s a una contradicci\u00f3n recurrente en el discurso del empresario: hablar de \u201c110 a\u00f1os\u201d sin crecimiento, como si el pa\u00eds en el que decidi\u00f3 hacer fortuna fuera un desierto improductivo que lo toler\u00f3 por caridad. Ese relato, que se volvi\u00f3 un mantra en los sectores m\u00e1s duros del establishment econ\u00f3mico, ignora deliberadamente los ciclos expansivos, la industria nacional, el rol obrero y el aporte de las generaciones que hicieron posible que empresas como Fiat pudieran desarrollarse localmente.<\/p>\n\n\n\n<p>Para Vald\u00e9s, lo que dijo Rattazzi no es un exabrupto suelto: es una expresi\u00f3n de desprecio social. Una forma de ver a los pobres como delincuentes potenciales y no como sujetos con derechos. Y, sobre todo, una muestra de desconocimiento absoluto sobre lo que implica el trabajo en t\u00e9rminos de dignidad y comunidad.<\/p>\n\n\n\n<p>Por eso, el diputado cerr\u00f3 su mensaje citando a quien considera un ejemplo mucho m\u00e1s inspirador para cualquier argentino de origen italiano: el Papa Francisco. \u201cEl trabajo es con Derechos o es esclavitud\u201d, record\u00f3 Vald\u00e9s, retomando una de las frases m\u00e1s potentes del pont\u00edfice. Y agreg\u00f3 la cita completa: \u201cEl trabajo no deber\u00eda ser s\u00f3lo una fuente de ingresos, sino una forma de construir dignidad, comunidad y sentido. Cuando no hay derechos laborales, el trabajo se convierte en una forma de esclavitud\u201d.<\/p>\n\n\n\n<p>La respuesta de Vald\u00e9s no solo impugna el contenido discriminatorio de las palabras de Rattazzi, sino que obliga a revisar el modo en que se discute el trabajo en la Argentina. \u00bfEs un privilegio que se concede desde arriba? \u00bfO es un derecho que debe garantizar igualdad, estabilidad y dignidad?<\/p>\n\n\n\n<p>El contraste es evidente: mientras algunos empresarios hablan de \u201cense\u00f1ar a trabajar\u201d a los habitantes del conurbano como si se tratara de una masa sin historia, sin cultura y sin derechos, Francisco plantea que el trabajo no puede existir sin protecci\u00f3n laboral. Y que, sin esa base, lo que surge es explotaci\u00f3n, precariedad y violencia social.<\/p>\n\n\n\n<p>La intervenci\u00f3n de Vald\u00e9s vuelve a poner el foco donde corresponde: en el respeto, la memoria hist\u00f3rica y la dignidad de los trabajadores. Y, de paso, deja al descubierto un viejo problema argentino: ciertos sectores que crecieron gracias al pa\u00eds, pero que hoy lo miran con desprecio.<\/p>\n\n\n\n<hr class=\"wp-block-separator has-alpha-channel-opacity\"\/>\n\n\n\n<p>Si quer\u00e9s, te hago <strong>tres t\u00edtulos alternativos<\/strong>, una <strong>bajada m\u00e1s larga<\/strong>, o una <strong>versi\u00f3n m\u00e1s extensa (1200-1500 palabras)<\/strong> lista para publicaci\u00f3n en En Orsai.<\/p>\n","protected":false},"excerpt":{"rendered":"<p>El diputado nacional calific\u00f3 de \u201cbarbaridad\u201d los dichos del expresidente de Fiat sobre los habitantes del conurbano bonaerense y lo acus\u00f3 de despreciar a los trabajadores que hicieron posible su riqueza. El legislador cuestion\u00f3 la \u201cingratitud\u201d de un empresario que lleg\u00f3 al pa\u00eds como inmigrante tras la Segunda Guerra Mundial y lo inst\u00f3 a escuchar&#8230;<\/p>\n","protected":false},"author":11,"featured_media":11057,"comment_status":"open","ping_status":"open","sticky":false,"template":"","format":"standard","meta":{"_monsterinsights_skip_tracking":false,"_monsterinsights_sitenote_active":false,"_monsterinsights_sitenote_note":"","_monsterinsights_sitenote_category":0,"footnotes":"","jetpack_publicize_message":"","jetpack_publicize_feature_enabled":true,"jetpack_social_post_already_shared":true,"jetpack_social_options":{"image_generator_settings":{"template":"highway","default_image_id":0,"font":"","enabled":false},"version":2}},"categories":[2],"tags":[],"class_list":["post-11058","post","type-post","status-publish","format-standard","has-post-thumbnail","hentry","category-politica"],"jetpack_publicize_connections":[],"_links":{"self":[{"href":"https:\/\/www.enorsai.com\/noticias\/wp-json\/wp\/v2\/posts\/11058","targetHints":{"allow":["GET"]}}],"collection":[{"href":"https:\/\/www.enorsai.com\/noticias\/wp-json\/wp\/v2\/posts"}],"about":[{"href":"https:\/\/www.enorsai.com\/noticias\/wp-json\/wp\/v2\/types\/post"}],"author":[{"embeddable":true,"href":"https:\/\/www.enorsai.com\/noticias\/wp-json\/wp\/v2\/users\/11"}],"replies":[{"embeddable":true,"href":"https:\/\/www.enorsai.com\/noticias\/wp-json\/wp\/v2\/comments?post=11058"}],"version-history":[{"count":0,"href":"https:\/\/www.enorsai.com\/noticias\/wp-json\/wp\/v2\/posts\/11058\/revisions"}],"wp:featuredmedia":[{"embeddable":true,"href":"https:\/\/www.enorsai.com\/noticias\/wp-json\/wp\/v2\/media\/11057"}],"wp:attachment":[{"href":"https:\/\/www.enorsai.com\/noticias\/wp-json\/wp\/v2\/media?parent=11058"}],"wp:term":[{"taxonomy":"category","embeddable":true,"href":"https:\/\/www.enorsai.com\/noticias\/wp-json\/wp\/v2\/categories?post=11058"},{"taxonomy":"post_tag","embeddable":true,"href":"https:\/\/www.enorsai.com\/noticias\/wp-json\/wp\/v2\/tags?post=11058"}],"curies":[{"name":"wp","href":"https:\/\/api.w.org\/{rel}","templated":true}]}}