{"id":11056,"date":"2025-11-15T10:56:52","date_gmt":"2025-11-15T13:56:52","guid":{"rendered":"https:\/\/www.enorsai.com\/noticias\/politica\/grave-denuncia-por-el-estado-de-detencion-de-julio-de-vido-en-el-hospital-penitenciario\/"},"modified":"2025-11-15T10:56:52","modified_gmt":"2025-11-15T13:56:52","slug":"grave-denuncia-por-el-estado-de-detencion-de-julio-de-vido-en-el-hospital-penitenciario","status":"publish","type":"post","link":"https:\/\/www.enorsai.com\/noticias\/politica\/grave-denuncia-por-el-estado-de-detencion-de-julio-de-vido-en-el-hospital-penitenciario\/","title":{"rendered":"Grave denuncia por el estado de detenci\u00f3n de Julio De Vido en el Hospital Penitenciario"},"content":{"rendered":"\n<p>Su familia alerta por falta de comida adecuada, imposibilidad de higienizarse y ausencia total de medicaci\u00f3n<br><br>El periodista Ra\u00fal Kollmann difundi\u00f3 una denuncia realizada por Alessandra Minnicelli, esposa de Julio De Vido, sobre las condiciones en las que se encuentra detenido el ex ministro. Asegura que no recibe alimentaci\u00f3n apta para su diabetes, que est\u00e1 impedido de ba\u00f1arse y comunicarse, y que permanece sin medicaci\u00f3n ni pertenencias b\u00e1sicas. La publicaci\u00f3n gener\u00f3 un fuerte impacto en redes sociales, donde usuarios compararon la situaci\u00f3n con otros casos y apuntaron contra el Poder Judicial.<br><br><br>Un cuadro que despierta alarma y repudio<br><br>Seg\u00fan public\u00f3 Ra\u00fal Kollmann, Julio De Vido est\u00e1 internado en el Hospital Penitenciario en condiciones que su familia considera inhumanas. La denuncia indica que no recibe comida adecuada pese a su diabetes, no puede ba\u00f1arse, no tiene acceso a comunicaci\u00f3n y permanece sin la medicaci\u00f3n que necesita. Tampoco le entregaron el bolso con ropa que \u00e9l mismo llev\u00f3 para cambiarse. Minnicelli advierte que De Vido cumplir\u00e1 76 a\u00f1os en diciembre y que la situaci\u00f3n pone en riesgo su salud.<br><br>La descripci\u00f3n encendi\u00f3 una discusi\u00f3n inmediata en X. Muchos usuarios interpretaron lo relatado como un caso de maltrato estatal e incluso de violaci\u00f3n de derechos b\u00e1sicos. Una usuaria record\u00f3 que la tortura est\u00e1 prohibida en Argentina y cuestion\u00f3 qui\u00e9n dio la orden de lo que defini\u00f3 como \u201csemejante barbarie\u201d. Otros trazaron un paralelo directo con el caso de H\u00e9ctor Timerman, quien no recibi\u00f3 autorizaci\u00f3n judicial para viajar a realizar un tratamiento oncol\u00f3gico y falleci\u00f3 sin acceder a esa posibilidad.<\/p>\n\n\n\n<p><br>Un debate que vuelve a poner al Poder Judicial en el centro<br><br>Entre las respuestas m\u00e1s contundentes, varios usuarios sostuvieron que existe un patr\u00f3n pol\u00edtico en el encarcelamiento de dirigentes. Uno escribi\u00f3: \u201cLos \u00fanicos que van presos son los peronistas\u201d, mientras que otro afirm\u00f3: \u201cLo mismo que hicieron con Timerman. No nos sorprende\u201d. La idea de un sistema judicial selectivo y con sesgo pol\u00edtico reapareci\u00f3 con fuerza en los comentarios.<br><br>Tambi\u00e9n hubo cuestionamientos directos a la actuaci\u00f3n del Poder Judicial como instituci\u00f3n. Una usuaria relat\u00f3 el antecedente de la imposibilidad de Timerman para tratarse un c\u00e1ncer y remat\u00f3 afirmando: \u201cEl poder judicial es una mierda\u2026 Hay que hacer una purga\u201d. Aunque se trata de expresiones personales, dan cuenta del clima de hartazgo y desconfianza que rodea a los tribunales federales en amplios sectores de la sociedad.<br><br>Un caso que expone tensiones m\u00e1s profundas<br><br>La denuncia sobre las condiciones de detenci\u00f3n de De Vido se inscribe en una discusi\u00f3n m\u00e1s amplia sobre el trato a los detenidos, el acceso a la salud en contexto de encierro y la obligaci\u00f3n del Estado de garantizar derechos b\u00e1sicos incluso a quienes est\u00e1n bajo prisi\u00f3n preventiva o condenados.<br><br>La combinaci\u00f3n de falta de atenci\u00f3n m\u00e9dica, restricciones de higiene y ausencia de elementos personales no solo podr\u00eda constituir un trato degradante, sino que reaviva debates persistentes sobre el uso pol\u00edtico del sistema judicial y penitenciario en los \u00faltimos a\u00f1os. La indignaci\u00f3n reflejada en los comentarios muestra que, m\u00e1s all\u00e1 de las posiciones partidarias, una parte de la ciudadan\u00eda percibe estas situaciones como se\u00f1ales de un deterioro institucional grave.<br><br>El caso contin\u00faa generando repercusiones y se espera que organismos de derechos humanos y autoridades judiciales respondan ante la gravedad de la denuncia.<\/p>\n","protected":false},"excerpt":{"rendered":"<p>Su familia alerta por falta de comida adecuada, imposibilidad de higienizarse y ausencia total de medicaci\u00f3n El periodista Ra\u00fal Kollmann difundi\u00f3 una denuncia realizada por Alessandra Minnicelli, esposa de Julio De Vido, sobre las condiciones en las que se encuentra detenido el ex ministro. Asegura que no recibe alimentaci\u00f3n apta para su diabetes, que est\u00e1&#8230;<\/p>\n","protected":false},"author":1,"featured_media":11055,"comment_status":"open","ping_status":"open","sticky":false,"template":"","format":"standard","meta":{"_monsterinsights_skip_tracking":false,"_monsterinsights_sitenote_active":false,"_monsterinsights_sitenote_note":"","_monsterinsights_sitenote_category":0,"footnotes":"","jetpack_publicize_message":"","jetpack_publicize_feature_enabled":true,"jetpack_social_post_already_shared":true,"jetpack_social_options":{"image_generator_settings":{"template":"highway","default_image_id":0,"font":"","enabled":false},"version":2}},"categories":[3950,4046,2],"tags":[],"class_list":["post-11056","post","type-post","status-publish","format-standard","has-post-thumbnail","hentry","category-justicia","category-lawfare","category-politica"],"jetpack_publicize_connections":[],"_links":{"self":[{"href":"https:\/\/www.enorsai.com\/noticias\/wp-json\/wp\/v2\/posts\/11056","targetHints":{"allow":["GET"]}}],"collection":[{"href":"https:\/\/www.enorsai.com\/noticias\/wp-json\/wp\/v2\/posts"}],"about":[{"href":"https:\/\/www.enorsai.com\/noticias\/wp-json\/wp\/v2\/types\/post"}],"author":[{"embeddable":true,"href":"https:\/\/www.enorsai.com\/noticias\/wp-json\/wp\/v2\/users\/1"}],"replies":[{"embeddable":true,"href":"https:\/\/www.enorsai.com\/noticias\/wp-json\/wp\/v2\/comments?post=11056"}],"version-history":[{"count":0,"href":"https:\/\/www.enorsai.com\/noticias\/wp-json\/wp\/v2\/posts\/11056\/revisions"}],"wp:featuredmedia":[{"embeddable":true,"href":"https:\/\/www.enorsai.com\/noticias\/wp-json\/wp\/v2\/media\/11055"}],"wp:attachment":[{"href":"https:\/\/www.enorsai.com\/noticias\/wp-json\/wp\/v2\/media?parent=11056"}],"wp:term":[{"taxonomy":"category","embeddable":true,"href":"https:\/\/www.enorsai.com\/noticias\/wp-json\/wp\/v2\/categories?post=11056"},{"taxonomy":"post_tag","embeddable":true,"href":"https:\/\/www.enorsai.com\/noticias\/wp-json\/wp\/v2\/tags?post=11056"}],"curies":[{"name":"wp","href":"https:\/\/api.w.org\/{rel}","templated":true}]}}