{"id":11046,"date":"2025-11-14T21:57:08","date_gmt":"2025-11-15T00:57:08","guid":{"rendered":"https:\/\/www.enorsai.com\/noticias\/?p=11046"},"modified":"2025-11-14T22:16:01","modified_gmt":"2025-11-15T01:16:01","slug":"vergonzoso-jorge-macri-y-su-policia-le-tienen-miedo-a-una-mujer-activista-de-82-anos","status":"publish","type":"post","link":"https:\/\/www.enorsai.com\/noticias\/politica\/vergonzoso-jorge-macri-y-su-policia-le-tienen-miedo-a-una-mujer-activista-de-82-anos\/","title":{"rendered":"\u00a1Vergonzoso! Jorge Macri y su polic\u00eda le tienen miedo a una mujer activista de 82 a\u00f1os"},"content":{"rendered":"\n<p>Grave hostigamiento policial contra Andrea D\u2019Atri y Nina Brugo en la Legislatura porte\u00f1a<br><br>Un operativo desproporcionado en plena vereda de la Legislatura porte\u00f1a impidi\u00f3 el ingreso de Nina Brugo, hist\u00f3rica referente de la Campa\u00f1a Nacional por el Derecho al Aborto, de 82 a\u00f1os, al despacho de la diputada Andrea D\u2019Atri (PTS\u2013Frente de Izquierda). La legisladora denunci\u00f3 que ella y su equipo tambi\u00e9n fueron hostigados por efectivos de la Polic\u00eda de la Ciudad en un accionar que calific\u00f3 como \u201cins\u00f3lito, descomunal y arbitrario\u201d.<br><br>El episodio ocurri\u00f3 cuando la Campa\u00f1a Nacional por el Derecho al Aborto (CNDA) se acerc\u00f3 al edificio legislativo para presentar un proyecto ciudadano de repudio frente a los intentos del gobierno de Jorge Macri de obstaculizar el acceso a la Interrupci\u00f3n Voluntaria del Embarazo (IVE) en la Ciudad de Buenos Aires.<\/p>\n\n\n\n<figure class=\"wp-block-embed is-type-rich is-provider-twitter wp-block-embed-twitter\"><div class=\"wp-block-embed__wrapper\">\n<blockquote class=\"twitter-tweet\" data-width=\"550\" data-dnt=\"true\"><p lang=\"es\" dir=\"ltr\">Ins\u00f3lito, descomunal y arbitrario operativo en la vereda de la Legislatura porte\u00f1a para impedir que Nina Brugo, hist\u00f3rica referente de la Campa\u00f1a Nacional por el Derecho al Aborto, de 82 a\u00f1os, pueda acercarse a mi despacho. Tambi\u00e9n fuimos hostigados por la Polic\u00eda de la Ciudad,\u2026 <a href=\"https:\/\/t.co\/EqQJgKTdzb\">pic.twitter.com\/EqQJgKTdzb<\/a><\/p>&mdash; Andrea D&#39;Atri (@andreadatri) <a href=\"https:\/\/twitter.com\/andreadatri\/status\/1989453841268707581?ref_src=twsrc%5Etfw\">November 14, 2025<\/a><\/blockquote><script async src=\"https:\/\/platform.twitter.com\/widgets.js\" charset=\"utf-8\"><\/script>\n<\/div><\/figure>\n\n\n\n<p><br><br>Seg\u00fan relat\u00f3 D\u2019Atri en la red X, el operativo policial tuvo como objetivo impedir que Brugo \u2014una de las figuras m\u00e1s emblem\u00e1ticas del movimiento feminista argentino\u2014 pudiera acercarse a su despacho para mantener una reuni\u00f3n de trabajo. La diputada asegur\u00f3 que la Polic\u00eda de la Ciudad intervino de manera intimidatoria, tanto contra ella como contra integrantes de la banca del PTS\u2013Frente de Izquierda.<br><br>\u201cLa CNDA present\u00f3 un proyecto ciudadano de repudio a la obstaculizaci\u00f3n que el gobierno de Jorge Macri quiere interponer al acceso a la IVE en CABA. Es nuestra obligaci\u00f3n impedir el avance de los antiderechos en la legislaci\u00f3n porte\u00f1a\u201d, afirm\u00f3 D\u2019Atri.<br><br>El hecho se enmarca en un clima creciente de presiones institucionales y pol\u00edticas contra los derechos sexuales y reproductivos adquiridos, especialmente desde sectores conservadores que buscan revertir la legislaci\u00f3n vigente. Para las organizaciones feministas, lo sucedido en la Legislatura porte\u00f1a constituye un peligroso antecedente de persecuci\u00f3n y censura hacia quienes defienden derechos conquistados.<br><br>La denuncia ya circula con fuerza en redes sociales y se espera que derive en pronunciamientos legislativos y de organismos de derechos humanos durante los pr\u00f3ximos d\u00edas.<\/p>\n","protected":false},"excerpt":{"rendered":"<p>Grave hostigamiento policial contra Andrea D\u2019Atri y Nina Brugo en la Legislatura porte\u00f1a Un operativo desproporcionado en plena vereda de la Legislatura porte\u00f1a impidi\u00f3 el ingreso de Nina Brugo, hist\u00f3rica referente de la Campa\u00f1a Nacional por el Derecho al Aborto, de 82 a\u00f1os, al despacho de la diputada Andrea D\u2019Atri (PTS\u2013Frente de Izquierda). La legisladora&#8230;<\/p>\n","protected":false},"author":12,"featured_media":11047,"comment_status":"open","ping_status":"open","sticky":false,"template":"","format":"standard","meta":{"_monsterinsights_skip_tracking":false,"_monsterinsights_sitenote_active":false,"_monsterinsights_sitenote_note":"","_monsterinsights_sitenote_category":0,"footnotes":"","jetpack_publicize_message":"","jetpack_publicize_feature_enabled":true,"jetpack_social_post_already_shared":true,"jetpack_social_options":{"image_generator_settings":{"template":"highway","default_image_id":0,"font":"","enabled":false},"version":2}},"categories":[2],"tags":[],"class_list":["post-11046","post","type-post","status-publish","format-standard","has-post-thumbnail","hentry","category-politica"],"jetpack_publicize_connections":[],"_links":{"self":[{"href":"https:\/\/www.enorsai.com\/noticias\/wp-json\/wp\/v2\/posts\/11046","targetHints":{"allow":["GET"]}}],"collection":[{"href":"https:\/\/www.enorsai.com\/noticias\/wp-json\/wp\/v2\/posts"}],"about":[{"href":"https:\/\/www.enorsai.com\/noticias\/wp-json\/wp\/v2\/types\/post"}],"author":[{"embeddable":true,"href":"https:\/\/www.enorsai.com\/noticias\/wp-json\/wp\/v2\/users\/12"}],"replies":[{"embeddable":true,"href":"https:\/\/www.enorsai.com\/noticias\/wp-json\/wp\/v2\/comments?post=11046"}],"version-history":[{"count":1,"href":"https:\/\/www.enorsai.com\/noticias\/wp-json\/wp\/v2\/posts\/11046\/revisions"}],"predecessor-version":[{"id":11048,"href":"https:\/\/www.enorsai.com\/noticias\/wp-json\/wp\/v2\/posts\/11046\/revisions\/11048"}],"wp:featuredmedia":[{"embeddable":true,"href":"https:\/\/www.enorsai.com\/noticias\/wp-json\/wp\/v2\/media\/11047"}],"wp:attachment":[{"href":"https:\/\/www.enorsai.com\/noticias\/wp-json\/wp\/v2\/media?parent=11046"}],"wp:term":[{"taxonomy":"category","embeddable":true,"href":"https:\/\/www.enorsai.com\/noticias\/wp-json\/wp\/v2\/categories?post=11046"},{"taxonomy":"post_tag","embeddable":true,"href":"https:\/\/www.enorsai.com\/noticias\/wp-json\/wp\/v2\/tags?post=11046"}],"curies":[{"name":"wp","href":"https:\/\/api.w.org\/{rel}","templated":true}]}}