{"id":11036,"date":"2025-11-14T20:27:08","date_gmt":"2025-11-14T23:27:08","guid":{"rendered":"https:\/\/www.enorsai.com\/noticias\/?p=11036"},"modified":"2025-11-14T20:27:14","modified_gmt":"2025-11-14T23:27:14","slug":"gregorio-dalbon-voy-por-vos-y-por-tu-hermana","status":"publish","type":"post","link":"https:\/\/www.enorsai.com\/noticias\/politica\/gregorio-dalbon-voy-por-vos-y-por-tu-hermana\/","title":{"rendered":"Gregorio Dalb\u00f3n: \u201cVoy por vos y por tu hermana\u201d"},"content":{"rendered":"\n<p>La causa por corrupci\u00f3n en el \u00e1rea de discapacidad abri\u00f3 una grieta profunda dentro del propio oficialismo y dej\u00f3 al descubierto un costado del gobierno de Javier Milei que ni el relato libertario ni la ret\u00f3rica del ajuste moralizador pueden maquillar. La denuncia que motoriz\u00f3 esta investigaci\u00f3n se difundi\u00f3 p\u00fablicamente bajo un t\u00edtulo tan frontal como perturbador: <strong>\u201cVOY POR VOS Y POR TU HERMANA Javier Milei\u201d<\/strong>, escrito por el abogado Gregorio Dalb\u00f3n. M\u00e1s all\u00e1 de la contundencia del encabezado, el texto puso sobre la mesa datos que hoy encuentran correlato judicial: la existencia de un circuito de direccionamientos, sobreprecios y sobornos en compras de medicamentos e insumos de alto costo destinados a personas con discapacidad.<\/p>\n\n\n\n<p>La decisi\u00f3n judicial de llamar a indagatoria al ex titular de la Agencia Nacional de Discapacidad (ANDIS) no es un tr\u00e1mite administrativo m\u00e1s ni un cap\u00edtulo menor en la larga lista de conflictos internos del gobierno libertario. Es un golpe directo a la credibilidad de una administraci\u00f3n que prometi\u00f3 ser el emblema de la transparencia mientras desplegaba una motosierra que justificaba todo en nombre del d\u00e9ficit cero. El expediente revela, sin anestesia, que mientras se recortaban prestaciones, se demoraban entregas y se culpaba a supuestos privilegios heredados, dentro del propio Estado operaba un mecanismo orientado a beneficiar proveedores y actores privados en detrimento de quienes m\u00e1s dependen de la asistencia p\u00fablica.<\/p>\n\n\n\n<p>Lo que se investiga es, quiz\u00e1s, uno de los peores escenarios posibles: un entramado delictivo montado sobre la vulnerabilidad extrema. No hablamos de una irregularidad contable. No hablamos de un error t\u00e9cnico, un contrato mal redactado o una confusi\u00f3n en la interpretaci\u00f3n normativa. Lo que sugiere la causa es que se desvi\u00f3 dinero que deb\u00eda ser usado para adquirir insumos indispensables para personas con discapacidad, un sector que no puede esperar, que no puede reemplazar tratamientos por alternativas m\u00e1s baratas, que no puede dejar pasar semanas sin recibir un medicamento cr\u00edtico.<\/p>\n\n\n\n<figure class=\"wp-block-embed is-type-rich is-provider-twitter wp-block-embed-twitter\"><div class=\"wp-block-embed__wrapper\">\n<blockquote class=\"twitter-tweet\" data-width=\"550\" data-dnt=\"true\"><p lang=\"es\" dir=\"ltr\">VOY POR VOS Y POR TU HERMANA <a href=\"https:\/\/twitter.com\/JMilei?ref_src=twsrc%5Etfw\">@JMilei<\/a> <br><br>La causa por corrupci\u00f3n en discapacidad empieza a mostrar su verdadera dimensi\u00f3n.<br>La Justicia llam\u00f3 a indagatoria al ex titular de ANDIS por direccionamiento, sobreprecios y sobornos en la compra de medicamentos e insumos de alto costo\u2026 <a href=\"https:\/\/t.co\/Qtu8H7Gto7\">pic.twitter.com\/Qtu8H7Gto7<\/a><\/p>&mdash; DALB\u00d3N (@Gregoriodalbon) <a href=\"https:\/\/twitter.com\/Gregoriodalbon\/status\/1989441128651714670?ref_src=twsrc%5Etfw\">November 14, 2025<\/a><\/blockquote><script async src=\"https:\/\/platform.twitter.com\/widgets.js\" charset=\"utf-8\"><\/script>\n<\/div><\/figure>\n\n\n\n<p>El propio Dalb\u00f3n sintetiz\u00f3 la gravedad del hecho en una frase que retumb\u00f3 en redes sociales y que hoy adquiere m\u00e1s peso que nunca: \u201cCon los discapacitados no. Ah\u00ed no se roba. Ah\u00ed no se especula. Ah\u00ed no hay excusas\u201d. Ese planteo, cargado de indignaci\u00f3n moral, funciona como una l\u00ednea que ning\u00fan proyecto pol\u00edtico deber\u00eda cruzar. Y, sin embargo, la Justicia entiende que se cruz\u00f3. Que se habilit\u00f3. Que se repiti\u00f3 m\u00e1s de una vez.<\/p>\n\n\n\n<p>La denuncia original, seg\u00fan describe Dalb\u00f3n, expuso un sistema oscuro donde proveedores vinculados, empresas favorecidas y operadores internos creyeron que jam\u00e1s ser\u00edan investigados. Ese clima de impunidad no surge de la nada. Requiere decisiones pol\u00edticas, autorizaciones, firmas, avales. Requiere una red de protecci\u00f3n que va m\u00e1s all\u00e1 de un funcionario aislado. Requiere que alguien haya considerado que, incluso en el \u00e1rea de discapacidad, el negocio ten\u00eda prioridad sobre la necesidad.<\/p>\n\n\n\n<p>La investigaci\u00f3n judicial profundiza esa sospecha. El llamado a indagatoria del ex titular de ANDIS marca el inicio de un proceso que puede escalar hacia arriba en la cadena de responsabilidades. Dalb\u00f3n insiste en que este es \u201capenas el primer paso\u201d, y la Justicia parece coincidir: el expediente no solo identifica a quienes firmaron, sino a quienes se beneficiaron. Esto abre una tensi\u00f3n pol\u00edtica inevitable para el gobierno de Milei, que ya enfrenta cr\u00edticas por sus recortes en salud, educaci\u00f3n, transporte y asistencia social. Si la motosierra era presentada como una herramienta moralizadora, la causa demuestra que, en paralelo, operaban esquemas que nada tienen que ver con la austeridad, la eficiencia o la transparencia prometida.<\/p>\n\n\n\n<p>Todo esto ocurre mientras el propio gobierno recortaba programas esenciales para personas con discapacidad. La eliminaci\u00f3n o reducci\u00f3n de prestaciones, la demora en autorizaciones, la discontinuidad en entregas de insumos b\u00e1sicos y la ca\u00edda en la atenci\u00f3n estatal no fueron decisiones neutras: generaron angustia, retrocesos en tratamientos, p\u00e9rdida de autonom\u00eda y situaciones de riesgo. Ahora, saber que al mismo tiempo se habr\u00edan direccionado compras con sobreprecios resulta directamente insoportable.<\/p>\n\n\n\n<p>Hay algo profundamente violento en esta superposici\u00f3n: el Estado que exige sacrificios a los m\u00e1s vulnerables es el mismo que, seg\u00fan la investigaci\u00f3n, permiti\u00f3 que ciertos actores hicieran negocios con la medicaci\u00f3n que esas personas necesitaban para vivir mejor o, en algunos casos, simplemente para vivir. Esa contradicci\u00f3n es la que vuelve explosivo el expediente, no solo en t\u00e9rminos judiciales, sino tambi\u00e9n pol\u00edticos y simb\u00f3licos.<\/p>\n\n\n\n<p>La causa tambi\u00e9n saca a la luz una debilidad estructural del mile\u00edsmo. Su discurso fue construido sobre una identidad moral: ellos ser\u00edan los que ven\u00edan a limpiar, a cortar privilegios, a exponer y a denunciar a los corruptos. La motosierra no era solo un instrumento econ\u00f3mico: era un s\u00edmbolo \u00e9tico. Pero lo que revela este caso es que dentro del propio andamiaje gubernamental tambi\u00e9n hab\u00eda privilegios, tambi\u00e9n hab\u00eda negocios, tambi\u00e9n hab\u00eda beneficiarios selectos. No se trata de \u201cla casta de antes\u201d, esa categor\u00eda difusa que Milei usa para culpar al pasado de todos sus fracasos presentes. Se trata de su administraci\u00f3n, de funcionarios nombrados por \u00e9l, de decisiones tomadas bajo su gobierno.<\/p>\n\n\n\n<p>El impacto pol\u00edtico de esta investigaci\u00f3n puede ser profundo porque toca una fibra social sensible. No hay sector m\u00e1s indefendible, m\u00e1s injustificable, m\u00e1s inapropiado para la especulaci\u00f3n que el de discapacidad. Nadie \u2014ni oficialistas ni opositores, ni libertarios ni peronistas, ni votantes de Milei ni cr\u00edticos f\u00e9rreos\u2014 puede tolerar con serenidad que se haya montado un esquema de sobreprecios en medicamentos de alto costo para personas con discapacidad. Es una l\u00ednea moral que atraviesa cualquier ideolog\u00eda. Y el expediente la muestra vulnerada.<\/p>\n\n\n\n<p>La consecuencia inmediata es el da\u00f1o reputacional para un gobierno que se presenta como incorruptible. Pero la consecuencia m\u00e1s profunda es la herida abierta en miles de familias que dependen de ANDIS para sostener tratamientos imprescindibles. Para esas familias, esta causa no es un debate pol\u00edtico: es la confirmaci\u00f3n de que sus necesidades fueron postergadas porque alguien encontr\u00f3 un negocio. Esa es la verdadera violencia institucional, la que no deja marcas visibles pero destruye vidas silenciosamente.<\/p>\n\n\n\n<p>Dalb\u00f3n afirma que \u201clas responsabilidades pol\u00edticas, administrativas y penales deber\u00e1n surgir con claridad, caiga quien caiga\u201d. Ese \u201ccaiga quien caiga\u201d marca un punto de inflexi\u00f3n. La Justicia ya empez\u00f3 a moverse. Los involucrados ya est\u00e1n siendo citados. Y lo que salga de estas indagatorias puede tensar a\u00fan m\u00e1s el fr\u00e1gil equilibrio del gobierno libertario, cuya legitimidad social se erosiona d\u00eda a d\u00eda entre ajustes, recortes, conflictos internos y ahora un caso de corrupci\u00f3n donde la v\u00edctima es el sector m\u00e1s vulnerable del pa\u00eds.<\/p>\n\n\n\n<p>La investigaci\u00f3n contin\u00faa, y, como anticipa Dalb\u00f3n, no se detendr\u00e1 hasta identificar a todos los que participaron del esquema, desde los que firmaron hasta los que se beneficiaron. Si el relato oficialista se construy\u00f3 sobre la promesa de transparencia, este expediente ser\u00e1 una prueba de fuego. La pregunta ya no es si hubo corrupci\u00f3n: la pregunta es cu\u00e1nta, qui\u00e9nes participaron y hasta d\u00f3nde llega la cadena de responsabilidades dentro del gobierno de Javier Milei.<\/p>\n","protected":false},"excerpt":{"rendered":"<p>La causa por corrupci\u00f3n en el \u00e1rea de discapacidad abri\u00f3 una grieta profunda dentro del propio oficialismo y dej\u00f3 al descubierto un costado del gobierno de Javier Milei que ni el relato libertario ni la ret\u00f3rica del ajuste moralizador pueden maquillar. La denuncia que motoriz\u00f3 esta investigaci\u00f3n se difundi\u00f3 p\u00fablicamente bajo un t\u00edtulo tan frontal&#8230;<\/p>\n","protected":false},"author":1,"featured_media":11037,"comment_status":"open","ping_status":"open","sticky":false,"template":"","format":"standard","meta":{"_monsterinsights_skip_tracking":false,"_monsterinsights_sitenote_active":false,"_monsterinsights_sitenote_note":"","_monsterinsights_sitenote_category":0,"footnotes":"","jetpack_publicize_message":"","jetpack_publicize_feature_enabled":true,"jetpack_social_post_already_shared":true,"jetpack_social_options":{"image_generator_settings":{"template":"highway","default_image_id":0,"font":"","enabled":false},"version":2}},"categories":[3950,2],"tags":[],"class_list":["post-11036","post","type-post","status-publish","format-standard","has-post-thumbnail","hentry","category-justicia","category-politica"],"jetpack_publicize_connections":[],"_links":{"self":[{"href":"https:\/\/www.enorsai.com\/noticias\/wp-json\/wp\/v2\/posts\/11036","targetHints":{"allow":["GET"]}}],"collection":[{"href":"https:\/\/www.enorsai.com\/noticias\/wp-json\/wp\/v2\/posts"}],"about":[{"href":"https:\/\/www.enorsai.com\/noticias\/wp-json\/wp\/v2\/types\/post"}],"author":[{"embeddable":true,"href":"https:\/\/www.enorsai.com\/noticias\/wp-json\/wp\/v2\/users\/1"}],"replies":[{"embeddable":true,"href":"https:\/\/www.enorsai.com\/noticias\/wp-json\/wp\/v2\/comments?post=11036"}],"version-history":[{"count":1,"href":"https:\/\/www.enorsai.com\/noticias\/wp-json\/wp\/v2\/posts\/11036\/revisions"}],"predecessor-version":[{"id":11038,"href":"https:\/\/www.enorsai.com\/noticias\/wp-json\/wp\/v2\/posts\/11036\/revisions\/11038"}],"wp:featuredmedia":[{"embeddable":true,"href":"https:\/\/www.enorsai.com\/noticias\/wp-json\/wp\/v2\/media\/11037"}],"wp:attachment":[{"href":"https:\/\/www.enorsai.com\/noticias\/wp-json\/wp\/v2\/media?parent=11036"}],"wp:term":[{"taxonomy":"category","embeddable":true,"href":"https:\/\/www.enorsai.com\/noticias\/wp-json\/wp\/v2\/categories?post=11036"},{"taxonomy":"post_tag","embeddable":true,"href":"https:\/\/www.enorsai.com\/noticias\/wp-json\/wp\/v2\/tags?post=11036"}],"curies":[{"name":"wp","href":"https:\/\/api.w.org\/{rel}","templated":true}]}}