{"id":11031,"date":"2025-11-14T12:29:04","date_gmt":"2025-11-14T15:29:04","guid":{"rendered":"https:\/\/www.enorsai.com\/noticias\/?p=11031"},"modified":"2025-11-14T21:46:02","modified_gmt":"2025-11-15T00:46:02","slug":"nuevo-escandalo-marin-menem-prorrogo-una-licitacion-de-limpieza-que-favorece-a-su-nutricionista-por-1-500-millones","status":"publish","type":"post","link":"https:\/\/www.enorsai.com\/noticias\/politica\/nuevo-escandalo-marin-menem-prorrogo-una-licitacion-de-limpieza-que-favorece-a-su-nutricionista-por-1-500-millones\/","title":{"rendered":"Nuevo esc\u00e1ndalo : Mart\u00edn Menem prorrog\u00f3 una licitaci\u00f3n de limpieza que favorece a su nutricionista por $1.500 millones"},"content":{"rendered":"\n<p>Un posteo viral revel\u00f3 que Mart\u00edn Menem autoriz\u00f3 transferencias por 1.500 millones de pesos a La Bizantina SRL, empresa cuyo titular es el esposo de su nutricionista. La denuncia se suma a un extenso historial de contrataciones irregulares, v\u00ednculos personales que se entrecruzan con fondos p\u00fablicos y una cadena de causas que rodean al oficialismo. En medio del silencio del gobierno, las redes amplifican el caso como el s\u00edmbolo de una corrupci\u00f3n que crece mientras Milei promete \u201cmotosierra para la casta\u201d.<\/p>\n\n\n\n<p>El nuevo esc\u00e1ndalo que rodea a Mart\u00edn Menem, presidente de la C\u00e1mara de Diputados y una de las figuras m\u00e1s influyentes del oficialismo libertario, expone con crudeza la contradicci\u00f3n m\u00e1s profunda del gobierno de Javier Milei: mientras repite en cada tribuna que lleg\u00f3 a limpiar \u201cla mugre de la pol\u00edtica\u201d, el c\u00edrculo \u00edntimo del poder parece reproducir, paso a paso, las mismas l\u00f3gicas de favoritismo, opacidad y beneficios personales que Milei promet\u00eda destruir. El caso, revelado por la cuenta opositora @RPN_Oficial en X y basado en un informe anterior de El Disenso, estall\u00f3 con un nivel de detalle que transforma lo que muchos defensores oficialistas intentaron minimizar como \u201cataques de la oposici\u00f3n\u201d en algo que se parece demasiado a un nuevo cap\u00edtulo del viejo manual de la corrupci\u00f3n estatal.<\/p>\n\n\n\n<p>La denuncia se\u00f1ala que Menem autoriz\u00f3 una pr\u00f3rroga de licitaci\u00f3n por 806 millones de pesos para la empresa de limpieza La Bizantina SRL, que ya hab\u00eda cobrado 694 millones previamente. El total asciende a 1.500 millones de pesos provenientes del presupuesto p\u00fablico de la C\u00e1mara de Diputados. Pero el problema no es solo la magnitud del monto, sino el v\u00ednculo personal que atraviesa la operaci\u00f3n: el titular de la empresa, Nicol\u00e1s Hazaff, es el esposo de la nutricionista personal de Menem, que trabaja en GenTech, la empresa de suplementos deportivos fundada por el propio presidente de la C\u00e1mara. La relaci\u00f3n entre el proveedor y el funcionario es directa, \u00edntima y operativa. Y el hecho de que la pr\u00f3rroga se haya otorgado sin una nueva licitaci\u00f3n competitiva implica una violaci\u00f3n a la Ley 27.437 de Compras P\u00fablicas.<\/p>\n\n\n\n<p>Lo que agrava la situaci\u00f3n es que la figura de Menem, lejos de ser marginal dentro del armado libertario, funciona como uno de los operadores pol\u00edticos clave del oficialismo. Su firma concentra decisiones presupuestarias sensibles, su rol lo ubica en el centro de la administraci\u00f3n parlamentaria y su apellido, cargado de historia, a\u00f1ade un componente simb\u00f3lico que intensifica las repercusiones. Ning\u00fan otro funcionario de la C\u00e1mara ostenta tanto poder discrecional, y ninguna contrataci\u00f3n lleva su peso institucional como las adjudicaciones firmadas directamente desde su despacho.<\/p>\n\n\n\n<p>El video de 57 segundos difundido por @RPN_Oficial acumul\u00f3 m\u00e1s de 1.300 vistas y abri\u00f3 la puerta a una escalada de posteos, retuits y comentarios cr\u00edticos que multiplicaron el impacto. La denuncia conect\u00f3, adem\u00e1s, con un clima de creciente malestar social ante la doble vara del discurso oficialista: Milei insiste con que \u201cla casta\u201d son otros, pero es su propio espacio el que acumula esc\u00e1ndalos por favoritismos, contrataciones irregulares, sobreprecios y v\u00ednculos entre negocios privados y fondos estatales. La nutrida reacci\u00f3n en X no surgi\u00f3 de la nada; fue la respuesta autom\u00e1tica de una sociedad que ya viene viendo un patr\u00f3n, un hilo conductor que une varios casos en un mismo ecosistema de privilegios internos.<\/p>\n\n\n\n<p>El post de El Disenso del 6 de noviembre aport\u00f3 el sustento documental: Menem no solo firm\u00f3 la adjudicaci\u00f3n inicial de 694 millones, sino tambi\u00e9n la pr\u00f3rroga que dispar\u00f3 el total a 1.500 millones. Lo hizo sin convocar a una nueva licitaci\u00f3n, de manera directa, consolidando as\u00ed un favoritismo que dif\u00edcilmente pueda explicarse bajo criterios de transparencia o eficiencia administrativa. Para colmo, la relaci\u00f3n entre Menem y GenTech ya hab\u00eda quedado bajo la lupa por anteriores v\u00ednculos comerciales con empresas proveedoras del Estado.<\/p>\n\n\n\n<p>La ola de repercusiones no tard\u00f3 en crecer. La cuenta @diagonalesweb amplific\u00f3 el caso publicando que el mejor amigo de Menem se hab\u00eda quedado con mil millones del Estado a trav\u00e9s de un esquema similar. Poco despu\u00e9s, el mismo medio difundi\u00f3 otro informe en el que estimaban que Menem hab\u00eda obtenido, desde la asunci\u00f3n de Milei, unos 11 mil millones de pesos en contrataciones estatales diversas. La cifra es tan exorbitante que cuesta encontrar antecedentes recientes de funcionarios con semejante nivel de exposici\u00f3n patrimonial vinculada a la obra p\u00fablica o las compras estatales. Mientras tanto, los defensores del oficialismo en X acusaban a la oposici\u00f3n de \u201carmar carpetazos\u201d. La estrategia discursiva ya es conocida: negar, relativizar, victimizarse y se\u00f1alar a otros. Pero los datos siguen ah\u00ed.<\/p>\n\n\n\n<figure class=\"wp-block-embed is-type-rich is-provider-twitter wp-block-embed-twitter\"><div class=\"wp-block-embed__wrapper\">\n<blockquote class=\"twitter-tweet\" data-width=\"550\" data-dnt=\"true\"><p lang=\"es\" dir=\"ltr\">\ud83d\udea8 URGENTE \/ ESC\u00c1NDALO! Mart\u00edn Menem autoriz\u00f3 trasferencias por 1.500.000.000 al esposo de su nutricionista, otro hecho de corrupci\u00f3n que se suma a la lista de este delincuente. <a href=\"https:\/\/t.co\/zdJZSyuMQQ\">pic.twitter.com\/zdJZSyuMQQ<\/a><\/p>&mdash; Soledad Gimenez (@gisoleok) <a href=\"https:\/\/twitter.com\/gisoleok\/status\/1989132658945978473?ref_src=twsrc%5Etfw\">November 14, 2025<\/a><\/blockquote><script async src=\"https:\/\/platform.twitter.com\/widgets.js\" charset=\"utf-8\"><\/script>\n<\/div><\/figure>\n\n\n\n<p>Nada ocurre en el vac\u00edo. Este caso se suma a una lista cada vez m\u00e1s extensa de causas que rodean a Menem. Seg\u00fan fuentes judiciales y period\u00edsticas, existen al menos siete investigaciones en curso o en etapa preliminar que involucran montos superiores a los 40 mil millones de pesos. Desde compras directas irregulares en ANDIS por 30 mil millones hasta contrataciones cuestionadas con Tech Security SRL, la empresa familiar vinculada a la seguridad bancaria; desde los 156 millones imputados en OSPRERA hasta los 2.200 millones denunciados en convenios irregulares con PAMI y ANDIS, pasando por las supuestas ganancias de 15 millones de d\u00f3lares en el llamado \u201cLibra Gate\u201d, las sospechas se acumulan como una nube permanente sobre la figura del presidente de la C\u00e1mara.<\/p>\n\n\n\n<p>No es menor que incluso dentro del propio oficialismo riojano hayan surgido cr\u00edticas internas. Alfredo Menem, primo del diputado, dijo en agosto de 2025 que \u201cen todos los hechos de corrupci\u00f3n del gobierno de Milei est\u00e1n metidos Mart\u00edn y Lule\u201d, en alusi\u00f3n a Eduardo Menem. Las declaraciones no fueron desmentidas por el entorno libertario, que prefiri\u00f3 desactivar la discusi\u00f3n. Pero el se\u00f1alamiento de un familiar directo, con un cargo pol\u00edtico relevante, demuestra que la percepci\u00f3n de irregularidad no es solo producto de la oposici\u00f3n ni de los medios cr\u00edticos. El conflicto se expande hacia el interior del propio ri\u00f1\u00f3n del poder.<\/p>\n\n\n\n<p>La ausencia de una respuesta oficial, hasta el 14 de noviembre de 2025, refuerza la sensaci\u00f3n de impunidad. Ni Menem ni La Libertad Avanza han ofrecido una explicaci\u00f3n p\u00fablica. El silencio institucional se vuelve ensordecedor cuando las acusaciones son tan concretas, los montos tan cuantiosos y los v\u00ednculos tan expl\u00edcitos. Es dif\u00edcil creer que un gobierno que exige austeridad extrema a jubilados, estudiantes, docentes y trabajadores, que ajusta en salarios y en infraestructura b\u00e1sica, pueda justificar sin pudor una licitaci\u00f3n de 1.500 millones a un proveedor \u00edntimamente vinculado al presidente de la C\u00e1mara. La contradicci\u00f3n es brutal. Y la sociedad la percibe con claridad.<\/p>\n\n\n\n<p>Lo llamativo es que los grandes medios afines al gobierno, como La Naci\u00f3n y Clar\u00edn, han optado por omitir el caso. No le dedicaron espacio, no lo mencionaron, no analizaron su impacto pol\u00edtico. La omisi\u00f3n funciona como blindaje, como un pacto t\u00e1cito entre el poder pol\u00edtico y ciertos conglomerados empresariales que ven en Milei un aliado para sus propios intereses regulatorios y econ\u00f3micos. Mientras tanto, sitios como Diagonales y El Disenso, y perfiles de X como @RPN_Oficial, @Clorobles2 y @diagonalesweb, sostienen el seguimiento de estas denuncias que, acumuladas, conforman un mapa de irregularidades que contradice toda la pr\u00e9dica anticasta del presidente.<\/p>\n\n\n\n<p>Este esc\u00e1ndalo, m\u00e1s all\u00e1 de los nombres propios, vuelve a poner de relieve un problema de fondo: la concentraci\u00f3n de poder en figuras que operan sin controles reales, amparadas en un gobierno que desprecia los mecanismos de equilibrio institucional. La l\u00f3gica de \u201chacer lo que queremos porque ganamos las elecciones\u201d se traduce en decisiones administrativas que violan normativas vigentes, en contrataciones que favorecen a amigos, socios o familiares y en un desprecio absoluto por la transparencia p\u00fablica. Cuando se gobierna desde el desprecio por el Estado, el resultado es un Estado capturado por intereses personales.<\/p>\n\n\n\n<p>No es casual que la reacci\u00f3n social haya sido tan intensa. La ciudadan\u00eda, golpeada por el ajuste, observa con una mezcla de bronca e incredulidad c\u00f3mo quienes exigen sacrificios se permiten manejar millones con discrecionalidad. La indignaci\u00f3n es comprensible: mientras Milei sostiene que no hay plata, los suyos parecen encontrarla sin dificultad en contratos, pr\u00f3rrogas y licitaciones que se firman entre pocas manos. No es exagerado decir que el caso La Bizantina podr\u00eda convertirse en un s\u00edmbolo de \u00e9poca, la evidencia m\u00e1s clara de que el discurso libertario choca contra la realidad de sus propios actos.<\/p>\n\n\n\n<p>La trama abierta por esta denuncia a\u00fan no tiene final. Depender\u00e1 de la presi\u00f3n medi\u00e1tica, de la insistencia de las voces cr\u00edticas en redes y de la capacidad de la sociedad para exigir que los mecanismos institucionales act\u00faen. Pero lo cierto es que este episodio no surge de la nada: es parte de un patr\u00f3n consolidado de irregularidades que atraviesa al oficialismo y que, por m\u00e1s esfuerzos que se hagan por minimizarlo, se vuelve cada vez m\u00e1s visible.<\/p>\n\n\n\n<p>El gobierno de Javier Milei prometi\u00f3 dinamitar la corrupci\u00f3n. Hoy, sus propios dirigentes la reproducen. La casta, al final, parece estar m\u00e1s cerca de lo que Milei imaginaba. O quiz\u00e1s, simplemente, nunca estuvo tan lejos.<\/p>\n\n\n\n<p><\/p>\n\n\n\n<p><\/p>\n","protected":false},"excerpt":{"rendered":"<p>Un posteo viral revel\u00f3 que Mart\u00edn Menem autoriz\u00f3 transferencias por 1.500 millones de pesos a La Bizantina SRL, empresa cuyo titular es el esposo de su nutricionista. La denuncia se suma a un extenso historial de contrataciones irregulares, v\u00ednculos personales que se entrecruzan con fondos p\u00fablicos y una cadena de causas que rodean al oficialismo&#8230;.<\/p>\n","protected":false},"author":11,"featured_media":11032,"comment_status":"open","ping_status":"open","sticky":false,"template":"","format":"standard","meta":{"_monsterinsights_skip_tracking":false,"_monsterinsights_sitenote_active":false,"_monsterinsights_sitenote_note":"","_monsterinsights_sitenote_category":0,"footnotes":"","jetpack_publicize_message":"","jetpack_publicize_feature_enabled":true,"jetpack_social_post_already_shared":true,"jetpack_social_options":{"image_generator_settings":{"template":"highway","default_image_id":0,"font":"","enabled":false},"version":2}},"categories":[3947,2],"tags":[],"class_list":["post-11031","post","type-post","status-publish","format-standard","has-post-thumbnail","hentry","category-corrupcion","category-politica"],"jetpack_publicize_connections":[],"_links":{"self":[{"href":"https:\/\/www.enorsai.com\/noticias\/wp-json\/wp\/v2\/posts\/11031","targetHints":{"allow":["GET"]}}],"collection":[{"href":"https:\/\/www.enorsai.com\/noticias\/wp-json\/wp\/v2\/posts"}],"about":[{"href":"https:\/\/www.enorsai.com\/noticias\/wp-json\/wp\/v2\/types\/post"}],"author":[{"embeddable":true,"href":"https:\/\/www.enorsai.com\/noticias\/wp-json\/wp\/v2\/users\/11"}],"replies":[{"embeddable":true,"href":"https:\/\/www.enorsai.com\/noticias\/wp-json\/wp\/v2\/comments?post=11031"}],"version-history":[{"count":2,"href":"https:\/\/www.enorsai.com\/noticias\/wp-json\/wp\/v2\/posts\/11031\/revisions"}],"predecessor-version":[{"id":11044,"href":"https:\/\/www.enorsai.com\/noticias\/wp-json\/wp\/v2\/posts\/11031\/revisions\/11044"}],"wp:featuredmedia":[{"embeddable":true,"href":"https:\/\/www.enorsai.com\/noticias\/wp-json\/wp\/v2\/media\/11032"}],"wp:attachment":[{"href":"https:\/\/www.enorsai.com\/noticias\/wp-json\/wp\/v2\/media?parent=11031"}],"wp:term":[{"taxonomy":"category","embeddable":true,"href":"https:\/\/www.enorsai.com\/noticias\/wp-json\/wp\/v2\/categories?post=11031"},{"taxonomy":"post_tag","embeddable":true,"href":"https:\/\/www.enorsai.com\/noticias\/wp-json\/wp\/v2\/tags?post=11031"}],"curies":[{"name":"wp","href":"https:\/\/api.w.org\/{rel}","templated":true}]}}