{"id":1103,"date":"2025-02-11T20:15:00","date_gmt":"2025-02-11T23:15:00","guid":{"rendered":"http:\/\/www.enorsai.com\/noticias\/?p=1103"},"modified":"2025-02-11T20:05:10","modified_gmt":"2025-02-11T23:05:10","slug":"la-sombra-del-ajuste-400-despidos-amenazan-a-granja-tres-arroyos","status":"publish","type":"post","link":"https:\/\/www.enorsai.com\/noticias\/economia\/la-sombra-del-ajuste-400-despidos-amenazan-a-granja-tres-arroyos\/","title":{"rendered":"La sombra del ajuste: 400 despidos amenazan a Granja Tres Arroyos"},"content":{"rendered":"\n<p><strong><em>El vaciamiento laboral golpea a Entre R\u00edos mientras el gobierno de Javier Milei guarda silencio ante una nueva crisis social.<\/em><\/strong><\/p>\n\n\n\n<p>Trabajadores de Granja Tres Arroyos marcharon en Concepci\u00f3n del Uruguay para denunciar despidos masivos, irregularidades salariales y la inminente p\u00e9rdida de 400 puestos de trabajo. El final de la conciliaci\u00f3n obligatoria deja expuestos a cientos de familias ante un Estado ausente.<\/p>\n\n\n\n<p>El coraz\u00f3n productivo de Entre R\u00edos late con una preocupaci\u00f3n que crece al ritmo del ajuste econ\u00f3mico impulsado por el gobierno de Javier Milei. En Concepci\u00f3n del Uruguay, trabajadores de la empresa av\u00edcola Granja Tres Arroyos tomaron las calles en una masiva movilizaci\u00f3n que expuso el drama de los despidos masivos y la inestabilidad laboral que acecha a m\u00e1s de 400 familias.<\/p>\n\n\n\n<p>El pasado s\u00e1bado por la ma\u00f1ana, una marea de obreros y sus seres queridos march\u00f3 por el centro de la ciudad, visibilizando una problem\u00e1tica que amenaza con convertirse en una tragedia social. Las pancartas reflejaban el dolor de quienes han perdido su fuente de ingresos y el miedo de aquellos que saben que podr\u00edan ser los pr\u00f3ximos. La consigna era clara: \u201cTrabajo digno y salarios justos\u201d, un grito que resuena en un pa\u00eds donde las pol\u00edticas de ajuste han dejado a los trabajadores a la intemperie.<\/p>\n\n\n\n<figure class=\"wp-block-embed is-type-wp-embed is-provider-incrustar-wordpress wp-block-embed-incrustar-wordpress\"><div class=\"wp-block-embed__wrapper\">\n<blockquote class=\"wp-embedded-content\" data-secret=\"p4VolyX9sO\"><a href=\"https:\/\/www.enorsai.com\/noticias\/politica\/ficha-limpia-la-cortina-de-humo-para-tapar-el-industricidio-de-milei\/\">Ficha Limpia: la cortina de humo para tapar el industricidio de Milei<\/a><\/blockquote><iframe loading=\"lazy\" class=\"wp-embedded-content\" sandbox=\"allow-scripts\" security=\"restricted\" style=\"position: absolute; visibility: hidden;\" title=\"\u00abFicha Limpia: la cortina de humo para tapar el industricidio de Milei\u00bb \u2014 \" src=\"https:\/\/www.enorsai.com\/noticias\/politica\/ficha-limpia-la-cortina-de-humo-para-tapar-el-industricidio-de-milei\/embed\/#?secret=IIl9bqwMJv#?secret=p4VolyX9sO\" data-secret=\"p4VolyX9sO\" width=\"600\" height=\"338\" frameborder=\"0\" marginwidth=\"0\" marginheight=\"0\" scrolling=\"no\"><\/iframe>\n<\/div><\/figure>\n\n\n\n<p>La empresa, que es uno de los principales empleadores de la regi\u00f3n, enfrenta cr\u00edticas no solo por los despidos, sino tambi\u00e9n por las irregularidades en el pago de salarios quincenales. Los trabajadores denuncian demoras y recortes arbitrarios, mientras la direcci\u00f3n empresarial se escuda en la crisis econ\u00f3mica y la falta de respuestas claras por parte del gobierno nacional.<\/p>\n\n\n\n<p>El Sindicato de Trabajadores de la Alimentaci\u00f3n, que ha encabezado las negociaciones, advirti\u00f3 que este lunes finaliza la conciliaci\u00f3n obligatoria, un proceso que hasta ahora solo ha servido para postergar lo inevitable: m\u00e1s despidos. La expectativa est\u00e1 centrada en que la empresa cumpla con lo acordado en las paritarias, aunque el clima es de incertidumbre y desconfianza.<\/p>\n\n\n\n<p>El gobierno de Javier Milei, fiel a su l\u00f3gica de desregulaci\u00f3n y abandono del rol del Estado como garante de derechos, se mantiene en silencio ante esta situaci\u00f3n. No hay planes de contingencia ni pol\u00edticas de protecci\u00f3n laboral en un contexto donde la desocupaci\u00f3n crece y el poder adquisitivo de los salarios se derrumba.<\/p>\n\n\n\n<p>Esta crisis no es un hecho aislado. Forma parte de un escenario nacional donde el ajuste econ\u00f3mico se traduce en despidos masivos, cierre de empresas y una precarizaci\u00f3n laboral cada vez m\u00e1s profunda. La indiferencia del gobierno nacional frente a estos conflictos demuestra una clara intenci\u00f3n de desmantelar los derechos conquistados por los trabajadores a lo largo de d\u00e9cadas de lucha.<\/p>\n\n\n\n<p>Mientras las calles de Concepci\u00f3n del Uruguay se llenan de voces que exigen trabajo y dignidad, el gobierno mira hacia otro lado. La falta de intervenci\u00f3n estatal solo evidencia que el ajuste no es un accidente, sino una decisi\u00f3n pol\u00edtica que beneficia a los grandes empresarios a costa de la clase trabajadora.<\/p>\n\n\n\n<p>El desenlace de este conflicto es incierto, pero lo que queda claro es que la resistencia de los trabajadores de Granja Tres Arroyos es un s\u00edmbolo de la lucha contra un modelo econ\u00f3mico que condena a la mayor\u00eda para enriquecer a unos pocos.<\/p>\n\n\n\n<p><\/p>\n\n\n\n<p><strong>Fuente<\/strong><\/p>\n\n\n\n<ul class=\"wp-block-list\">\n<li><a href=\"https:\/\/www.infogremiales.com.ar\/advierten-que-podrian-sumarse-otros-400-despidos-en-granja-tres-arroyos\/\">https:\/\/www.infogremiales.com.ar\/advierten-que-podrian-sumarse-otros-400-despidos-en-granja-tres-arroyos\/<\/a><\/li>\n<\/ul>\n\n\n","protected":false},"excerpt":{"rendered":"<p>Trabajadores de Granja Tres Arroyos marcharon en Concepci\u00f3n del Uruguay para denunciar despidos masivos e irregularidades salariales. Con la conciliaci\u00f3n obligatoria a punto de expirar, la incertidumbre crece. Mientras tanto, el gobierno de Javier Milei permanece indiferente ante una crisis que deja expuestas a m\u00e1s de 400 familias.<\/p>\n","protected":false},"author":9,"featured_media":1105,"comment_status":"open","ping_status":"open","sticky":false,"template":"","format":"standard","meta":{"_monsterinsights_skip_tracking":false,"_monsterinsights_sitenote_active":false,"_monsterinsights_sitenote_note":"","_monsterinsights_sitenote_category":0,"footnotes":"","jetpack_publicize_message":"","jetpack_publicize_feature_enabled":true,"jetpack_social_post_already_shared":true,"jetpack_social_options":{"image_generator_settings":{"template":"highway","default_image_id":0,"font":"","enabled":false},"version":2}},"categories":[3],"tags":[58,43,193,45,292],"class_list":["post-1103","post","type-post","status-publish","format-standard","has-post-thumbnail","hentry","category-economia","tag-ajuste","tag-crisis","tag-despidos","tag-milei","tag-trabajadores"],"jetpack_publicize_connections":[],"_links":{"self":[{"href":"https:\/\/www.enorsai.com\/noticias\/wp-json\/wp\/v2\/posts\/1103","targetHints":{"allow":["GET"]}}],"collection":[{"href":"https:\/\/www.enorsai.com\/noticias\/wp-json\/wp\/v2\/posts"}],"about":[{"href":"https:\/\/www.enorsai.com\/noticias\/wp-json\/wp\/v2\/types\/post"}],"author":[{"embeddable":true,"href":"https:\/\/www.enorsai.com\/noticias\/wp-json\/wp\/v2\/users\/9"}],"replies":[{"embeddable":true,"href":"https:\/\/www.enorsai.com\/noticias\/wp-json\/wp\/v2\/comments?post=1103"}],"version-history":[{"count":1,"href":"https:\/\/www.enorsai.com\/noticias\/wp-json\/wp\/v2\/posts\/1103\/revisions"}],"predecessor-version":[{"id":1106,"href":"https:\/\/www.enorsai.com\/noticias\/wp-json\/wp\/v2\/posts\/1103\/revisions\/1106"}],"wp:featuredmedia":[{"embeddable":true,"href":"https:\/\/www.enorsai.com\/noticias\/wp-json\/wp\/v2\/media\/1105"}],"wp:attachment":[{"href":"https:\/\/www.enorsai.com\/noticias\/wp-json\/wp\/v2\/media?parent=1103"}],"wp:term":[{"taxonomy":"category","embeddable":true,"href":"https:\/\/www.enorsai.com\/noticias\/wp-json\/wp\/v2\/categories?post=1103"},{"taxonomy":"post_tag","embeddable":true,"href":"https:\/\/www.enorsai.com\/noticias\/wp-json\/wp\/v2\/tags?post=1103"}],"curies":[{"name":"wp","href":"https:\/\/api.w.org\/{rel}","templated":true}]}}