{"id":1099,"date":"2025-02-11T19:53:55","date_gmt":"2025-02-11T22:53:55","guid":{"rendered":"https:\/\/www.enorsai.com\/noticias\/?p=1099"},"modified":"2025-02-11T19:53:55","modified_gmt":"2025-02-11T22:53:55","slug":"ficha-limpia-la-cortina-de-humo-para-tapar-el-industricidio-de-milei","status":"publish","type":"post","link":"https:\/\/www.enorsai.com\/noticias\/politica\/ficha-limpia-la-cortina-de-humo-para-tapar-el-industricidio-de-milei\/","title":{"rendered":"Ficha Limpia: la cortina de humo para tapar el industricidio de Milei"},"content":{"rendered":"\n<h2 class=\"wp-block-heading\"><\/h2>\n\n\n\n<p><strong>Ficha Limpia: la cortina de humo para tapar el industricidio de MileiEl debate en Diputados sobre la proscripci\u00f3n pol\u00edtica de Cristina Kirchner llega en un contexto de crisis econ\u00f3mica, despidos masivos y el desmoronamiento del modelo libertario.<\/strong><\/p>\n\n\n\n<p>El gobierno de Javier Milei est\u00e1 en problemas. Su programa econ\u00f3mico ha sumido a la Argentina en una crisis sin precedentes, con un ajuste feroz, despidos masivos y el derrumbe del aparato productivo. Pero en lugar de ofrecer soluciones, el oficialismo se aferra a la vieja receta del humo medi\u00e1tico: instalar debates irrelevantes para distraer la atenci\u00f3n de la opini\u00f3n p\u00fablica. As\u00ed llega a la C\u00e1mara de Diputados el proyecto de \u00abFicha Limpia\u00bb, una iniciativa con nombre y apellido: Cristina Fern\u00e1ndez de Kirchner.<\/p>\n\n\n\n<p>Florencia Carignano, diputada de Uni\u00f3n por la Patria, lo dej\u00f3 en claro en una entrevista con Radio 10. \u00abEst\u00e1n cometiendo un industricidio y tienen que tapar todo eso. La econom\u00eda se les est\u00e1 haciendo pedazos, echaron a m\u00e1s de 115 funcionarios, no admiten que nadie discrepe en cuanto al modelo econ\u00f3mico. Mientras tanto, arman humo para ponernos a discutir cosas que a nadie le importan\u00bb.<\/p>\n\n\n\n<figure class=\"wp-block-embed is-type-wp-embed is-provider-incrustado wp-block-embed-incrustado\"><div class=\"wp-block-embed__wrapper\">\n<blockquote class=\"wp-embedded-content\" data-secret=\"zOF6HhiO3i\"><a href=\"https:\/\/www.enorsai.com\/noticias\/politica\/la-posible-candidatura-de-cristina-reconfigura-el-escenario-politico-y-pone-en-jaque-la-estabilidad-del-gobierno-libertario\/\">La posible candidatura de Cristina reconfigura el escenario pol\u00edtico y pone en jaque la estabilidad del gobierno libertario<\/a><\/blockquote><iframe loading=\"lazy\" class=\"wp-embedded-content\" sandbox=\"allow-scripts\" security=\"restricted\" style=\"position: absolute; visibility: hidden;\" title=\"\u00abLa posible candidatura de Cristina reconfigura el escenario pol\u00edtico y pone en jaque la estabilidad del gobierno libertario\u00bb \u2014 \" src=\"https:\/\/www.enorsai.com\/noticias\/politica\/la-posible-candidatura-de-cristina-reconfigura-el-escenario-politico-y-pone-en-jaque-la-estabilidad-del-gobierno-libertario\/embed\/#?secret=mUQqlKchtn#?secret=zOF6HhiO3i\" data-secret=\"zOF6HhiO3i\" width=\"600\" height=\"338\" frameborder=\"0\" marginwidth=\"0\" marginheight=\"0\" scrolling=\"no\"><\/iframe>\n<\/div><\/figure>\n\n\n\n<h2 class=\"wp-block-heading\"><strong>Un proyecto hecho a medida de la persecuci\u00f3n pol\u00edtica<\/strong><\/h2>\n\n\n\n<p>Milei y su espacio saben que la situaci\u00f3n econ\u00f3mica es insostenible. La inflaci\u00f3n golpea el bolsillo de la gente, las tarifas de luz, gas y transporte se disparan, las prepagas aumentan sin control y los salarios quedan pulverizados. En este contexto, el oficialismo se aferra al aparato judicial y medi\u00e1tico para tratar de eliminar por decreto a sus adversarios pol\u00edticos.<\/p>\n\n\n\n<p>\u00abLa casta no es Cristina Kirchner. La casta es Guillermo Francos, es Daniel Scioli, son todos los que Milei tiene enquistados en su gobierno\u00bb, denunci\u00f3 Carignano. La diputada advirti\u00f3 que la estrategia del oficialismo es clara: como Cristina sigue subiendo en las encuestas del conurbano bonaerense y no tienen con qui\u00e9n ganarle, buscan sacarla del camino por v\u00eda judicial. \u00abSi no la pudimos matar, si no la pudimos meter presa, ahora hay que proscribirla\u00bb.<\/p>\n\n\n\n<p>El miedo del oficialismo es palpable. Sin un candidato fuerte en la provincia de Buenos Aires, el gobierno intenta acorralar judicialmente a la dirigenta con m\u00e1s arraigo popular del pa\u00eds. \u00abCuando les traen una encuesta y ven que Cristina est\u00e1 subiendo, empiezan a desesperarse. Tienen cagazo, miedo, fuiki\u00bb, dispar\u00f3 Carignano.<\/p>\n\n\n\n<figure class=\"wp-block-embed is-type-wp-embed is-provider-incrustado wp-block-embed-incrustado\"><div class=\"wp-block-embed__wrapper\">\n<blockquote class=\"wp-embedded-content\" data-secret=\"bWJ4wVqusM\"><a href=\"https:\/\/www.enorsai.com\/noticias\/politica\/reconocido-analista-politico-sobre-milei-ajuste-fmi-y-un-gobierno-contra-las-cuerdas\/\">Reconocido analista pol\u00edtico sobre Milei: \u00abajuste, FMI y un gobierno contra las cuerdas\u00bb<\/a><\/blockquote><iframe loading=\"lazy\" class=\"wp-embedded-content\" sandbox=\"allow-scripts\" security=\"restricted\" style=\"position: absolute; visibility: hidden;\" title=\"\u00abReconocido analista pol\u00edtico sobre Milei: \u00abajuste, FMI y un gobierno contra las cuerdas\u00bb\u00bb \u2014 \" src=\"https:\/\/www.enorsai.com\/noticias\/politica\/reconocido-analista-politico-sobre-milei-ajuste-fmi-y-un-gobierno-contra-las-cuerdas\/embed\/#?secret=3r6h1cUWDX#?secret=bWJ4wVqusM\" data-secret=\"bWJ4wVqusM\" width=\"600\" height=\"338\" frameborder=\"0\" marginwidth=\"0\" marginheight=\"0\" scrolling=\"no\"><\/iframe>\n<\/div><\/figure>\n\n\n\n<h2 class=\"wp-block-heading\"><strong>La justicia como arma de disciplinamiento pol\u00edtico<\/strong><\/h2>\n\n\n\n<p>El problema de fondo es que el gobierno de Milei est\u00e1 entregando un cheque en blanco al poder judicial para definir qui\u00e9n puede y qui\u00e9n no puede ser candidato en la Argentina. Carignano advirti\u00f3 sobre las consecuencias futuras de esta estrategia. \u00abCuando vos pens\u00e1s que el Poder Judicial te responde, dejaste el poder y a los dos d\u00edas te deja de responder. Si hoy le das a los jueces la facultad de decidir qui\u00e9n puede competir en una elecci\u00f3n, ma\u00f1ana pueden usarlo contra vos\u00bb, alert\u00f3 la diputada.<\/p>\n\n\n\n<p>Seg\u00fan su an\u00e1lisis, los propios funcionarios de Milei deber\u00edan estar preocupados. \u00abYo que Sandra Pettovello, yo que Karina Milei, yo que Luis Caputo estar\u00eda preocupado. Porque los que hoy creen que son amigos de los jueces, ma\u00f1ana van a ser sus enemigos\u00bb.<\/p>\n\n\n\n<h2 class=\"wp-block-heading\"><strong>El vac\u00edo econ\u00f3mico y la destrucci\u00f3n de la industria<\/strong><\/h2>\n\n\n\n<p>Mientras la atenci\u00f3n medi\u00e1tica se centra en el circo de Ficha Limpia, la econom\u00eda sigue desplom\u00e1ndose. \u00abNo hay d\u00f3lares, el campo no est\u00e1 liquidando, est\u00e1n destruyendo lo \u00fanico que funcionaba bien\u00bb, denunci\u00f3 Carignano. En particular, apunt\u00f3 contra la decisi\u00f3n de habilitar la importaci\u00f3n de maquinaria agr\u00edcola usada, una medida que seg\u00fan ella va a \u00abdestruir toda la industria nacional del sector\u00bb.<\/p>\n\n\n\n<p>El gobierno, incapaz de gestionar la crisis econ\u00f3mica que \u00e9l mismo profundiz\u00f3, insiste en la vieja estrategia del lawfare para mantenerse a flote. Pero el tiempo juega en su contra. Carignano fue tajante: \u00abCon estos resultados econ\u00f3micos, este gobierno va a durar menos que lo que ha durado otras veces\u00bb.<\/p>\n\n\n\n<p>Mientras tanto, la batalla pol\u00edtica sigue su curso. Cristina Kirchner a\u00fan no ha manifestado su intenci\u00f3n de ser candidata en la provincia de Buenos Aires, pero seg\u00fan Carignano, eso no es lo relevante. \u00abNo importa si ella quiere o no. Lo que importa es que ellos no quieren que Cristina sea. Tienen una preocupaci\u00f3n: que ella se levante y diga &#8216;quiero ser candidata&#8217;. \u00bfQui\u00e9n la para?\u00bb.<\/p>\n\n\n\n<p>La respuesta a esa pregunta parece ser la base de la estrategia libertaria: si no pueden ganarle en las urnas, buscar\u00e1n sacarla del juego de cualquier manera.<\/p>\n\n\n\n<figure class=\"wp-block-embed is-type-wp-embed is-provider-incrustado wp-block-embed-incrustado\"><div class=\"wp-block-embed__wrapper\">\n<blockquote class=\"wp-embedded-content\" data-secret=\"zsvlUnM1Dv\"><a href=\"https:\/\/www.enorsai.com\/noticias\/politica\/karina-milei-la-mano-que-empuna-la-guillotina-del-poder\/\">Karina Milei, la mano que empu\u00f1a la guillotina del poder<\/a><\/blockquote><iframe loading=\"lazy\" class=\"wp-embedded-content\" sandbox=\"allow-scripts\" security=\"restricted\" style=\"position: absolute; visibility: hidden;\" title=\"\u00abKarina Milei, la mano que empu\u00f1a la guillotina del poder\u00bb \u2014 \" src=\"https:\/\/www.enorsai.com\/noticias\/politica\/karina-milei-la-mano-que-empuna-la-guillotina-del-poder\/embed\/#?secret=sNEr6uVQ9r#?secret=zsvlUnM1Dv\" data-secret=\"zsvlUnM1Dv\" width=\"600\" height=\"338\" frameborder=\"0\" marginwidth=\"0\" marginheight=\"0\" scrolling=\"no\"><\/iframe>\n<\/div><\/figure>\n","protected":false},"excerpt":{"rendered":"<p>El gobierno de Javier Milei est\u00e1 en problemas. Su programa econ\u00f3mico ha sumido a la Argentina en una crisis sin precedentes, con un ajuste feroz, despidos masivos y el derrumbe del aparato productivo. Pero en lugar de ofrecer soluciones, el oficialismo se aferra a la vieja receta del humo medi\u00e1tico<\/p>\n","protected":false},"author":4,"featured_media":1101,"comment_status":"open","ping_status":"open","sticky":false,"template":"","format":"standard","meta":{"_monsterinsights_skip_tracking":false,"_monsterinsights_sitenote_active":false,"_monsterinsights_sitenote_note":"","_monsterinsights_sitenote_category":0,"footnotes":"","jetpack_publicize_message":"","jetpack_publicize_feature_enabled":true,"jetpack_social_post_already_shared":true,"jetpack_social_options":{"image_generator_settings":{"template":"highway","default_image_id":0,"font":"","enabled":false},"version":2}},"categories":[2,4],"tags":[179,235,190,106,447],"class_list":["post-1099","post","type-post","status-publish","format-standard","has-post-thumbnail","hentry","category-politica","category-sociedad","tag-crisis-economica","tag-cristina-kirchner","tag-elecciones","tag-javier-milei","tag-proscripcion-politica"],"jetpack_publicize_connections":[],"_links":{"self":[{"href":"https:\/\/www.enorsai.com\/noticias\/wp-json\/wp\/v2\/posts\/1099","targetHints":{"allow":["GET"]}}],"collection":[{"href":"https:\/\/www.enorsai.com\/noticias\/wp-json\/wp\/v2\/posts"}],"about":[{"href":"https:\/\/www.enorsai.com\/noticias\/wp-json\/wp\/v2\/types\/post"}],"author":[{"embeddable":true,"href":"https:\/\/www.enorsai.com\/noticias\/wp-json\/wp\/v2\/users\/4"}],"replies":[{"embeddable":true,"href":"https:\/\/www.enorsai.com\/noticias\/wp-json\/wp\/v2\/comments?post=1099"}],"version-history":[{"count":1,"href":"https:\/\/www.enorsai.com\/noticias\/wp-json\/wp\/v2\/posts\/1099\/revisions"}],"predecessor-version":[{"id":1102,"href":"https:\/\/www.enorsai.com\/noticias\/wp-json\/wp\/v2\/posts\/1099\/revisions\/1102"}],"wp:featuredmedia":[{"embeddable":true,"href":"https:\/\/www.enorsai.com\/noticias\/wp-json\/wp\/v2\/media\/1101"}],"wp:attachment":[{"href":"https:\/\/www.enorsai.com\/noticias\/wp-json\/wp\/v2\/media?parent=1099"}],"wp:term":[{"taxonomy":"category","embeddable":true,"href":"https:\/\/www.enorsai.com\/noticias\/wp-json\/wp\/v2\/categories?post=1099"},{"taxonomy":"post_tag","embeddable":true,"href":"https:\/\/www.enorsai.com\/noticias\/wp-json\/wp\/v2\/tags?post=1099"}],"curies":[{"name":"wp","href":"https:\/\/api.w.org\/{rel}","templated":true}]}}