{"id":10975,"date":"2025-11-13T06:57:07","date_gmt":"2025-11-13T09:57:07","guid":{"rendered":"https:\/\/www.enorsai.com\/noticias\/?p=10975"},"modified":"2025-11-13T08:10:24","modified_gmt":"2025-11-13T11:10:24","slug":"fuera-de-la-realidad-diputada-libertaria-celebro-una-tormenta-de-granizo-mientras-productores-perdian-su-cosecha","status":"publish","type":"post","link":"https:\/\/www.enorsai.com\/noticias\/politica\/fuera-de-la-realidad-diputada-libertaria-celebro-una-tormenta-de-granizo-mientras-productores-perdian-su-cosecha\/","title":{"rendered":"Fuera de la realidad: diputada libertaria celebr\u00f3 una tormenta de granizo mientras productores perd\u00edan su cosecha"},"content":{"rendered":"\n<p>La senadora electa Lorena Villaverde elogi\u00f3 el granizo que arras\u00f3 m\u00e1s de 2000 hect\u00e1reas productivas en R\u00edo Negro y luego borr\u00f3 el video tras una oleada de repudio. El episodio vuelve a exponer el malestar por la desconexi\u00f3n pol\u00edtica del oficialismo libertario frente a las consecuencias sociales del ajuste.<br><br>El comentario de Villaverde, difundido desde el patio de su casa en Cipolletti, mostr\u00f3 una distancia dolorosa entre la dirigencia libertaria y las familias productoras que atraviesan p\u00e9rdidas del 80 al 90% de su trabajo anual. A pesar del pedido de disculpas, las cr\u00edticas por \u201cignorancia\u201d, \u201cimpunidad\u201d y \u201cfalta de empat\u00eda\u201d se multiplicaron, en un contexto en el que el gobierno nacional de Javier Milei mantiene recortes y demoras estructurales en la asistencia a las econom\u00edas regionales.<br><br>La secuencia dur\u00f3 apenas unos segundos, pero sus efectos se propagaron con la misma violencia que la tormenta que castig\u00f3 los valles rionegrinos. Lorena Villaverde, diputada y senadora electa por La Libertad Avanza (LLA), apareci\u00f3 en un video dom\u00e9stico, grabado en el patio de su casa de Cipolletti, celebrando el granizo que azotaba la regi\u00f3n. \u201cHermoso\u201d, \u201calucinante\u201d, dec\u00eda mientras la piedra golpeaba techos, \u00e1rboles y estructuras con una fuerza extraordinaria. Para cualquier habitante del Alto Valle, ese sonido no tiene nada de fascinante: es la antesala de un desastre productivo. Pero la legisladora libertaria, en una actitud que muchos calificaron como \u201cdesconectada\u201d e incluso \u201cinsultante\u201d, lo comparti\u00f3 en redes como si se tratara de un espect\u00e1culo natural digno de celebraci\u00f3n.<\/p>\n\n\n\n<figure class=\"wp-block-embed is-type-rich is-provider-twitter wp-block-embed-twitter\"><div class=\"wp-block-embed__wrapper\">\n<blockquote class=\"twitter-tweet\" data-width=\"550\" data-dnt=\"true\"><p lang=\"es\" dir=\"ltr\">\ud83d\udcf0 | <a href=\"https:\/\/twitter.com\/hashtag\/TORPEZAMENTAL?src=hash&amp;ref_src=twsrc%5Etfw\">#TORPEZAMENTAL<\/a> | VILLAVERDE |  \ud83d\udcf0<br><br>Insensibilidad ante la tragedia: Diputada Villaverde celebra granizo que azota a productores rionegrinos.<br><br>La diputada nacional Lorena Villaverde, de La Libertad Avanza, public\u00f3 un video elogiando la &quot;fuerza de la naturaleza&quot; durante la\u2026 <a href=\"https:\/\/t.co\/Rb7brZ4ird\">pic.twitter.com\/Rb7brZ4ird<\/a><\/p>&mdash; El Portavoz Argentino \ud83c\udde6\ud83c\uddf7 (@ElPortavozARG) <a href=\"https:\/\/twitter.com\/ElPortavozARG\/status\/1988714221601726900?ref_src=twsrc%5Etfw\">November 12, 2025<\/a><\/blockquote><script async src=\"https:\/\/platform.twitter.com\/widgets.js\" charset=\"utf-8\"><\/script>\n<\/div><\/figure>\n\n\n\n<p><br><br>El rechazo lleg\u00f3 de inmediato. Legisladores provinciales, productores frut\u00edcolas, vecinos y representantes de c\u00e1maras rurales reaccionaron con la misma bronca e incredulidad que acompa\u00f1a a quienes ven su esfuerzo anual destruido en minutos. La reacci\u00f3n oblig\u00f3 a Villaverde a borrar el video y a publicar un segundo mensaje, esta vez en tono explicativo, casi implorando que su error fuera le\u00eddo como un impulso emocional, no como un desprecio hacia quienes sufrieron da\u00f1os irreparables. Sin embargo, para amplios sectores de R\u00edo Negro la disculpa son\u00f3 a marcha atr\u00e1s tard\u00eda, uno m\u00e1s de esos parches discursivos que aparecen cuando el malestar social ya explot\u00f3.<br><br>La diputada afirm\u00f3 que hab\u00eda sido un comentario producto del asombro y que \u201cjam\u00e1s\u201d podr\u00eda alegrarse por el da\u00f1o ajeno. Sostuvo que desconoc\u00eda el alcance territorial de la tormenta y que ahora su prioridad era \u201cacompa\u00f1ar, escuchar y buscar soluciones reales\u201d. Pero el intento por recomponer su imagen choc\u00f3 con un contexto pol\u00edtico enrarecido, donde cada traspi\u00e9 de LLA se multiplica por la falta de sensibilidad que sus funcionarios exhiben frente al da\u00f1o causado por las pol\u00edticas nacionales. Y donde las econom\u00edas regionales, como la fruticultura rionegrina, viven en tensi\u00f3n permanente por el recorte de programas, fondos y asistencia t\u00e9cnica.<br><br>En este marco, el comentario de Villaverde fue interpretado como algo m\u00e1s que una torpeza: fue le\u00eddo como la confirmaci\u00f3n de un problema m\u00e1s profundo, que atraviesa al oficialismo libertario desde que Javier Milei asumi\u00f3 la presidencia. Un problema donde la desconexi\u00f3n con la vida real y la experiencia cotidiana de las provincias se vuelve norma, no excepci\u00f3n.<\/p>\n\n\n\n<figure class=\"wp-block-embed is-type-rich is-provider-twitter wp-block-embed-twitter\"><div class=\"wp-block-embed__wrapper\">\n<blockquote class=\"twitter-tweet\" data-width=\"550\" data-dnt=\"true\"><p lang=\"es\" dir=\"ltr\">Postales de la tormenta de granizo que azot\u00f3 el Alto Valle de R\u00edo Negro, a la que la electa senadora de LLA, Lorena Villaverde festejaba tan alegremente. Eso es no saber de tu provincia, burra!! Y vos vas a ir al Senado?? A que?? A cobrar<br>10 palos para levantar la manito nom\u00e1s!!! <a href=\"https:\/\/t.co\/0ttv8YB0v8\">pic.twitter.com\/0ttv8YB0v8<\/a><\/p>&mdash; Cristian Filipuzzi (@loquitofili1) <a href=\"https:\/\/twitter.com\/loquitofili1\/status\/1988020336948813919?ref_src=twsrc%5Etfw\">November 10, 2025<\/a><\/blockquote><script async src=\"https:\/\/platform.twitter.com\/widgets.js\" charset=\"utf-8\"><\/script>\n<\/div><\/figure>\n\n\n\n<p><br><br>De hecho, el periodista Javier Lojo sintetiz\u00f3 el episodio en tres palabras que resonaron en toda la regi\u00f3n: ignorancia, falta de empat\u00eda e impunidad. Lojo no se limit\u00f3 al exabrupto: subray\u00f3 que una senadora electa no puede permitirse celebrar, ni siquiera por accidente, un fen\u00f3meno clim\u00e1tico capaz de destruir miles de hect\u00e1reas de fruta en pleno per\u00edodo cr\u00edtico. Menos a\u00fan cuando la actividad frut\u00edcola atraviesa desde hace meses un cuadro de ca\u00edda de rentabilidad, atraso tecnol\u00f3gico y falta de insumos que el gobierno nacional no atiende con la urgencia debida.<br><br>La legisladora radical Lorena Matzen fue todav\u00eda m\u00e1s dura. Para ella, el episodio no fue un error comunicacional: fue la consecuencia directa de un sistema pol\u00edtico libertario que, seg\u00fan denunci\u00f3, incorpora candidatos sin arraigo, sin conocimiento del territorio y sin responsabilidad real frente a las familias que deben representar. \u201cLas declaraciones de Villaverde no son desafortunadas, son una muestra m\u00e1s de su ignorancia, queriendo romantizar una tragedia para la principal actividad econ\u00f3mica de la provincia\u201d, afirm\u00f3. Y agreg\u00f3 una acusaci\u00f3n de fondo: que las bancas en el espacio libertario \u201ctienen precio en efectivo\u201d. Un golpe directo al coraz\u00f3n de la narrativa anticasta con la que Milei lleg\u00f3 al poder.<br><br>La tormenta, lejos de ser un fen\u00f3meno aislado, dej\u00f3 da\u00f1os profundos. Seg\u00fan los relevamientos oficiales, las localidades de Cipolletti, Allen y General Roca fueron las m\u00e1s afectadas, con m\u00e1s de 2000 hect\u00e1reas da\u00f1adas. En muchos casos, los productores calculan p\u00e9rdidas de entre el 80 y el 90% de su cosecha. Hablamos de familias que llevan generaciones trabajando la tierra, que dependen de cada temporada para sobrevivir y que hoy observan, con angustia, c\u00f3mo ese esfuerzo se desvanece.<br><br>Mientras los t\u00e9cnicos del Ministerio de Desarrollo Econ\u00f3mico y Productivo recorren las chacras intentando dimensionar el impacto, el gobernador Alberto Weretilneck fue tajante: \u201cEl granizo hizo un desastre en las chacras de nuestros valles\u201d. Y record\u00f3 que la fruticultura rionegrina sostiene miles de empleos, exportaciones y circuitos econ\u00f3micos que se sostienen mes a mes. Cada p\u00e9rdida representa no solo un golpe econ\u00f3mico, sino un derrumbe emocional para quienes dedican su vida a la producci\u00f3n.<br><br>En este contexto cr\u00edtico, el senador electo Mart\u00edn Soria present\u00f3 un proyecto de ley para declarar la Emergencia Frut\u00edcola, una herramienta indispensable para activar asistencia financiera, cr\u00e9ditos blandos, pr\u00f3rrogas fiscales y medidas de contenci\u00f3n frente a los da\u00f1os. No se trata de un gesto simb\u00f3lico. Es una necesidad urgente que contrasta con el silencio del gobierno nacional, cuya agenda econ\u00f3mica contin\u00faa centrada en el ajuste, la reducci\u00f3n del gasto y la transferencia de responsabilidades a las provincias.<br><br>Aqu\u00ed se revela la tensi\u00f3n de fondo: mientras las econom\u00edas regionales piden ayuda, el gobierno de Javier Milei no solo recorta recursos, sino que adem\u00e1s instala una narrativa que responsabiliza a los propios sectores productivos por su situaci\u00f3n. En la pr\u00e1ctica, los productores rionegrinos sobreviven sin herramientas financieras suficientes, con insumos dolarizados, sin apoyo t\u00e9cnico y ahora, adem\u00e1s, enfrentando da\u00f1os clim\u00e1ticos que requieren respuestas pol\u00edticas r\u00e1pidas, no gestos improvisados ni videos desafortunados.<br><br>El ministro Carlos Banacloy pidi\u00f3 a los productores que presenten las declaraciones juradas de da\u00f1o para acelerar la evaluaci\u00f3n. Es un paso administrativo clave, pero insuficiente si no se articula con un Estado nacional dispuesto a intervenir. Y esa es la gran ausencia. La misma ausencia que empuja a que un exabrupto de una legisladora se transforme en s\u00edmbolo: s\u00edmbolo de insensibilidad, s\u00edmbolo de improvisaci\u00f3n, s\u00edmbolo de un proyecto pol\u00edtico que parece no entender el nivel de fragilidad social y econ\u00f3mica que atraviesa el pa\u00eds.<br><br>Villaverde carga, adem\u00e1s, con otras controversias. El esc\u00e1ndalo que involucr\u00f3 a Jos\u00e9 Luis Espert, Federico \u201cFred\u201d Machado y Claudio Ciccarelli todav\u00eda la rodea. La justicia federal investiga supuestas irregularidades en el financiamiento de su campa\u00f1a. La sombra de un entramado pol\u00edtico-empresarial que ya mancha al gobierno libertario vuelve a aparecer, esta vez en medio de un desastre clim\u00e1tico. Y aunque el caso est\u00e1 en manos de los tribunales, el hecho de que Villaverde reaparezca p\u00fablicamente celebrando granizo agrava todav\u00eda m\u00e1s la percepci\u00f3n p\u00fablica de irresponsabilidad.<br><br>No es un secreto que el gobierno de Milei construy\u00f3 una identidad pol\u00edtica basada en la provocaci\u00f3n, la ruptura de formas y el desprecio discursivo por la sensibilidad ajena. Pero ese estilo, que quiz\u00e1 sirva para redes, no puede trasladarse a la vida cotidiana de provincias que dependen del clima, de la producci\u00f3n y del trabajo diario. Y cuando lo hace, genera un da\u00f1o profundo. La pol\u00edtica no puede basarse en comentarios celebratorios de tormentas mientras miles de familias ven peligrar su sustento.<br><br>El episodio Villaverde exhibe, en definitiva, una crisis mayor: la crisis de representaci\u00f3n que provoca un gobierno nacional enfocado en el ajuste, desconectado de las realidades regionales y sostenido en dirigentes que parecen no comprender la magnitud de sus palabras. La fruticultura rionegrina no necesita asombro meteorol\u00f3gico. Necesita asistencia, planificaci\u00f3n y un Estado que est\u00e9 del mismo lado que quienes producen.<br><br>El granizo pas\u00f3. Pero la herida pol\u00edtica queda abierta.<\/p>\n\n\n\n<p>Fuente<\/p>\n\n\n\n<p>.https:\/\/www.lanacion.com.ar\/politica\/una-diputada-libertaria-celebro-el-granizo-que-afecto-a-los-productores-de-su-provincia-y-tuvo-que-nid12112025\/?R=362819<\/p>\n","protected":false},"excerpt":{"rendered":"<p>La senadora electa Lorena Villaverde elogi\u00f3 el granizo que arras\u00f3 m\u00e1s de 2000 hect\u00e1reas productivas en R\u00edo Negro y luego borr\u00f3 el video tras una oleada de repudio. El episodio vuelve a exponer el malestar por la desconexi\u00f3n pol\u00edtica del oficialismo libertario frente a las consecuencias sociales del ajuste. El comentario de Villaverde, difundido desde&#8230;<\/p>\n","protected":false},"author":11,"featured_media":10981,"comment_status":"open","ping_status":"open","sticky":false,"template":"","format":"standard","meta":{"_monsterinsights_skip_tracking":false,"_monsterinsights_sitenote_active":false,"_monsterinsights_sitenote_note":"","_monsterinsights_sitenote_category":0,"footnotes":"","jetpack_publicize_message":"","jetpack_publicize_feature_enabled":true,"jetpack_social_post_already_shared":true,"jetpack_social_options":{"image_generator_settings":{"template":"highway","default_image_id":0,"font":"","enabled":false},"version":2}},"categories":[3975,2],"tags":[],"class_list":["post-10975","post","type-post","status-publish","format-standard","has-post-thumbnail","hentry","category-congreso","category-politica"],"jetpack_publicize_connections":[],"_links":{"self":[{"href":"https:\/\/www.enorsai.com\/noticias\/wp-json\/wp\/v2\/posts\/10975","targetHints":{"allow":["GET"]}}],"collection":[{"href":"https:\/\/www.enorsai.com\/noticias\/wp-json\/wp\/v2\/posts"}],"about":[{"href":"https:\/\/www.enorsai.com\/noticias\/wp-json\/wp\/v2\/types\/post"}],"author":[{"embeddable":true,"href":"https:\/\/www.enorsai.com\/noticias\/wp-json\/wp\/v2\/users\/11"}],"replies":[{"embeddable":true,"href":"https:\/\/www.enorsai.com\/noticias\/wp-json\/wp\/v2\/comments?post=10975"}],"version-history":[{"count":1,"href":"https:\/\/www.enorsai.com\/noticias\/wp-json\/wp\/v2\/posts\/10975\/revisions"}],"predecessor-version":[{"id":10982,"href":"https:\/\/www.enorsai.com\/noticias\/wp-json\/wp\/v2\/posts\/10975\/revisions\/10982"}],"wp:featuredmedia":[{"embeddable":true,"href":"https:\/\/www.enorsai.com\/noticias\/wp-json\/wp\/v2\/media\/10981"}],"wp:attachment":[{"href":"https:\/\/www.enorsai.com\/noticias\/wp-json\/wp\/v2\/media?parent=10975"}],"wp:term":[{"taxonomy":"category","embeddable":true,"href":"https:\/\/www.enorsai.com\/noticias\/wp-json\/wp\/v2\/categories?post=10975"},{"taxonomy":"post_tag","embeddable":true,"href":"https:\/\/www.enorsai.com\/noticias\/wp-json\/wp\/v2\/tags?post=10975"}],"curies":[{"name":"wp","href":"https:\/\/api.w.org\/{rel}","templated":true}]}}