{"id":10971,"date":"2025-11-13T06:16:34","date_gmt":"2025-11-13T09:16:34","guid":{"rendered":"https:\/\/www.enorsai.com\/noticias\/?p=10971"},"modified":"2025-11-13T06:16:39","modified_gmt":"2025-11-13T09:16:39","slug":"la-violencia-de-la-policia-de-la-ciudad-y-las-fuerzas-federales-contra-jubilados-y-un-sacerdote-de-la-iglesia-catolica","status":"publish","type":"post","link":"https:\/\/www.enorsai.com\/noticias\/politica\/la-violencia-de-la-policia-de-la-ciudad-y-las-fuerzas-federales-contra-jubilados-y-un-sacerdote-de-la-iglesia-catolica\/","title":{"rendered":"La violencia de la Polic\u00eda de la Ciudad y las fuerzas federales contra jubilados y un sacerdote de la iglesia cat\u00f3lica"},"content":{"rendered":"\n<p>La detenci\u00f3n del padre Francisco \u201cPaco\u201d Olveira durante una protesta pac\u00edfica frente al Congreso expone un nuevo episodio de violencia institucional, con responsabilidad compartida entre el gobierno nacional y la administraci\u00f3n porte\u00f1a.<\/p>\n\n\n\n<p>El operativo conjunto entre las cuatro fuerzas federales comandadas por Patricia Bullrich y la Polic\u00eda de la Ciudad, alineada a Jorge Macri, dej\u00f3 heridos, detenidos y un clima de creciente intimidaci\u00f3n hacia la protesta social. La represi\u00f3n alcanz\u00f3 incluso a un sacerdote que participaba de un rezo ecum\u00e9nico, en un contexto donde el gobierno de Javier Milei parece utilizar la fuerza p\u00fablica como primera y \u00fanica respuesta ante el conflicto social.<\/p>\n\n\n\n<p>La escena volvi\u00f3 a repetirse frente al Congreso Nacional, pero cada semana aparece un nuevo cap\u00edtulo que supera al anterior en gravedad e irracionalidad. Esta vez, la represi\u00f3n contra la tradicional movilizaci\u00f3n de los mi\u00e9rcoles dej\u00f3 un saldo particularmente alarmante: la detenci\u00f3n del sacerdote Francisco \u201cPaco\u201d Olveira, un referente de los Curas en Opci\u00f3n por los Pobres, conocido por acompa\u00f1ar a jubilados, trabajadores y colectivos sociales que denuncian el ajuste brutal impulsado por el gobierno de Javier Milei. Su arresto, registrado en videos que r\u00e1pidamente se viralizaron, expuso una vez m\u00e1s el patr\u00f3n de actuaci\u00f3n represiva que el Gobierno elige frente a cualquier manifestaci\u00f3n p\u00fablica, incluso cuando se trata de acciones pac\u00edficas y de car\u00e1cter espiritual, como un rezo ecum\u00e9nico.<\/p>\n\n\n\n<p>El operativo del mi\u00e9rcoles combin\u00f3 un despliegue abrumador de fuerzas federales con la presencia activa, e incluso determinante, de la Polic\u00eda de la Ciudad de Buenos Aires, que responde a Jorge Macri. Seg\u00fan los organismos de derechos humanos que funcionan como Mecanismo Local de Prevenci\u00f3n de la Tortura, la actuaci\u00f3n fue \u201cirracional\u201d. No se trata de una palabra elegida al pasar: refiere a un accionar carente de justificaci\u00f3n, basado en un uso desmedido de la fuerza contra personas desarmadas, en su mayor\u00eda adultas mayores, que se reun\u00edan como cada semana para reclamar lo m\u00ednimo que un Estado deber\u00eda garantizar sin que nadie tenga que levantar la voz: jubilaciones dignas, acceso a medicamentos, preservaci\u00f3n de derechos b\u00e1sicos.<\/p>\n\n\n\n<p>El clima represivo se siente desde el minuto cero. La protesta a\u00fan no hab\u00eda sido completamente bloqueada por el vallado cuando la Polic\u00eda de la Ciudad orden\u00f3 que el padre Paco se moviera del lugar donde estaba participando del rezo. Testigos relataron que ante la negativa, o simplemente ante la duda razonable de por qu\u00e9 deb\u00eda moverse en medio de un acto pac\u00edfico, comenz\u00f3 el forcejeo que luego escal\u00f3 a la detenci\u00f3n violenta del sacerdote y del fot\u00f3grafo Fidel Tom\u00e1s Bravo. Lo que podr\u00eda haberse resuelto con di\u00e1logo y respeto a la libertad de culto se transform\u00f3 en un episodio m\u00e1s del repertorio represivo que el Gobierno viene demostrando desde el inicio de su gesti\u00f3n.<\/p>\n\n\n\n<p>La violencia fue descripta en primera persona por el propio Paco una vez liberado. Dijo que los efectivos les \u201cempezaron a empujar como si fu\u00e9ramos un trapo de piso\u201d, frase que condensa no solo el destrato humano sino la carga simb\u00f3lica de un gobierno que parece haber decidido que la pobreza, la vejez y la militancia social son enemigos internos a ser disciplinados a palos. El cura relat\u00f3 que le rompieron la mochila, los anteojos, que fueron esposados y llevados al m\u00f3vil policial sin ninguna justificaci\u00f3n comprensible. En un pa\u00eds donde las libertades constitucionales todav\u00eda existen, aunque el Gobierno insista en ignorarlas, este tipo de escenas exhibe la peligrosa tentaci\u00f3n autoritaria que se va consolidando a fuerza de gases y escudos.<\/p>\n\n\n\n<p>Pero el episodio no solo fue violento: tambi\u00e9n fue totalmente desproporcionado. Mientras que la cantidad de manifestantes rond\u00f3 las doscientas personas, en su mayor\u00eda jubilados y trabajadores del Garrahan o de diversos colectivos afectados por la motosierra oficial, el operativo reuni\u00f3 a m\u00e1s de quinientos agentes entre fuerzas federales y polic\u00eda porte\u00f1a. El despliegue incluy\u00f3 carros hidrantes, drones, motorizados especiales de los grupos GAM y USyD, c\u00e1maras de vigilancia y efectivos distribuidos en las calles adyacentes. Todo para enfrentar a personas que, semana tras semana, solo llevan sus cuerpos y sus reclamos frente al Congreso.<\/p>\n\n\n\n<p>Ese desbalance entre el poder represivo del Estado y la vulnerabilidad de quienes protestan define, de manera descarnada, la l\u00f3gica que atraviesa al gobierno de Milei: criminalizar la protesta social, intimidar a quienes se animan a cuestionar el ajuste y transformar el espacio p\u00fablico en un territorio vigilado donde el disenso se paga con golpes y detenciones arbitrarias. El propio padre Paco lo sintetiz\u00f3 con crudeza una vez liberado: \u201cLo \u00fanico que sabe hacer este gobierno es reprimir\u201d. La frase no es un eslogan ni un exabrupto; es una lectura precisa de un gobierno que reduce la pol\u00edtica a un ejercicio de fuerza.<\/p>\n\n\n\n<p>Mientras Paco y Bravo recuperaban la libertad y eran recibidos por manifestantes que esperaron horas en las afueras, el diputado Eduardo Vald\u00e9s expresaba lo ocurrido desde su cuenta de X. Su mensaje destacaba no solo la violencia policial sino tambi\u00e9n la persistencia de quienes, pese al clima represivo, contin\u00faan acompa\u00f1ando a los jubilados cada mi\u00e9rcoles. La menci\u00f3n al sacerdote como \u201cun pastor con olor a oveja\u201d revela la distancia abismal entre quienes est\u00e1n en la calle defendiendo derechos b\u00e1sicos y una dirigencia gubernamental que parece interesada \u00fanicamente en blindarse del malestar social para sostener un proyecto de ajuste permanente.<\/p>\n\n\n\n<p>Los organismos que monitorean situaciones de tortura y violencias estatales fueron contundentes al evaluar el operativo. Se\u00f1alaron que hubo un \u201cuso de la fuerza desproporcionado\u201d, que la Polic\u00eda de la Ciudad actu\u00f3 de manera \u201cileg\u00edtima, desmedida y sin justificaci\u00f3n\u201d, y que incluso se golpe\u00f3 a personas en el rostro. La Comisi\u00f3n Provincial por la Memoria, la Defensor\u00eda del Pueblo y el CEPA coincidieron en que el accionar represivo no solo fue excesivo, sino que busc\u00f3 amedrentar. La denuncia de que se lanzaron gases qu\u00edmicos y que un grupo de heridos debi\u00f3 ser atendido por lesiones en la cabeza agrega un nivel de gravedad que deber\u00eda encender alarmas institucionales en cualquier pa\u00eds que se considere democr\u00e1tico.<\/p>\n\n\n\n<p>El Cuerpo de Evacuaci\u00f3n y Primeros Auxilios aport\u00f3 detalles a\u00fan m\u00e1s inquietantes. Su director, Esteban Chal\u00e1, explic\u00f3 que atendieron a once personas heridas, entre ellos trabajadores de prensa. Tambi\u00e9n describi\u00f3 un momento cr\u00edtico: empujaron a una mujer frente al Instituto Patria, cay\u00f3 al piso, se desvaneci\u00f3 y perdi\u00f3 el conocimiento. Ning\u00fan gobierno deber\u00eda naturalizar que un operativo de seguridad produzca desmayos y golpes sobre civiles desarmados. Sin embargo, bajo la gesti\u00f3n de Milei, este tipo de situaciones parece haberse convertido en una especie de norma no escrita, un modus operandi lamentablemente recurrente.<\/p>\n\n\n\n<p>La Defensor\u00eda tambi\u00e9n denunci\u00f3 demoras arbitrarias para averiguaci\u00f3n de antecedentes y la utilizaci\u00f3n de carros hidrantes como m\u00e9todo de amedrentamiento. En otras palabras, no se trat\u00f3 solamente de reprimir: se trat\u00f3 de generar miedo. El Estado actu\u00f3 para desalentar la protesta social, una protesta que, vale aclararlo, encarna la preocupaci\u00f3n de miles de personas que ven c\u00f3mo el ajuste arrasa con sus ingresos, su salud, su dignidad y sus derechos m\u00e1s elementales.<\/p>\n\n\n\n<p>La Mesa Ecum\u00e9nica, que acompa\u00f1a cada semana las manifestaciones, tambi\u00e9n expres\u00f3 su indignaci\u00f3n. \u201cNo sabemos por qu\u00e9 lo detuvieron ni qui\u00e9n dio la orden. \u00bfVan a judicializar la posibilidad de venir a orar a la plaza, como hacemos todos los mi\u00e9rcoles?\u201d, pregunt\u00f3 el pastor Leonardo. La pregunta resuena con fuerza porque, bajo la ret\u00f3rica del orden y la seguridad, el Gobierno parece avanzar hacia la criminalizaci\u00f3n de pr\u00e1cticas que en cualquier sociedad democr\u00e1tica deber\u00edan estar protegidas: orar, manifestarse, exigir derechos.<\/p>\n\n\n\n<p>El contraste entre la respuesta violenta del Estado y el car\u00e1cter pac\u00edfico de la protesta no puede ser m\u00e1s elocuente. La movilizaci\u00f3n de los mi\u00e9rcoles es, desde hace meses, un term\u00f3metro del malestar social que las pol\u00edticas de ajuste est\u00e1n generando. Jubilados, trabajadores de la salud, militantes sociales, religiosos comprometidos con los sectores m\u00e1s vulnerables: todos ellos se re\u00fanen para visibilizar la devastaci\u00f3n que provoca un modelo econ\u00f3mico que prioriza la represi\u00f3n por sobre el di\u00e1logo, y la fuerza por sobre la escucha.<\/p>\n\n\n\n<p>A medida que se acumulan estos episodios, la imagen de un Gobierno que se siente c\u00f3modo en la l\u00f3gica del garrote se vuelve m\u00e1s n\u00edtida. La detenci\u00f3n del padre Paco no es un hecho aislado ni un exceso individual; es la manifestaci\u00f3n concreta de una pol\u00edtica de Estado que est\u00e1 construyendo un mensaje disciplinador. Frente a ese mensaje, la sociedad responde con presencia, con movilizaci\u00f3n y con resistencia pac\u00edfica. Y mientras esa resistencia exista, ser\u00e1 imposible para cualquier gobierno borrar del espacio p\u00fablico los reclamos de quienes pagan los costos de un modelo pensado para unos pocos<\/p>\n\n\n\n<h1 class=\"wp-block-heading\"><strong>Fuentes <\/strong><\/h1>\n\n\n\n<p>P\u00e1gina\/12 \u2013 \u201cDetuvieron al padre Paco Olveira durante la represi\u00f3n en el Congreso\u201d<br><a href=\"https:\/\/www.pagina12.com.ar\/2025\/11\/13\/detuvieron-al-padre-paco-olveira-durante-la-represion-en-el-congreso\/\">https:\/\/www.pagina12.com.ar\/2025\/11\/13\/detuvieron-al-padre-paco-olveira-durante-la-represion-en-el-congreso\/<\/a><\/p>\n\n\n\n<p><\/p>\n","protected":false},"excerpt":{"rendered":"<p>La detenci\u00f3n del padre Francisco \u201cPaco\u201d Olveira durante una protesta pac\u00edfica frente al Congreso expone un nuevo episodio de violencia institucional, con responsabilidad compartida entre el gobierno nacional y la administraci\u00f3n porte\u00f1a. El operativo conjunto entre las cuatro fuerzas federales comandadas por Patricia Bullrich y la Polic\u00eda de la Ciudad, alineada a Jorge Macri, dej\u00f3&#8230;<\/p>\n","protected":false},"author":13,"featured_media":10972,"comment_status":"open","ping_status":"open","sticky":false,"template":"","format":"standard","meta":{"_monsterinsights_skip_tracking":false,"_monsterinsights_sitenote_active":false,"_monsterinsights_sitenote_note":"","_monsterinsights_sitenote_category":0,"footnotes":"","jetpack_publicize_message":"","jetpack_publicize_feature_enabled":true,"jetpack_social_post_already_shared":true,"jetpack_social_options":{"image_generator_settings":{"template":"highway","default_image_id":0,"font":"","enabled":false},"version":2}},"categories":[3951,2,4],"tags":[],"class_list":["post-10971","post","type-post","status-publish","format-standard","has-post-thumbnail","hentry","category-jubilados","category-politica","category-sociedad"],"jetpack_publicize_connections":[],"_links":{"self":[{"href":"https:\/\/www.enorsai.com\/noticias\/wp-json\/wp\/v2\/posts\/10971","targetHints":{"allow":["GET"]}}],"collection":[{"href":"https:\/\/www.enorsai.com\/noticias\/wp-json\/wp\/v2\/posts"}],"about":[{"href":"https:\/\/www.enorsai.com\/noticias\/wp-json\/wp\/v2\/types\/post"}],"author":[{"embeddable":true,"href":"https:\/\/www.enorsai.com\/noticias\/wp-json\/wp\/v2\/users\/13"}],"replies":[{"embeddable":true,"href":"https:\/\/www.enorsai.com\/noticias\/wp-json\/wp\/v2\/comments?post=10971"}],"version-history":[{"count":1,"href":"https:\/\/www.enorsai.com\/noticias\/wp-json\/wp\/v2\/posts\/10971\/revisions"}],"predecessor-version":[{"id":10973,"href":"https:\/\/www.enorsai.com\/noticias\/wp-json\/wp\/v2\/posts\/10971\/revisions\/10973"}],"wp:featuredmedia":[{"embeddable":true,"href":"https:\/\/www.enorsai.com\/noticias\/wp-json\/wp\/v2\/media\/10972"}],"wp:attachment":[{"href":"https:\/\/www.enorsai.com\/noticias\/wp-json\/wp\/v2\/media?parent=10971"}],"wp:term":[{"taxonomy":"category","embeddable":true,"href":"https:\/\/www.enorsai.com\/noticias\/wp-json\/wp\/v2\/categories?post=10971"},{"taxonomy":"post_tag","embeddable":true,"href":"https:\/\/www.enorsai.com\/noticias\/wp-json\/wp\/v2\/tags?post=10971"}],"curies":[{"name":"wp","href":"https:\/\/api.w.org\/{rel}","templated":true}]}}