{"id":10960,"date":"2025-11-12T20:28:00","date_gmt":"2025-11-12T23:28:00","guid":{"rendered":"https:\/\/www.enorsai.com\/noticias\/?p=10960"},"modified":"2025-11-12T20:29:13","modified_gmt":"2025-11-12T23:29:13","slug":"la-falsa-estabilidad-de-milei-241-de-inflacion-acumulada-y-los-precios-no-paran-de-subir","status":"publish","type":"post","link":"https:\/\/www.enorsai.com\/noticias\/economia\/la-falsa-estabilidad-de-milei-241-de-inflacion-acumulada-y-los-precios-no-paran-de-subir\/","title":{"rendered":"La falsa estabilidad de Milei: 241% de inflaci\u00f3n acumulada y los precios no paran de subir"},"content":{"rendered":"\n<p>El economista Alfredo Serrano Mancilla cuestion\u00f3 el mito de la \u201cestabilidad\u201d pregonada por el Gobierno y record\u00f3 que los precios en Argentina treparon al Everest en los primeros meses de Milei para luego seguir escalando desde un piso ya inalcanzable para la mayor\u00eda.<br><br>Con datos oficiales del INDEC y un cuadro demoledor que expone aumentos de hasta 342% en productos esenciales, Serrano Mancilla advirti\u00f3 que la supuesta calma inflacionaria del mile\u00edsmo oculta un deterioro brutal del poder adquisitivo. \u201cArgentina es hoy uno de los pa\u00edses m\u00e1s caros del mundo, con salarios muy, muy, muy bajos\u201d, sentenci\u00f3. Incluso compar\u00f3: Cristina Fern\u00e1ndez necesit\u00f3 71 meses y medio para acumular el mismo nivel de inflaci\u00f3n que Milei consigui\u00f3 en apenas 23.<br><br>El debate sobre la inflaci\u00f3n en Argentina volvi\u00f3 a encenderse con fuerza tras el an\u00e1lisis publicado por el economista Alfredo Serrano Mancilla, director de CELAG, quien cuestion\u00f3 de manera frontal el relato gubernamental de la \u201cestabilidad de precios\u201d supuestamente lograda durante los 23 meses de Javier Milei al frente del Ejecutivo. Su planteo es simple pero inc\u00f3modo: \u00bfc\u00f3mo puede hablarse de estabilidad cuando la inflaci\u00f3n acumulada es del 241%?<br><br>Serrano Mancilla abord\u00f3 el tema sin rodeos. Se\u00f1al\u00f3 que muchos defensores del gobierno se aferran a la idea de que la inflaci\u00f3n \u201cahora es bajita\u201d, pero omiten un detalle decisivo: \u201cen sus primeros meses Milei subi\u00f3 los precios al Everest, y desde esa cima alt\u00edsima han seguido subiendo de a poquito\u201d. La postal es clara: se quem\u00f3 el pasto entero de un fogonazo y luego se celebra que ya no haya llamas.<\/p>\n\n\n\n<figure class=\"wp-block-embed is-type-rich is-provider-twitter wp-block-embed-twitter\"><div class=\"wp-block-embed__wrapper\">\n<blockquote class=\"twitter-tweet\" data-width=\"550\" data-dnt=\"true\"><p lang=\"es\" dir=\"ltr\">No entiendo los que asumen el verso de la estabilidad de precios lograda por Milei en Argentina \ud83c\udde6\ud83c\uddf7 <br>La inflaci\u00f3n acumulada en lo que lleva de gesti\u00f3n es 241%.<br>Y muchos se empe\u00f1an en decir que el logro es que ahora los precios suben poco. Pero olvidan que en sus primeros meses los\u2026 <a href=\"https:\/\/t.co\/Se8T11GZKe\">pic.twitter.com\/Se8T11GZKe<\/a><\/p>&mdash; Alfredo Serrano Manc (@alfreserramanci) <a href=\"https:\/\/twitter.com\/alfreserramanci\/status\/1988709115250848177?ref_src=twsrc%5Etfw\">November 12, 2025<\/a><\/blockquote><script async src=\"https:\/\/platform.twitter.com\/widgets.js\" charset=\"utf-8\"><\/script>\n<\/div><\/figure>\n\n\n\n<p><br><br>El economista propone un ejercicio b\u00e1sico que cualquier persona puede verificar sin tecnicismos ni porcentajes sofisticados: comparar los precios de los mismos productos en la misma tienda dos a\u00f1os atr\u00e1s y ahora. Para reforzar esa idea, difunde un cuadro oficial con datos del INDEC que muestra aumentos escalofriantes. La sal fina de 500 gramos trep\u00f3 un 342%. El pan de mesa un 316%. El aceite de girasol de 1,5 litros un 294%. El jab\u00f3n en pan un 288%. El zapallo anco un 255%. La leche entera en sachet un 248%. La lavandina un 240%. La carne picada com\u00fan un 212%. Los huevos un 190%. Y la harina de trigo 000 un 183%.<br><br>No se trata de productos de lujo ni de bienes excepcionales. Son art\u00edculos b\u00e1sicos, cotidianos, parte elemental del consumo de cualquier hogar. Los que m\u00e1s golpean cuando se encarecen. Los que derrumban la idea de estabilidad. \u00bfC\u00f3mo se sostiene, entonces, el relato oficial? Para Serrano Mancilla, solo mediante una combinaci\u00f3n de marketing pol\u00edtico y memoria selectiva.<br><br>\u201cEl que se marea con los datos puede hacer algo todav\u00eda m\u00e1s sencillo: recordar cu\u00e1nto costaban las cosas hace dos a\u00f1os y cu\u00e1nto cuestan ahora\u201d, apunta. Y no lo dice como una exageraci\u00f3n: se\u00f1ala que Argentina es hoy uno de los pa\u00edses m\u00e1s caros del mundo, pero con salarios \u201cmuy, muy, muy bajos\u201d. Esa brecha, que se ensancha d\u00eda tras d\u00eda, constituye el verdadero drama econ\u00f3mico de la gesti\u00f3n Milei.<br><br>El flyer publicado por CELAG es contundente. Bajo la imagen r\u00edgida y tensada del Presidente, aparece el n\u00famero que el Gobierno preferir\u00eda no ver estampado en ninguna pared: 241% de inflaci\u00f3n acumulada en 23 meses. No hay maquillaje posible: el dato es oficial. No est\u00e1 tomado de consultoras privadas ni de estimaciones alternativas. Surge del propio INDEC.<br><br>En paralelo, Serrano Mancilla introduce una comparaci\u00f3n hist\u00f3rica que tiene el objetivo de poner en perspectiva el fen\u00f3meno. Explica que, de acuerdo con las mediciones externas difundidas por The Economist, Cristina Fern\u00e1ndez de Kirchner tard\u00f3 71 meses y medio \u2014casi seis a\u00f1os de gobierno\u2014 en acumular la misma inflaci\u00f3n que Milei logr\u00f3 en poco menos de dos. No es un elogio a la gesti\u00f3n anterior ni un intento de embellecer el pasado. Es, simplemente, un contraste que acent\u00faa el car\u00e1cter extremo del presente.<br><br>La pregunta que surge es evidente: \u00bfc\u00f3mo se sostiene entonces el discurso de la estabilidad? La respuesta, sugiere el economista, radica en la trampa narrativa. El mile\u00edsmo celebra los meses recientes de inflaci\u00f3n baja como si fueran una conquista heroica, pero dejan fuera del encuadre el estallido inicial, cuando los precios volaron de manera abrupta. Es como si un escalador se jactara de no subir demasiado r\u00e1pido un tramo final, omitiendo que empez\u00f3 la expedici\u00f3n movi\u00e9ndose a una velocidad suicida.<br><br>El an\u00e1lisis de Serrano Mancilla interpela directamente al relato gubernamental y tambi\u00e9n a quienes \u2014por convicci\u00f3n, conveniencia o simple repetici\u00f3n\u2014 abrazan la idea de que el problema \u201cya est\u00e1 resuelto\u201d. La foto que muestra el INDEC est\u00e1 lejos de esa celebraci\u00f3n. Y todav\u00eda m\u00e1s lejos de las expectativas ciudadanas.<br><br>Los precios, insiste Serrano, no est\u00e1n quietos: est\u00e1n quietos respecto de s\u00ed mismos despu\u00e9s de haber trepado a un nivel estratosf\u00e9rico. Est\u00e1n estabilizados, s\u00ed, pero estabilizados en la cima del Everest inflacionario que el propio Milei cre\u00f3 al inicio de su mandato. La estabilidad, en ese sentido, es solo una ancla para garantizar que la ca\u00edda del poder adquisitivo no se revierta.<br><br>La advertencia final del economista introduce un elemento pol\u00edtico de fondo: \u201cArgentina es de los pa\u00edses m\u00e1s caros del mundo, pero con salarios muy bajos\u201d. Ese desequilibrio, lejos de corregirse, se profundiz\u00f3. Y esa realidad cotidiana, palpable en las g\u00f3ndolas, en el supermercado del barrio y en la mesa de cada familia, es la que hace que el discurso oficial sobre la estabilidad se vuelva cada vez menos cre\u00edble.<br><br>El cuadro de precios de CELAG lo muestra con crudeza. No son teor\u00edas, no son proyecciones, no son debates imaginarios. Es la vida real. Es la inflaci\u00f3n que golpea. Es el n\u00famero 241% que pesa m\u00e1s que cualquier eslogan. Y es, tambi\u00e9n, un recordatorio inc\u00f3modo de que la econom\u00eda no se ordena con frases virales, sino con pol\u00edticas que no destruyan el bolsillo mientras prometen un futuro que nunca llega.<\/p>\n","protected":false},"excerpt":{"rendered":"<p>El economista Alfredo Serrano Mancilla cuestion\u00f3 el mito de la \u201cestabilidad\u201d pregonada por el Gobierno y record\u00f3 que los precios en Argentina treparon al Everest en los primeros meses de Milei para luego seguir escalando desde un piso ya inalcanzable para la mayor\u00eda. Con datos oficiales del INDEC y un cuadro demoledor que expone aumentos&#8230;<\/p>\n","protected":false},"author":9,"featured_media":10959,"comment_status":"open","ping_status":"open","sticky":false,"template":"","format":"standard","meta":{"_monsterinsights_skip_tracking":false,"_monsterinsights_sitenote_active":false,"_monsterinsights_sitenote_note":"","_monsterinsights_sitenote_category":0,"footnotes":"","jetpack_publicize_message":"","jetpack_publicize_feature_enabled":true,"jetpack_social_post_already_shared":true,"jetpack_social_options":{"image_generator_settings":{"template":"highway","default_image_id":0,"font":"","enabled":false},"version":2}},"categories":[3],"tags":[],"class_list":["post-10960","post","type-post","status-publish","format-standard","has-post-thumbnail","hentry","category-economia"],"jetpack_publicize_connections":[],"_links":{"self":[{"href":"https:\/\/www.enorsai.com\/noticias\/wp-json\/wp\/v2\/posts\/10960","targetHints":{"allow":["GET"]}}],"collection":[{"href":"https:\/\/www.enorsai.com\/noticias\/wp-json\/wp\/v2\/posts"}],"about":[{"href":"https:\/\/www.enorsai.com\/noticias\/wp-json\/wp\/v2\/types\/post"}],"author":[{"embeddable":true,"href":"https:\/\/www.enorsai.com\/noticias\/wp-json\/wp\/v2\/users\/9"}],"replies":[{"embeddable":true,"href":"https:\/\/www.enorsai.com\/noticias\/wp-json\/wp\/v2\/comments?post=10960"}],"version-history":[{"count":1,"href":"https:\/\/www.enorsai.com\/noticias\/wp-json\/wp\/v2\/posts\/10960\/revisions"}],"predecessor-version":[{"id":10961,"href":"https:\/\/www.enorsai.com\/noticias\/wp-json\/wp\/v2\/posts\/10960\/revisions\/10961"}],"wp:featuredmedia":[{"embeddable":true,"href":"https:\/\/www.enorsai.com\/noticias\/wp-json\/wp\/v2\/media\/10959"}],"wp:attachment":[{"href":"https:\/\/www.enorsai.com\/noticias\/wp-json\/wp\/v2\/media?parent=10960"}],"wp:term":[{"taxonomy":"category","embeddable":true,"href":"https:\/\/www.enorsai.com\/noticias\/wp-json\/wp\/v2\/categories?post=10960"},{"taxonomy":"post_tag","embeddable":true,"href":"https:\/\/www.enorsai.com\/noticias\/wp-json\/wp\/v2\/tags?post=10960"}],"curies":[{"name":"wp","href":"https:\/\/api.w.org\/{rel}","templated":true}]}}