{"id":10954,"date":"2025-11-12T17:32:24","date_gmt":"2025-11-12T20:32:24","guid":{"rendered":"https:\/\/www.enorsai.com\/noticias\/?p=10954"},"modified":"2025-11-12T17:39:17","modified_gmt":"2025-11-12T20:39:17","slug":"la-inflacion-volvio-a-acelerarse-en-octubre-y-encendio-las-alarmas-del-mercado","status":"publish","type":"post","link":"https:\/\/www.enorsai.com\/noticias\/economia\/la-inflacion-volvio-a-acelerarse-en-octubre-y-encendio-las-alarmas-del-mercado\/","title":{"rendered":"La inflaci\u00f3n volvi\u00f3 a acelerarse en octubre y encendi\u00f3 las alarmas del mercado"},"content":{"rendered":"\n<p>El IPC subi\u00f3 2,3% en octubre y acumula un alza del 24,8% en lo que va de 2025. Los servicios superaron a los bienes y la inflaci\u00f3n n\u00facleo mostr\u00f3 una nueva suba, marcando el cuarto repunte en cinco meses.<br><br>Seg\u00fan los datos oficiales del INDEC, los precios al consumidor registraron en octubre una nueva aceleraci\u00f3n mensual del 2,3%. En t\u00e9rminos interanuales, el \u00edndice alcanza el 31,3%. El economista Christian Buteler advirti\u00f3 que la tendencia vuelve a ser preocupante, con subas en todos los componentes, especialmente en los servicios y precios regulados.<br><br>El Instituto Nacional de Estad\u00edstica y Censos (INDEC) inform\u00f3 que el \u00cdndice de Precios al Consumidor (IPC) registr\u00f3 un incremento del 2,3% en octubre de 2025, luego de la leve desaceleraci\u00f3n observada en septiembre. Con este dato, la inflaci\u00f3n acumulada en los primeros diez meses del a\u00f1o alcanza el 24,8%, mientras que la variaci\u00f3n interanual asciende al 31,3%.<br><br>El economista Christian Buteler, quien comparti\u00f3 el informe oficial, destac\u00f3 que esta suba representa la cuarta aceleraci\u00f3n de precios en los \u00faltimos cinco meses, lo que evidencia un cambio de tendencia respecto al primer semestre. \u201cLa inflaci\u00f3n se aceler\u00f3 nuevamente; es la cuarta vez en cinco meses\u201d, advirti\u00f3, se\u00f1alando que las categor\u00edas de bienes (2,3%) y servicios (2,5%) mostraron incrementos generalizados.<\/p>\n\n\n\n<figure class=\"wp-block-embed is-type-rich is-provider-twitter wp-block-embed-twitter\"><div class=\"wp-block-embed__wrapper\">\n<blockquote class=\"twitter-tweet\" data-width=\"550\" data-dnt=\"true\"><p lang=\"es\" dir=\"ltr\">Inflaci\u00f3n<br>Octubre 2025<br><br>Mensual 2.3%<br>Acumulada 24.8%<br>Interanual 31.3%<br><br>Bienes 2.3%<br>Servicios 2.5%<br><br>Estacionales 2.8%<br>N\u00facleo 2.2%<br>Regulados 2.6%<br><br>La inflaci\u00f3n se aceler\u00f3 nuevamente, es la 4ta vez en los \u00faltimos 5 meses.- <a href=\"https:\/\/t.co\/vGIcaUx6B5\">pic.twitter.com\/vGIcaUx6B5<\/a><\/p>&mdash; Christian Buteler (@cbuteler) <a href=\"https:\/\/twitter.com\/cbuteler\/status\/1988684938997367166?ref_src=twsrc%5Etfw\">November 12, 2025<\/a><\/blockquote><script async src=\"https:\/\/platform.twitter.com\/widgets.js\" charset=\"utf-8\"><\/script>\n<\/div><\/figure>\n\n\n\n<p><br><br>Dentro del desglose, los precios estacionales aumentaron 2,8%, los regulados 2,6% y la inflaci\u00f3n n\u00facleo \u2014que excluye ambos componentes\u2014 trep\u00f3 2,2%, confirmando que las presiones inflacionarias persisten aun sin shocks externos.<br><br>El gr\u00e1fico difundido por el organismo estad\u00edstico refleja una curva ascendente desde mayo, cuando el IPC marc\u00f3 apenas 1,5%. Desde entonces, el \u00edndice fue repuntando mes a mes, lo que genera inquietud en los analistas que temen un rebrote inflacionario de cara al cierre del a\u00f1o.<br><br>Si bien el Gobierno insiste en que el control fiscal y la pol\u00edtica monetaria contractiva permitir\u00e1n mantener la estabilidad de precios, los datos de octubre muestran que el escenario sigue siendo fr\u00e1gil. Para Buteler, \u201cel mercado est\u00e1 observando que la inflaci\u00f3n no termina de ceder, y eso condiciona cualquier expectativa de recuperaci\u00f3n del consumo o de mejora del poder adquisitivo\u201d.<br><br>En medio de un contexto econ\u00f3mico a\u00fan inestable, el leve repunte de los precios podr\u00eda anticipar tensiones hacia fin de a\u00f1o, especialmente en rubros sensibles como alimentos, transporte y servicios p\u00fablicos, que contin\u00faan siendo los principales motores del aumento del costo de vida.<br><br>Fuente:<br>Posteo de Christian Buteler (@cbuteler) basado en datos oficiales del INDEC \u2013 \u00cdndice de Precios al Consumidor, octubre 2025.<\/p>\n","protected":false},"excerpt":{"rendered":"<p>El IPC subi\u00f3 2,3% en octubre y acumula un alza del 24,8% en lo que va de 2025. Los servicios superaron a los bienes y la inflaci\u00f3n n\u00facleo mostr\u00f3 una nueva suba, marcando el cuarto repunte en cinco meses. Seg\u00fan los datos oficiales del INDEC, los precios al consumidor registraron en octubre una nueva aceleraci\u00f3n&#8230;<\/p>\n","protected":false},"author":9,"featured_media":10953,"comment_status":"open","ping_status":"open","sticky":false,"template":"","format":"standard","meta":{"_monsterinsights_skip_tracking":false,"_monsterinsights_sitenote_active":false,"_monsterinsights_sitenote_note":"","_monsterinsights_sitenote_category":0,"footnotes":"","jetpack_publicize_message":"","jetpack_publicize_feature_enabled":true,"jetpack_social_post_already_shared":true,"jetpack_social_options":{"image_generator_settings":{"template":"highway","default_image_id":0,"font":"","enabled":false},"version":2}},"categories":[3],"tags":[],"class_list":["post-10954","post","type-post","status-publish","format-standard","has-post-thumbnail","hentry","category-economia"],"jetpack_publicize_connections":[],"_links":{"self":[{"href":"https:\/\/www.enorsai.com\/noticias\/wp-json\/wp\/v2\/posts\/10954","targetHints":{"allow":["GET"]}}],"collection":[{"href":"https:\/\/www.enorsai.com\/noticias\/wp-json\/wp\/v2\/posts"}],"about":[{"href":"https:\/\/www.enorsai.com\/noticias\/wp-json\/wp\/v2\/types\/post"}],"author":[{"embeddable":true,"href":"https:\/\/www.enorsai.com\/noticias\/wp-json\/wp\/v2\/users\/9"}],"replies":[{"embeddable":true,"href":"https:\/\/www.enorsai.com\/noticias\/wp-json\/wp\/v2\/comments?post=10954"}],"version-history":[{"count":1,"href":"https:\/\/www.enorsai.com\/noticias\/wp-json\/wp\/v2\/posts\/10954\/revisions"}],"predecessor-version":[{"id":10955,"href":"https:\/\/www.enorsai.com\/noticias\/wp-json\/wp\/v2\/posts\/10954\/revisions\/10955"}],"wp:featuredmedia":[{"embeddable":true,"href":"https:\/\/www.enorsai.com\/noticias\/wp-json\/wp\/v2\/media\/10953"}],"wp:attachment":[{"href":"https:\/\/www.enorsai.com\/noticias\/wp-json\/wp\/v2\/media?parent=10954"}],"wp:term":[{"taxonomy":"category","embeddable":true,"href":"https:\/\/www.enorsai.com\/noticias\/wp-json\/wp\/v2\/categories?post=10954"},{"taxonomy":"post_tag","embeddable":true,"href":"https:\/\/www.enorsai.com\/noticias\/wp-json\/wp\/v2\/tags?post=10954"}],"curies":[{"name":"wp","href":"https:\/\/api.w.org\/{rel}","templated":true}]}}