{"id":10952,"date":"2025-11-12T17:23:06","date_gmt":"2025-11-12T20:23:06","guid":{"rendered":"https:\/\/www.enorsai.com\/noticias\/sociedad\/educacion-el-decreto-de-milei-que-libera-las-cuotas-en-colegios-privados-no-subsidiados\/"},"modified":"2025-11-12T17:23:06","modified_gmt":"2025-11-12T20:23:06","slug":"educacion-el-decreto-de-milei-que-libera-las-cuotas-en-colegios-privados-no-subsidiados","status":"publish","type":"post","link":"https:\/\/www.enorsai.com\/noticias\/sociedad\/educacion-el-decreto-de-milei-que-libera-las-cuotas-en-colegios-privados-no-subsidiados\/","title":{"rendered":"Educaci\u00f3n: el decreto de Milei que libera las cuotas en colegios privados no subsidiados"},"content":{"rendered":"\n<p>La Direcci\u00f3n General de Cultura y Educaci\u00f3n bonaerense aclar\u00f3 que el decreto del gobierno nacional solo afecta al 30% de los colegios privados del pa\u00eds, mientras que el 70% que recibe subsidios seguir\u00e1 bajo control provincial. La medida, presentada como desburocratizaci\u00f3n, abre un nuevo frente de conflicto entre Naci\u00f3n y las jurisdicciones.<br><br>El decreto 787\/2025 del Ejecutivo nacional elimina la obligaci\u00f3n de los colegios privados sin aporte estatal de informar con seis meses de anticipaci\u00f3n los aumentos de matr\u00edcula y cuotas. La medida, que responde a un pedido de las c\u00e1maras del sector, fue defendida por el gobierno como un gesto de \u201clibertad educativa\u201d, pero genera advertencias sobre los riesgos de desregulaci\u00f3n y desprotecci\u00f3n de las familias en un contexto de alta inflaci\u00f3n y desigualdad creciente.<br><br>El gobierno de Javier Milei avanza un paso m\u00e1s en su cruzada por desregular la educaci\u00f3n argentina. Con la firma del Decreto 787\/2025, el Poder Ejecutivo Nacional derog\u00f3 el Decreto 2417\/93, que regulaba los aranceles de los institutos educativos de gesti\u00f3n privada. La medida, presentada como un intento de simplificar tr\u00e1mites administrativos, impacta directamente sobre los colegios que no reciben aportes estatales, que representan alrededor del 30% del total en el pa\u00eds.<br><br>Hasta ahora, estas instituciones estaban obligadas a informar a las autoridades nacionales y a las familias, con seis meses de anticipaci\u00f3n, el monto de matr\u00edcula, cuotas y aranceles del ciclo siguiente. En un contexto de inflaci\u00f3n persistente, el requisito de fijar precios en septiembre para las cuotas de marzo se hab\u00eda vuelto, seg\u00fan los sectores empresarios, \u201cinviable\u201d. Sin embargo, la eliminaci\u00f3n de esta norma no es una cuesti\u00f3n meramente t\u00e9cnica: implica la renuncia del Estado nacional a cualquier tipo de control sobre el costo de la educaci\u00f3n privada en ese segmento, en un pa\u00eds donde los salarios reales se derrumban y la brecha educativa se agranda.<br><br>La periodista Rosal\u00eda Costantino, especialista en econom\u00eda y columnista de C5N, Radio 10 y Carnaval, explic\u00f3 en redes sociales que la medida no abarca a todo el sistema privado: \u201cEl 70% de las escuelas privadas del pa\u00eds recibe aportes estatales y seguir\u00e1 regulado por las provincias o la Ciudad de Buenos Aires\u201d. El comunicado emitido por la Direcci\u00f3n General de Cultura y Educaci\u00f3n (DGCyE) bonaerense confirma esta aclaraci\u00f3n y busca contener la confusi\u00f3n generada por el anuncio nacional.<br><br>En su documento oficial, la DGCyE precis\u00f3 que \u201clas instituciones educativas privadas con aporte estatal continuar\u00e1n con sus topes arancelarios, sujetos a la supervisi\u00f3n y autorizaci\u00f3n de la Direcci\u00f3n General, de acuerdo con la normativa provincial vigente\u201d. Es decir, aquellas escuelas que dependen parcialmente de fondos p\u00fablicos seguir\u00e1n obligadas a respetar los l\u00edmites fijados por las jurisdicciones.<\/p>\n\n\n\n<figure class=\"wp-block-embed is-type-rich is-provider-twitter wp-block-embed-twitter\"><div class=\"wp-block-embed__wrapper\">\n<blockquote class=\"twitter-tweet\" data-width=\"550\" data-dnt=\"true\"><p lang=\"es\" dir=\"ltr\">CUOTAS EN LOS COLEGIOS PRIVADOS: \u203c\ufe0faclaraci\u00f3n importante\u203c\ufe0f<br><br>La medida de naci\u00f3n aplica SOLO para el 30% de colegios privados de todo el pa\u00eds q que NO TIENEN subvenci\u00f3n del estado (provincias o caba) y ya aumentan la cuota seg\u00fan sus criterios, PERO IGUAL TENIAn que mandar con 6\u2026 <a href=\"https:\/\/t.co\/CrOqyMo7fq\">pic.twitter.com\/CrOqyMo7fq<\/a><\/p>&mdash; Rosal\u00eda Costantino (@colocostantino) <a href=\"https:\/\/twitter.com\/colocostantino\/status\/1988334806732542063?ref_src=twsrc%5Etfw\">November 11, 2025<\/a><\/blockquote><script async src=\"https:\/\/platform.twitter.com\/widgets.js\" charset=\"utf-8\"><\/script>\n<\/div><\/figure>\n\n\n\n<p><br><br>Pero el texto tambi\u00e9n advierte sobre la nueva realidad para las instituciones sin subvenci\u00f3n: el decreto nacional las exime del deber de informar sus aumentos, lo que en la pr\u00e1ctica equivale a liberar los aranceles. En otras palabras, los colegios podr\u00e1n fijar los precios de matr\u00edcula y cuota seg\u00fan su propio criterio, sin control previo del Estado nacional ni obligaci\u00f3n de notificar a las familias con antelaci\u00f3n.<br><br>La provincia de Buenos Aires marc\u00f3 una posici\u00f3n clara: \u201cToda modificaci\u00f3n arancelaria en instituciones que reciben aporte estatal deber\u00e1 ser previamente autorizada por las autoridades provinciales\u201d. Con esta frase, el gobierno de Axel Kicillof deja en evidencia su voluntad de mantener la regulaci\u00f3n sobre la educaci\u00f3n privada subsidiada, evitando una escalada de aumentos que impacte en miles de familias bonaerenses.<br><br>El trasfondo pol\u00edtico y econ\u00f3mico del decreto no puede disociarse de la visi\u00f3n ideol\u00f3gica del gobierno de Milei. Bajo la premisa de \u201cliberar los mercados\u201d y reducir la intervenci\u00f3n estatal, la administraci\u00f3n libertaria avanza sobre \u00e1reas sensibles como la educaci\u00f3n y la salud. En este caso, la medida beneficia directamente a un grupo de instituciones de \u00e9lite, concentradas en los grandes centros urbanos, que ahora tendr\u00e1n libertad plena para fijar aranceles en un contexto de fuerte concentraci\u00f3n del ingreso.<br><br>Mientras tanto, las provincias \u2014responsables constitucionales de la educaci\u00f3n\u2014 se ven obligadas a aclarar los alcances del decreto y contener la incertidumbre de las familias. El comunicado bonaerense cumple precisamente esa funci\u00f3n: dejar en claro que la mayor\u00eda de las escuelas seguir\u00e1 bajo control provincial, y que la desregulaci\u00f3n nacional no afectar\u00e1 los topes vigentes. Sin embargo, el da\u00f1o pol\u00edtico ya est\u00e1 hecho. La decisi\u00f3n reabre la discusi\u00f3n sobre el rol del Estado en la garant\u00eda del derecho a la educaci\u00f3n y deja expuestas las tensiones entre el gobierno central y las administraciones locales.<br><br>El discurso oficial intenta justificar la medida en nombre de la eficiencia y la libertad. Pero detr\u00e1s del tecnicismo de la \u201csimplificaci\u00f3n administrativa\u201d se esconde una l\u00f3gica m\u00e1s profunda: la transferencia del poder regulatorio desde el Estado hacia el mercado. En un pa\u00eds donde la educaci\u00f3n p\u00fablica atraviesa un proceso de ajuste y desfinanciamiento, liberar los precios de los colegios privados sin subvenci\u00f3n equivale a naturalizar un modelo educativo de dos velocidades: uno para quienes pueden pagar y otro para quienes quedan a la intemperie.<br><br>El argumento de la previsibilidad inflacionaria \u2014que fijar precios con seis meses de antelaci\u00f3n era un desprop\u00f3sito\u2014 puede ser cierto en lo t\u00e9cnico, pero la respuesta del gobierno es pol\u00edticamente riesgosa. En lugar de fortalecer mecanismos de acompa\u00f1amiento o segmentaci\u00f3n, elige retirar al Estado y dejar que la l\u00f3gica empresarial imponga las reglas del juego.<br><br>La medida llega, adem\u00e1s, en un momento de alta conflictividad social. Los docentes reclaman recomposiciones salariales, los presupuestos educativos provinciales sufren recortes y las universidades p\u00fablicas denuncian desfinanciamiento. En ese contexto, cualquier gesto de desregulaci\u00f3n se lee como un nuevo avance del ajuste sobre derechos b\u00e1sicos.<br><br>El decreto 787\/2025 puede parecer, en apariencia, una cuesti\u00f3n menor de burocracia escolar. Pero en el fondo refleja una decisi\u00f3n pol\u00edtica de enorme peso simb\u00f3lico: el Estado nacional renuncia a su funci\u00f3n de \u00e1rbitro y garante de la equidad educativa. La educaci\u00f3n, una vez m\u00e1s, se convierte en un terreno de disputa entre el inter\u00e9s p\u00fablico y la l\u00f3gica del mercado.<\/p>\n","protected":false},"excerpt":{"rendered":"<p>La Direcci\u00f3n General de Cultura y Educaci\u00f3n bonaerense aclar\u00f3 que el decreto del gobierno nacional solo afecta al 30% de los colegios privados del pa\u00eds, mientras que el 70% que recibe subsidios seguir\u00e1 bajo control provincial. La medida, presentada como desburocratizaci\u00f3n, abre un nuevo frente de conflicto entre Naci\u00f3n y las jurisdicciones. El decreto 787\/2025&#8230;<\/p>\n","protected":false},"author":12,"featured_media":10951,"comment_status":"open","ping_status":"open","sticky":false,"template":"","format":"standard","meta":{"_monsterinsights_skip_tracking":false,"_monsterinsights_sitenote_active":false,"_monsterinsights_sitenote_note":"","_monsterinsights_sitenote_category":0,"footnotes":"","jetpack_publicize_message":"","jetpack_publicize_feature_enabled":true,"jetpack_social_post_already_shared":true,"jetpack_social_options":{"image_generator_settings":{"template":"highway","default_image_id":0,"font":"","enabled":false},"version":2}},"categories":[3941,4],"tags":[],"class_list":["post-10952","post","type-post","status-publish","format-standard","has-post-thumbnail","hentry","category-educacion","category-sociedad"],"jetpack_publicize_connections":[],"_links":{"self":[{"href":"https:\/\/www.enorsai.com\/noticias\/wp-json\/wp\/v2\/posts\/10952","targetHints":{"allow":["GET"]}}],"collection":[{"href":"https:\/\/www.enorsai.com\/noticias\/wp-json\/wp\/v2\/posts"}],"about":[{"href":"https:\/\/www.enorsai.com\/noticias\/wp-json\/wp\/v2\/types\/post"}],"author":[{"embeddable":true,"href":"https:\/\/www.enorsai.com\/noticias\/wp-json\/wp\/v2\/users\/12"}],"replies":[{"embeddable":true,"href":"https:\/\/www.enorsai.com\/noticias\/wp-json\/wp\/v2\/comments?post=10952"}],"version-history":[{"count":0,"href":"https:\/\/www.enorsai.com\/noticias\/wp-json\/wp\/v2\/posts\/10952\/revisions"}],"wp:featuredmedia":[{"embeddable":true,"href":"https:\/\/www.enorsai.com\/noticias\/wp-json\/wp\/v2\/media\/10951"}],"wp:attachment":[{"href":"https:\/\/www.enorsai.com\/noticias\/wp-json\/wp\/v2\/media?parent=10952"}],"wp:term":[{"taxonomy":"category","embeddable":true,"href":"https:\/\/www.enorsai.com\/noticias\/wp-json\/wp\/v2\/categories?post=10952"},{"taxonomy":"post_tag","embeddable":true,"href":"https:\/\/www.enorsai.com\/noticias\/wp-json\/wp\/v2\/tags?post=10952"}],"curies":[{"name":"wp","href":"https:\/\/api.w.org\/{rel}","templated":true}]}}