{"id":10947,"date":"2025-11-12T12:59:00","date_gmt":"2025-11-12T15:59:00","guid":{"rendered":"https:\/\/www.enorsai.com\/noticias\/?p=10947"},"modified":"2025-11-12T12:59:09","modified_gmt":"2025-11-12T15:59:09","slug":"hugo-yasky-expuso-la-hipocresia-politica-y-falta-de-coherencia-en-el-discurso-del-gobernador-pullaro","status":"publish","type":"post","link":"https:\/\/www.enorsai.com\/noticias\/politica\/hugo-yasky-expuso-la-hipocresia-politica-y-falta-de-coherencia-en-el-discurso-del-gobernador-pullaro\/","title":{"rendered":"Hugo Yasky expuso la hipocres\u00eda pol\u00edtica y falta de coherencia en el discurso del gobernador Pullaro"},"content":{"rendered":"\n<p>El secretario general de la CTA y diputado nacional record\u00f3 cuando el gobernador santafesino agradec\u00eda p\u00fablicamente el apoyo de Axel Kicillof en materia de seguridad. Hoy, la memoria selectiva del mandatario de Santa Fe alimenta una disputa pol\u00edtica que deja al descubierto la falta de coherencia del discurso federal.<\/p>\n\n\n\n<p>Hugo Yasky sali\u00f3 al cruce de Maximiliano Pullaro luego de que el gobernador de Santa Fe criticara al Gobierno nacional y apuntara contra los llamados \u201cbarones del conurbano\u201d. El dirigente sindical le record\u00f3 que, en 2024, fue la provincia de Buenos Aires \u2014a trav\u00e9s de Axel Kicillof\u2014 la que envi\u00f3 80 patrulleros y agentes especializados para reforzar la seguridad en Rosario. \u201cTe olvidaste\u201d, escribi\u00f3 Yasky, marcando adem\u00e1s que Buenos Aires es la jurisdicci\u00f3n que menos fondos per c\u00e1pita recibe del Estado nacional, a pesar de ser la que m\u00e1s aporta.<\/p>\n\n\n\n<p><strong>Cuerpo:<\/strong><br>El posteo de Hugo Yasky, secretario general de la Central de Trabajadores de la Argentina y diputado nacional por el Frente de Todos, se convirti\u00f3 en una contundente r\u00e9plica a los dichos del gobernador de Santa Fe, Maximiliano Pullaro. En las \u00faltimas horas, el mandatario santafesino hab\u00eda acusado al Gobierno nacional de utilizar los recursos del interior para \u201csubsidiar a los barones del conurbano\u201d. Pero la respuesta de Yasky puso las cosas en contexto y revel\u00f3 una memoria selectiva que desnuda el oportunismo pol\u00edtico.<\/p>\n\n\n\n<p>\u201cMala memoria Pullaro. Te olvidaste cuando le agradec\u00edas a Axel Kicillof el env\u00edo de patrulleros a Santa Fe ante la crisis de inseguridad de tu provincia\u201d, escribi\u00f3 Yasky en su cuenta de X. Su mensaje vino acompa\u00f1ado de im\u00e1genes de aquel momento, cuando Kicillof enviaba 80 m\u00f3viles policiales desde Buenos Aires a Rosario en marzo de 2024, en un gesto de cooperaci\u00f3n interprovincial frente al avance del narcotr\u00e1fico y la violencia urbana.<\/p>\n\n\n\n<figure class=\"wp-block-embed is-type-rich is-provider-twitter wp-block-embed-twitter\"><div class=\"wp-block-embed__wrapper\">\n<blockquote class=\"twitter-tweet\" data-width=\"550\" data-dnt=\"true\"><p lang=\"es\" dir=\"ltr\">Mala memoria Pullaro. <br>Te olvidaste cuando le agradec\u00edas a Axel Kicillof el env\u00edo de patrulleros a Santa Fe ante la crisis de inseguridad de tu provincia. <br>Te olvidaste de otro dato: Buenos Aires es la provincia que menos recursos por habitante recibe del gobierno nacional a\u2026 <a href=\"https:\/\/t.co\/rtCFYigTSr\">pic.twitter.com\/rtCFYigTSr<\/a><\/p>&mdash; Hugo Yasky (@HugoYasky) <a href=\"https:\/\/twitter.com\/HugoYasky\/status\/1988275252279865577?ref_src=twsrc%5Etfw\">November 11, 2025<\/a><\/blockquote><script async src=\"https:\/\/platform.twitter.com\/widgets.js\" charset=\"utf-8\"><\/script>\n<\/div><\/figure>\n\n\n\n<p>En ese entonces, el propio Pullaro, junto a su ministro de Seguridad y a funcionarios de la provincia de Buenos Aires, agradec\u00eda p\u00fablicamente el apoyo y destacaba la \u201csolidaridad federal\u201d mostrada por Kicillof. El env\u00edo incluy\u00f3 no solo patrulleros, sino tambi\u00e9n agentes especializados y recursos log\u00edsticos. Era un momento de emergencia en el que Santa Fe requer\u00eda respaldo inmediato, y la administraci\u00f3n bonaerense respondi\u00f3 sin titubeos.<\/p>\n\n\n\n<p>Un a\u00f1o despu\u00e9s, el discurso cambi\u00f3. Pullaro se aline\u00f3 al relato oficialista del Gobierno de Javier Milei y apunt\u00f3 contra el conurbano bonaerense \u2014y, por extensi\u00f3n, contra Kicillof\u2014 bajo el argumento de que \u201clos recursos del interior terminan subsidiando a los barones del conurbano\u201d. Lo que omiti\u00f3 el mandatario radical fue que Buenos Aires es, justamente, la provincia que m\u00e1s aporta a las arcas nacionales y la que menos recibe por habitante.<\/p>\n\n\n\n<p>El contraste no solo evidencia una contradicci\u00f3n pol\u00edtica, sino tambi\u00e9n una forma de construir poder a trav\u00e9s del olvido. Mientras el gobierno libertario busca profundizar la grieta territorial entre el interior productivo y el Gran Buenos Aires, figuras como Pullaro replican esa l\u00f3gica, olvidando los lazos de cooperaci\u00f3n que en su momento fueron vitales.<\/p>\n\n\n\n<p>Yasky apunt\u00f3 con precisi\u00f3n quir\u00fargica a ese punto ciego del discurso. Su mensaje no fue solo un reclamo pol\u00edtico, sino tambi\u00e9n una advertencia: el federalismo no se defiende con discursos vac\u00edos ni con gestos de ingratitud, sino con hechos concretos de solidaridad y equidad fiscal.<\/p>\n\n\n\n<p>La provincia de Buenos Aires sostiene, con su estructura econ\u00f3mica e industrial, buena parte del presupuesto nacional. Sin embargo, es la jurisdicci\u00f3n m\u00e1s castigada por la distribuci\u00f3n de fondos, una situaci\u00f3n que se agrava con las pol\u00edticas de ajuste y recentralizaci\u00f3n impulsadas desde la Casa Rosada. En ese contexto, las declaraciones de Pullaro no solo son injustas, sino tambi\u00e9n funcionales a un relato que busca enfrentar a las provincias entre s\u00ed.<\/p>\n\n\n\n<p>El recuerdo de marzo de 2024 sigue vigente: filas de patrulleros bonaerenses arribando a Rosario, polic\u00edas de distintas jurisdicciones trabajando codo a codo, y un mensaje de unidad frente a la violencia. Aquella imagen contrasta con la actual estrategia de desmemoria selectiva.<\/p>\n\n\n\n<p>En un pa\u00eds fragmentado por el ajuste, donde los gobiernos provinciales compiten por migajas de presupuesto, el oportunismo discursivo se vuelve un arma pol\u00edtica. Pero como record\u00f3 Yasky, la historia reciente es un espejo inc\u00f3modo para quienes hoy pretenden borrar con el codo lo que firmaron con la mano.<\/p>\n\n\n\n<p><\/p>\n","protected":false},"excerpt":{"rendered":"<p>El secretario general de la CTA y diputado nacional record\u00f3 cuando el gobernador santafesino agradec\u00eda p\u00fablicamente el apoyo de Axel Kicillof en materia de seguridad. Hoy, la memoria selectiva del mandatario de Santa Fe alimenta una disputa pol\u00edtica que deja al descubierto la falta de coherencia del discurso federal. Hugo Yasky sali\u00f3 al cruce de&#8230;<\/p>\n","protected":false},"author":1,"featured_media":10948,"comment_status":"open","ping_status":"open","sticky":false,"template":"","format":"standard","meta":{"_monsterinsights_skip_tracking":false,"_monsterinsights_sitenote_active":false,"_monsterinsights_sitenote_note":"","_monsterinsights_sitenote_category":0,"footnotes":"","jetpack_publicize_message":"","jetpack_publicize_feature_enabled":true,"jetpack_social_post_already_shared":true,"jetpack_social_options":{"image_generator_settings":{"template":"highway","default_image_id":0,"font":"","enabled":false},"version":2}},"categories":[2],"tags":[3961,1269],"class_list":["post-10947","post","type-post","status-publish","format-standard","has-post-thumbnail","hentry","category-politica","tag-hugo-yasky","tag-pullaro"],"jetpack_publicize_connections":[],"_links":{"self":[{"href":"https:\/\/www.enorsai.com\/noticias\/wp-json\/wp\/v2\/posts\/10947","targetHints":{"allow":["GET"]}}],"collection":[{"href":"https:\/\/www.enorsai.com\/noticias\/wp-json\/wp\/v2\/posts"}],"about":[{"href":"https:\/\/www.enorsai.com\/noticias\/wp-json\/wp\/v2\/types\/post"}],"author":[{"embeddable":true,"href":"https:\/\/www.enorsai.com\/noticias\/wp-json\/wp\/v2\/users\/1"}],"replies":[{"embeddable":true,"href":"https:\/\/www.enorsai.com\/noticias\/wp-json\/wp\/v2\/comments?post=10947"}],"version-history":[{"count":1,"href":"https:\/\/www.enorsai.com\/noticias\/wp-json\/wp\/v2\/posts\/10947\/revisions"}],"predecessor-version":[{"id":10949,"href":"https:\/\/www.enorsai.com\/noticias\/wp-json\/wp\/v2\/posts\/10947\/revisions\/10949"}],"wp:featuredmedia":[{"embeddable":true,"href":"https:\/\/www.enorsai.com\/noticias\/wp-json\/wp\/v2\/media\/10948"}],"wp:attachment":[{"href":"https:\/\/www.enorsai.com\/noticias\/wp-json\/wp\/v2\/media?parent=10947"}],"wp:term":[{"taxonomy":"category","embeddable":true,"href":"https:\/\/www.enorsai.com\/noticias\/wp-json\/wp\/v2\/categories?post=10947"},{"taxonomy":"post_tag","embeddable":true,"href":"https:\/\/www.enorsai.com\/noticias\/wp-json\/wp\/v2\/tags?post=10947"}],"curies":[{"name":"wp","href":"https:\/\/api.w.org\/{rel}","templated":true}]}}