{"id":10944,"date":"2025-11-12T12:45:40","date_gmt":"2025-11-12T15:45:40","guid":{"rendered":"https:\/\/www.enorsai.com\/noticias\/?p=10944"},"modified":"2025-11-12T12:45:47","modified_gmt":"2025-11-12T15:45:47","slug":"grave-escandalo-en-tucuman-policias-usaban-presos-para-construir-casas-particulares","status":"publish","type":"post","link":"https:\/\/www.enorsai.com\/noticias\/politica\/grave-escandalo-en-tucuman-policias-usaban-presos-para-construir-casas-particulares\/","title":{"rendered":"Grave esc\u00e1ndalo en Tucum\u00e1n: polic\u00edas usaban presos para construir casas particulares"},"content":{"rendered":"\n<p>El ministro de Seguridad Eugenio Ag\u00fcero Gamboa confirm\u00f3 que los jefes de la Unidad Regional Norte fueron dados de baja tras comprobarse que utilizaban internos y agentes policiales para la construcci\u00f3n de viviendas privadas. El gobernador Osvaldo Jaldo orden\u00f3 sumarios y un informe urgente sobre todas las regionales.<\/p>\n\n\n\n<p>El esc\u00e1ndalo estall\u00f3 con una denuncia an\u00f3nima que deriv\u00f3 en una investigaci\u00f3n interna del Ministerio de Seguridad de Tucum\u00e1n. Lo que comenz\u00f3 como un rumor termin\u00f3 confirm\u00e1ndose: presos y agentes de la fuerza provincial eran utilizados como mano de obra para levantar viviendas particulares de miembros de la polic\u00eda. Un hecho de extrema gravedad institucional que expone las ra\u00edces m\u00e1s oscuras del poder policial y pone bajo la lupa la cadena de mando. El propio ministro de Seguridad, Eugenio Ag\u00fcero Gamboa, reconoci\u00f3 p\u00fablicamente que el gobernador Osvaldo Jaldo orden\u00f3 una auditor\u00eda completa sobre las regionales policiales y las unidades especiales. En declaraciones reproducidas por La Gaceta, Ag\u00fcero Gamboa admiti\u00f3 que \u201ces una mancha para la instituci\u00f3n\u201d y confirm\u00f3 la detenci\u00f3n del jefe de la Unidad Regional Norte, junto a la baja inmediata del segundo jefe y del comisario de la localidad de Chucha. Ambos fueron desplazados \u201cpor la gravedad del hecho\u201d.<\/p>\n\n\n\n<p>Seg\u00fan el funcionario, la denuncia fue investigada con discreci\u00f3n hasta corroborar los hechos. En el operativo de verificaci\u00f3n, la Fiscal\u00eda de Delitos Complejos secuestr\u00f3 libros de guardia, documentaci\u00f3n interna y herramientas de trabajo utilizadas por los detenidos. La investigaci\u00f3n constat\u00f3 que los reclusos, que se encontraban bajo condena, eran trasladados desde los penales para realizar tareas de construcci\u00f3n en una vivienda particular perteneciente a un miembro de la fuerza policial. En algunos casos, tambi\u00e9n participaban agentes bajo \u00f3rdenes jer\u00e1rquicas, configurando una estructura de abuso sistem\u00e1tico.<\/p>\n\n\n\n<figure class=\"wp-block-embed is-type-video is-provider-youtube wp-block-embed-youtube wp-embed-aspect-16-9 wp-has-aspect-ratio\"><div class=\"wp-block-embed__wrapper\">\n<iframe loading=\"lazy\" title=\"&quot;Es una mancha para la instituci\u00f3n&quot;: usaban presos y agentes para construir la casa de polic\u00edas\" width=\"640\" height=\"360\" src=\"https:\/\/www.youtube.com\/embed\/VS4Hr3L6DLw?start=44&#038;feature=oembed\" frameborder=\"0\" allow=\"accelerometer; autoplay; clipboard-write; encrypted-media; gyroscope; picture-in-picture; web-share\" referrerpolicy=\"strict-origin-when-cross-origin\" allowfullscreen><\/iframe>\n<\/div><\/figure>\n\n\n\n<p><\/p>\n\n\n\n<p>\u201cTodo dentro de la ley, nada fuera de la ley\u201d, insisti\u00f3 Ag\u00fcero Gamboa, intentando marcar distancia pol\u00edtica con los responsables directos. Sin embargo, el tono de sus declaraciones tambi\u00e9n revel\u00f3 la magnitud del golpe institucional: \u201csabemos que fue un golpe muy fuerte para la Polic\u00eda, es una mancha para una instituci\u00f3n que ven\u00eda trabajando muy bien\u201d. Una frase que, m\u00e1s all\u00e1 del intento de contenci\u00f3n, deja en evidencia el da\u00f1o a la credibilidad de una fuerza ya cuestionada por sus m\u00e9todos y su historial de violencia institucional.<\/p>\n\n\n\n<p>El caso expone algo m\u00e1s que un episodio aislado: el uso ilegal de personas privadas de su libertad como trabajadores esclavizados al servicio de funcionarios p\u00fablicos. No se trata solo de corrupci\u00f3n administrativa, sino de violaciones a derechos humanos dentro del propio Estado provincial. La pregunta que surge es inevitable: \u00bfc\u00f3mo fue posible que una pr\u00e1ctica de esta magnitud se desarrollara sin que nadie en la cadena de mando lo advirtiera? El ministro reconoci\u00f3 que se encuentran en curso entre 10 y 11 sumarios administrativos, pero no descart\u00f3 nuevas medidas. La continuidad o desplazamiento de los jefes regionales depender\u00e1 de los informes que deben elevarse hoy al gobernador. En otras palabras, Jaldo eval\u00faa una depuraci\u00f3n forzada de la c\u00fapula policial, empujado por la evidencia y la presi\u00f3n medi\u00e1tica.<\/p>\n\n\n\n<p>El problema, sin embargo, va m\u00e1s all\u00e1 de nombres. Se trata de un modelo de impunidad estructural que ha permitido durante a\u00f1os la existencia de redes de favores, encubrimientos y poder corporativo dentro de la fuerza. Una instituci\u00f3n que, en lugar de ser garante de la ley, termin\u00f3 utilizando los recursos humanos del sistema penitenciario para beneficio personal. El traslado irregular de los presos fue confirmado por el propio ministro: los internos fueron llevados al penal de Benjam\u00edn Paz, donde continuar\u00e1n cumpliendo sus condenas. La investigaci\u00f3n judicial deber\u00e1 determinar si existi\u00f3 coacci\u00f3n laboral, privaci\u00f3n ileg\u00edtima de la libertad o violaci\u00f3n de deberes de funcionario p\u00fablico.<\/p>\n\n\n\n<p>El discurso oficial intenta deslindar responsabilidades pol\u00edticas: Ag\u00fcero Gamboa sostuvo que tanto el jefe como el subjefe de la Polic\u00eda \u201cfueron tambi\u00e9n defraudados\u201d por los mandos intermedios. Sin embargo, esa explicaci\u00f3n suena d\u00e9bil frente a la magnitud del hecho. En una estructura jer\u00e1rquica como la policial, los mandos intermedios no act\u00faan en la sombra: su accionar est\u00e1 sujeto a controles permanentes. El argumento de la \u201cdefraudaci\u00f3n\u201d solo profundiza la sensaci\u00f3n de encubrimiento y la falta de control institucional. Detr\u00e1s de las declaraciones de \u201ccompromiso con la sociedad\u201d, late un problema estructural: la connivencia entre el poder pol\u00edtico y las fuerzas de seguridad. Tucum\u00e1n, como otras provincias, arrastra d\u00e9cadas de denuncias por corrupci\u00f3n policial, apremios ilegales, participaci\u00f3n en redes delictivas y manejos paralelos de fondos. Este caso se inscribe en esa continuidad: un sistema corporativo que funciona con autonom\u00eda de hecho, donde los controles internos son meramente formales.<\/p>\n\n\n\n<p>La respuesta del gobierno tucumano intenta contener el da\u00f1o, pero no alcanza para disipar el impacto p\u00fablico. El esc\u00e1ndalo no solo desnuda el uso ilegal de presos, sino que sacude la legitimidad del propio Ministerio de Seguridad. El hecho de que los jefes involucrados ocuparan cargos de confianza directa compromete tambi\u00e9n a la administraci\u00f3n pol\u00edtica. La cadena de mando no puede presentarse como ajena a un sistema que reproduce pr\u00e1cticas autoritarias bajo el discurso del orden. Mientras el ministro promete \u201cseguir trabajando fuerte\u201d y el gobernador solicita informes \u201cpara decidir la continuidad o no de la plana mayor\u201d, la sociedad tucumana asiste a un nuevo cap\u00edtulo de impunidad institucional. Los discursos de \u201cmano dura\u201d y \u201cseguridad ciudadana\u201d quedan deslegitimados cuando se conoce que los mismos encargados de hacer cumplir la ley la violaban en beneficio propio.<\/p>\n\n\n\n<p>Este episodio no solo erosiona la imagen de la Polic\u00eda, sino que golpea la confianza p\u00fablica en todo el sistema de seguridad provincial. La \u201cmancha\u201d que el ministro menciona no se borra con sumarios administrativos: exige transparencia, sanci\u00f3n y una revisi\u00f3n profunda de las estructuras de poder policial que, amparadas en el uniforme, operan por fuera de la ley. El uso de presos y agentes para fines privados constituye una violaci\u00f3n directa a los derechos humanos, un abuso de poder y una muestra alarmante de descomposici\u00f3n institucional. En un contexto nacional de creciente autoritarismo policial, el caso Tucum\u00e1n se vuelve emblem\u00e1tico: cuando las fuerzas del Estado confunden autoridad con impunidad, la democracia se resquebraja desde sus cimientos.<\/p>\n\n\n\n<p><\/p>\n","protected":false},"excerpt":{"rendered":"<p>El ministro de Seguridad Eugenio Ag\u00fcero Gamboa confirm\u00f3 que los jefes de la Unidad Regional Norte fueron dados de baja tras comprobarse que utilizaban internos y agentes policiales para la construcci\u00f3n de viviendas privadas. El gobernador Osvaldo Jaldo orden\u00f3 sumarios y un informe urgente sobre todas las regionales. El esc\u00e1ndalo estall\u00f3 con una denuncia an\u00f3nima&#8230;<\/p>\n","protected":false},"author":9,"featured_media":10945,"comment_status":"open","ping_status":"open","sticky":false,"template":"","format":"standard","meta":{"_monsterinsights_skip_tracking":false,"_monsterinsights_sitenote_active":false,"_monsterinsights_sitenote_note":"","_monsterinsights_sitenote_category":0,"footnotes":"","jetpack_publicize_message":"","jetpack_publicize_feature_enabled":true,"jetpack_social_post_already_shared":true,"jetpack_social_options":{"image_generator_settings":{"template":"highway","default_image_id":0,"font":"","enabled":false},"version":2}},"categories":[2],"tags":[],"class_list":["post-10944","post","type-post","status-publish","format-standard","has-post-thumbnail","hentry","category-politica"],"jetpack_publicize_connections":[],"_links":{"self":[{"href":"https:\/\/www.enorsai.com\/noticias\/wp-json\/wp\/v2\/posts\/10944","targetHints":{"allow":["GET"]}}],"collection":[{"href":"https:\/\/www.enorsai.com\/noticias\/wp-json\/wp\/v2\/posts"}],"about":[{"href":"https:\/\/www.enorsai.com\/noticias\/wp-json\/wp\/v2\/types\/post"}],"author":[{"embeddable":true,"href":"https:\/\/www.enorsai.com\/noticias\/wp-json\/wp\/v2\/users\/9"}],"replies":[{"embeddable":true,"href":"https:\/\/www.enorsai.com\/noticias\/wp-json\/wp\/v2\/comments?post=10944"}],"version-history":[{"count":1,"href":"https:\/\/www.enorsai.com\/noticias\/wp-json\/wp\/v2\/posts\/10944\/revisions"}],"predecessor-version":[{"id":10946,"href":"https:\/\/www.enorsai.com\/noticias\/wp-json\/wp\/v2\/posts\/10944\/revisions\/10946"}],"wp:featuredmedia":[{"embeddable":true,"href":"https:\/\/www.enorsai.com\/noticias\/wp-json\/wp\/v2\/media\/10945"}],"wp:attachment":[{"href":"https:\/\/www.enorsai.com\/noticias\/wp-json\/wp\/v2\/media?parent=10944"}],"wp:term":[{"taxonomy":"category","embeddable":true,"href":"https:\/\/www.enorsai.com\/noticias\/wp-json\/wp\/v2\/categories?post=10944"},{"taxonomy":"post_tag","embeddable":true,"href":"https:\/\/www.enorsai.com\/noticias\/wp-json\/wp\/v2\/tags?post=10944"}],"curies":[{"name":"wp","href":"https:\/\/api.w.org\/{rel}","templated":true}]}}