{"id":10942,"date":"2025-11-12T12:02:16","date_gmt":"2025-11-12T15:02:16","guid":{"rendered":"https:\/\/www.enorsai.com\/noticias\/?p=10942"},"modified":"2025-11-12T12:03:07","modified_gmt":"2025-11-12T15:03:07","slug":"de-vido-la-defensa-acusa-a-la-corte-de-violar-derechos-humanos-y-anuncia-presentacion-ante-la-onu","status":"publish","type":"post","link":"https:\/\/www.enorsai.com\/noticias\/politica\/de-vido-la-defensa-acusa-a-la-corte-de-violar-derechos-humanos-y-anuncia-presentacion-ante-la-onu\/","title":{"rendered":"De Vido: la defensa acusa a la Corte de violar derechos humanos y anuncia presentaci\u00f3n ante la ONU"},"content":{"rendered":"\n<p>El abogado Maximiliano Rusconi calific\u00f3 de ileg\u00edtima la decisi\u00f3n de la Corte Suprema que habilita la ejecuci\u00f3n de la condena contra el exministro, advirtiendo que el fallo ignora la prescripci\u00f3n de la acci\u00f3n penal y vulnera garant\u00edas fundamentales.<br><br>El comunicado de la defensa t\u00e9cnica del arquitecto Julio De Vido, fechado el 12 de noviembre de 2025, cuestiona duramente la reciente decisi\u00f3n de la Corte Suprema de Justicia de la Naci\u00f3n, acus\u00e1ndola de actuar con \u201cvelocidad sospechosa\u201d y \u201coportunismo evidente\u201d. Seg\u00fan el letrado Maximiliano Rusconi, el m\u00e1ximo tribunal rechaz\u00f3 sin tratamiento un recurso clave que denunciaba la ilegitimidad de la pena impuesta en la causa conocida como \u201ctragedia de Once\u201d.<br><br>La defensa t\u00e9cnica del arquitecto y exministro de Planificaci\u00f3n Federal, Julio De Vido, denunci\u00f3 p\u00fablicamente una nueva violaci\u00f3n a los derechos humanos y una \u201cdecisi\u00f3n arbitraria\u201d de la Corte Suprema de Justicia de la Naci\u00f3n, luego de que el m\u00e1ximo tribunal desestimara un recurso de queja presentado por su equipo jur\u00eddico.<br>El comunicado, firmado por su abogado Dr. Maximiliano Rusconi, sostiene que la Corte actu\u00f3 sin jurisdicci\u00f3n y en absoluto exceso de sus facultades, al rechazar el planteo que cuestionaba la legitimidad de la condena dictada por la Sala II de la C\u00e1mara Federal de Casaci\u00f3n Penal en la causa de la \u201ctragedia de Once\u201d.<br><br>Rusconi afirma que el tribunal ignor\u00f3 un hecho determinante: la prescripci\u00f3n de la acci\u00f3n penal, que seg\u00fan la defensa oper\u00f3 de pleno derecho desde el 10 de diciembre de 2018, fecha de la \u00faltima sentencia del Tribunal Oral Federal N\u00b04. De acuerdo al comunicado, transcurrieron siete a\u00f1os sin que existiera una sentencia completa, integrada con la determinaci\u00f3n final de la responsabilidad penal y la imposici\u00f3n de una pena, motivo por el cual el proceso habr\u00eda perdido toda validez legal.<\/p>\n\n\n\n<figure class=\"wp-block-embed is-type-rich is-provider-twitter wp-block-embed-twitter\"><div class=\"wp-block-embed__wrapper\">\n<blockquote class=\"twitter-tweet\" data-width=\"550\" data-dnt=\"true\"><p lang=\"es\" dir=\"ltr\">\ud83d\udcceLes dejo el comunicado de los abogados de Julio <a href=\"https:\/\/twitter.com\/JulioDeVido?ref_src=twsrc%5Etfw\">@JulioDeVido<\/a> para que puedan Informarse . Gracias <a href=\"https:\/\/t.co\/JLxlEOZ8yY\">pic.twitter.com\/JLxlEOZ8yY<\/a><\/p>&mdash; Alessandra Minnicelli (@institucional1) <a href=\"https:\/\/twitter.com\/institucional1\/status\/1988555306616435164?ref_src=twsrc%5Etfw\">November 12, 2025<\/a><\/blockquote><script async src=\"https:\/\/platform.twitter.com\/widgets.js\" charset=\"utf-8\"><\/script>\n<\/div><\/figure>\n\n\n\n<p><br><br>El abogado calific\u00f3 la resoluci\u00f3n de la Corte como \u201cinjustificada y arbitraria\u201d, al omitir que el planteo de prescripci\u00f3n constituye una cuesti\u00f3n de orden p\u00fablico que \u201cdebe ser declarada aun de oficio\u201d y, por ende, resuelta antes de cualquier tr\u00e1mite o pronunciamiento de fondo.<br>\u201cCualquier decisi\u00f3n de privaci\u00f3n de libertad en este caso, cuya acci\u00f3n se encuentra extinguida, es una nueva manifestaci\u00f3n de ilegitimidad y violaci\u00f3n de las garant\u00edas fundamentales\u201d, se\u00f1ala el texto con firmeza.<br><br>La defensa present\u00f3 este mismo martes un recurso de reposici\u00f3n y revocatoria ante la Corte Suprema, exigiendo que el m\u00e1ximo tribunal revise su accionar y considere la gravedad institucional que implica sostener una condena vencida. Adem\u00e1s, Rusconi anticip\u00f3 que acudir\u00e1n al Grupo de Trabajo sobre Detenciones Arbitrarias (WGAD) del Consejo de Derechos Humanos de la ONU, con sede en Ginebra, para denunciar el caso como una detenci\u00f3n arbitraria.<br><br>El comunicado subraya la preocupaci\u00f3n por la \u201cinminente privaci\u00f3n de libertad arbitraria\u201d de Julio De Vido y solicita la intervenci\u00f3n urgente de organismos internacionales. \u201cInstaremos al gobierno argentino y a las autoridades judiciales a adoptar las medidas necesarias para evitar que esa privaci\u00f3n de libertad ilegal se materialice\u201d, advierte Rusconi.<br><br>En el mismo documento, el abogado tambi\u00e9n apunt\u00f3 contra algunos sectores medi\u00e1ticos que, seg\u00fan afirma, desinforman sobre la situaci\u00f3n judicial del exministro. \u201cJulio De Vido nunca fue condenado por el choque de Once \u2014remarca el comunicado\u2014. Fue absuelto respecto de ese hecho, dado que el Tribunal consider\u00f3 que el siniestro obedeci\u00f3 a la temeridad del conductor\u201d.<br>La condena, explica, recay\u00f3 sobre otra imputaci\u00f3n, pero esa causa \u201cqued\u00f3 prescripta\u201d, ya que el plazo m\u00e1ximo de seis a\u00f1os de la pena por el delito atribuido expir\u00f3 el 10 de diciembre de 2024.<br><br>De este modo, la defensa insiste en que la Corte Suprema actu\u00f3 en contra de sus propios antecedentes y en un contexto de evidente oportunismo pol\u00edtico, desoyendo el principio b\u00e1sico de legalidad.<br>Para Rusconi, el fallo no s\u00f3lo viola el derecho a la defensa, sino que \u201cpone en riesgo el futuro del Estado de derecho en la Argentina\u201d, al consolidar una jurisprudencia que permite ejecutar condenas aun cuando la acci\u00f3n penal se encuentre extinguida.<br><br>El tono del comunicado es inequ\u00edvocamente pol\u00edtico y jur\u00eddico: advierte sobre un deterioro institucional profundo, denuncia la falta de independencia judicial y anticipa una internacionalizaci\u00f3n del reclamo.<br>\u201cEstamos frente a una situaci\u00f3n de enorme gravedad institucional \u2014sostiene la defensa\u2014. La Corte Suprema ignor\u00f3 que no pod\u00eda pronunciarse sobre el fondo sin antes resolver la cuesti\u00f3n de la prescripci\u00f3n, lo que constituye una vulneraci\u00f3n flagrante de las garant\u00edas constitucionales.\u201d<br><br>A la espera de una respuesta del m\u00e1ximo tribunal, el abogado de Julio De Vido anunci\u00f3 que agotar\u00e1 todas las instancias judiciales nacionales e internacionales. \u201cNo descartamos acudir ante la ONU para visibilizar lo que consideramos un atropello al debido proceso y una detenci\u00f3n arbitraria\u201d, concluye Rusconi, quien remarc\u00f3 que la Corte \u201cha habilitado la ejecuci\u00f3n de una pena ileg\u00edtima e inexigible\u201d.<br><br>El documento, difundido el 12 de noviembre de 2025 desde la Ciudad de Buenos Aires, representa una nueva escalada en la larga batalla judicial del exministro kirchnerista, condenado en el marco de la causa \u201ctragedia de Once\u201d, aunque \u2014seg\u00fan su defensa\u2014 nunca por el hecho del choque, sino por una figura derivada que hoy estar\u00eda prescripta.<br><br>La presentaci\u00f3n ante el Consejo de Derechos Humanos de la ONU podr\u00eda abrir un nuevo cap\u00edtulo en el caso, trasladando la discusi\u00f3n sobre la legalidad del fallo a un terreno internacional, donde la defensa buscar\u00e1 demostrar que la decisi\u00f3n de la Corte Suprema vulnera derechos humanos fundamentales y contradice el principio de legalidad consagrado en los tratados internacionales suscriptos por la Argentina.<\/p>\n","protected":false},"excerpt":{"rendered":"<p>El abogado Maximiliano Rusconi calific\u00f3 de ileg\u00edtima la decisi\u00f3n de la Corte Suprema que habilita la ejecuci\u00f3n de la condena contra el exministro, advirtiendo que el fallo ignora la prescripci\u00f3n de la acci\u00f3n penal y vulnera garant\u00edas fundamentales. El comunicado de la defensa t\u00e9cnica del arquitecto Julio De Vido, fechado el 12 de noviembre de&#8230;<\/p>\n","protected":false},"author":1,"featured_media":10941,"comment_status":"open","ping_status":"open","sticky":false,"template":"","format":"standard","meta":{"_monsterinsights_skip_tracking":false,"_monsterinsights_sitenote_active":false,"_monsterinsights_sitenote_note":"","_monsterinsights_sitenote_category":0,"footnotes":"","jetpack_publicize_message":"","jetpack_publicize_feature_enabled":true,"jetpack_social_post_already_shared":true,"jetpack_social_options":{"image_generator_settings":{"template":"highway","default_image_id":0,"font":"","enabled":false},"version":2}},"categories":[4046,2],"tags":[],"class_list":["post-10942","post","type-post","status-publish","format-standard","has-post-thumbnail","hentry","category-lawfare","category-politica"],"jetpack_publicize_connections":[],"_links":{"self":[{"href":"https:\/\/www.enorsai.com\/noticias\/wp-json\/wp\/v2\/posts\/10942","targetHints":{"allow":["GET"]}}],"collection":[{"href":"https:\/\/www.enorsai.com\/noticias\/wp-json\/wp\/v2\/posts"}],"about":[{"href":"https:\/\/www.enorsai.com\/noticias\/wp-json\/wp\/v2\/types\/post"}],"author":[{"embeddable":true,"href":"https:\/\/www.enorsai.com\/noticias\/wp-json\/wp\/v2\/users\/1"}],"replies":[{"embeddable":true,"href":"https:\/\/www.enorsai.com\/noticias\/wp-json\/wp\/v2\/comments?post=10942"}],"version-history":[{"count":1,"href":"https:\/\/www.enorsai.com\/noticias\/wp-json\/wp\/v2\/posts\/10942\/revisions"}],"predecessor-version":[{"id":10943,"href":"https:\/\/www.enorsai.com\/noticias\/wp-json\/wp\/v2\/posts\/10942\/revisions\/10943"}],"wp:featuredmedia":[{"embeddable":true,"href":"https:\/\/www.enorsai.com\/noticias\/wp-json\/wp\/v2\/media\/10941"}],"wp:attachment":[{"href":"https:\/\/www.enorsai.com\/noticias\/wp-json\/wp\/v2\/media?parent=10942"}],"wp:term":[{"taxonomy":"category","embeddable":true,"href":"https:\/\/www.enorsai.com\/noticias\/wp-json\/wp\/v2\/categories?post=10942"},{"taxonomy":"post_tag","embeddable":true,"href":"https:\/\/www.enorsai.com\/noticias\/wp-json\/wp\/v2\/tags?post=10942"}],"curies":[{"name":"wp","href":"https:\/\/api.w.org\/{rel}","templated":true}]}}