{"id":10938,"date":"2025-11-12T11:41:31","date_gmt":"2025-11-12T14:41:31","guid":{"rendered":"https:\/\/www.enorsai.com\/noticias\/?p=10938"},"modified":"2025-11-12T11:49:15","modified_gmt":"2025-11-12T14:49:15","slug":"carli-bianco-pidio-una-reunion-con-santilli-por-los-fondos-adeudados-y-las-obras-paralizadas-en-buenos-aires","status":"publish","type":"post","link":"https:\/\/www.enorsai.com\/noticias\/politica\/carli-bianco-pidio-una-reunion-con-santilli-por-los-fondos-adeudados-y-las-obras-paralizadas-en-buenos-aires\/","title":{"rendered":"Carli Bianco pidi\u00f3 una reuni\u00f3n con Santilli por los fondos adeudados y las obras paralizadas en Buenos Aires"},"content":{"rendered":"\n<p>El ministro de Gobierno bonaerense solicit\u00f3 formalmente una audiencia con su par nacional para reclamar la deuda que Naci\u00f3n mantiene con la provincia y exigir la reactivaci\u00f3n de m\u00e1s de mil obras detenidas.<br><br>A trav\u00e9s de una nota oficial enviada este mi\u00e9rcoles, Carli Bianco reclam\u00f3 que el gobierno nacional restituya los fondos retirados a la provincia y reactive los proyectos de infraestructura frenados en todo el territorio bonaerense. El funcionario provincial advirti\u00f3 que la situaci\u00f3n compromete el desarrollo y el bienestar de los bonaerenses.<br><br>El ministro de Gobierno de la provincia de Buenos Aires, Carli Bianco, formaliz\u00f3 este mi\u00e9rcoles un pedido de audiencia al ministro del Interior, Diego Santilli, con el objetivo de abordar dos temas centrales para la gesti\u00f3n de Axel Kicillof: las deudas pendientes del Estado Nacional con la provincia y la paralizaci\u00f3n de m\u00e1s de mil obras p\u00fablicas que quedaron abandonadas tras los recortes dispuestos por el gobierno nacional.<br><br>En la nota oficial enviada desde La Plata, Bianco destac\u00f3 que la situaci\u00f3n representa un grave perjuicio para el desarrollo bonaerense. \u201cEstos asuntos resultan centrales para el desarrollo y el bienestar de las y los bonaerenses\u201d, sostuvo el funcionario, al tiempo que subray\u00f3 la necesidad de \u201cmantener un intercambio directo que permita analizar su estado actual y conocer con precisi\u00f3n las perspectivas de resoluci\u00f3n\u201d.<br><br>La solicitud fue presentada en el marco de una creciente preocupaci\u00f3n por la falta de transferencias de fondos nacionales que afectan \u00e1reas clave como la infraestructura escolar, sanitaria, vial y habitacional. En su publicaci\u00f3n, Bianco expres\u00f3:<br><br>&gt; \u201cEn el d\u00eda de hoy solicit\u00e9 formalmente una reuni\u00f3n al ministro @diegosantilli para reclamar los fondos que el gobierno nacional le quit\u00f3 a los bonaerenses y retomar la ejecuci\u00f3n de las 1000 obras que dejaron abandonadas en la provincia de Buenos Aires\u201d.<br><br><br><br>El planteo del ministro apunta a visibilizar el impacto del ajuste del gobierno nacional sobre el territorio m\u00e1s poblado del pa\u00eds, donde miles de proyectos quedaron inconclusos, afectando tanto al empleo como al acceso a servicios b\u00e1sicos. Desde el entorno de Bianco consideran que la falta de respuesta de Naci\u00f3n compromete directamente la capacidad de gesti\u00f3n de la provincia y profundiza las desigualdades territoriales.<br><br>El reclamo se inscribe adem\u00e1s en un contexto pol\u00edtico tenso entre la administraci\u00f3n de Javier Milei y el gobierno bonaerense, que ha sido uno de los m\u00e1s cr\u00edticos frente al desfinanciamiento del federalismo. \u201cEl desarrollo y la soberan\u00eda de la provincia dependen de pol\u00edticas coordinadas con el Estado nacional\u201d, se\u00f1al\u00f3 Bianco, integrante del Movimiento Derecho al Futuro, enfatizando la necesidad de di\u00e1logo institucional para resolver los conflictos pendientes.<br><br>El documento fue emitido con n\u00famero de expediente NO-2025-41179744-GDEBA-MGGP y fechado en La Plata, el 12 de noviembre de 2025, con copia al Ministerio del Interior. En su cierre, el ministro bonaerense reafirma su voluntad de di\u00e1logo, pero tambi\u00e9n deja entrever la urgencia de una respuesta concreta: \u201cEsperando poder concretar el encuentro a la brevedad\u201d.<br><br>Con este pedido formal, el gobierno bonaerense busca poner nuevamente sobre la mesa un tema que atraviesa a todos los municipios del territorio: la necesidad de que Naci\u00f3n cumpla sus compromisos financieros y reanude las obras que quedaron en suspenso, muchas de ellas esenciales para la vida cotidiana de millones de bonaerenses.<br><br><\/p>\n","protected":false},"excerpt":{"rendered":"<p>El ministro de Gobierno bonaerense solicit\u00f3 formalmente una audiencia con su par nacional para reclamar la deuda que Naci\u00f3n mantiene con la provincia y exigir la reactivaci\u00f3n de m\u00e1s de mil obras detenidas. A trav\u00e9s de una nota oficial enviada este mi\u00e9rcoles, Carli Bianco reclam\u00f3 que el gobierno nacional restituya los fondos retirados a la&#8230;<\/p>\n","protected":false},"author":1,"featured_media":10939,"comment_status":"open","ping_status":"open","sticky":false,"template":"","format":"standard","meta":{"_monsterinsights_skip_tracking":false,"_monsterinsights_sitenote_active":false,"_monsterinsights_sitenote_note":"","_monsterinsights_sitenote_category":0,"footnotes":"","jetpack_publicize_message":"","jetpack_publicize_feature_enabled":true,"jetpack_social_post_already_shared":true,"jetpack_social_options":{"image_generator_settings":{"template":"highway","default_image_id":0,"font":"","enabled":false},"version":2}},"categories":[2],"tags":[4078,4077],"class_list":["post-10938","post","type-post","status-publish","format-standard","has-post-thumbnail","hentry","category-politica","tag-carli-bianco","tag-diego-santilli"],"jetpack_publicize_connections":[],"_links":{"self":[{"href":"https:\/\/www.enorsai.com\/noticias\/wp-json\/wp\/v2\/posts\/10938","targetHints":{"allow":["GET"]}}],"collection":[{"href":"https:\/\/www.enorsai.com\/noticias\/wp-json\/wp\/v2\/posts"}],"about":[{"href":"https:\/\/www.enorsai.com\/noticias\/wp-json\/wp\/v2\/types\/post"}],"author":[{"embeddable":true,"href":"https:\/\/www.enorsai.com\/noticias\/wp-json\/wp\/v2\/users\/1"}],"replies":[{"embeddable":true,"href":"https:\/\/www.enorsai.com\/noticias\/wp-json\/wp\/v2\/comments?post=10938"}],"version-history":[{"count":1,"href":"https:\/\/www.enorsai.com\/noticias\/wp-json\/wp\/v2\/posts\/10938\/revisions"}],"predecessor-version":[{"id":10940,"href":"https:\/\/www.enorsai.com\/noticias\/wp-json\/wp\/v2\/posts\/10938\/revisions\/10940"}],"wp:featuredmedia":[{"embeddable":true,"href":"https:\/\/www.enorsai.com\/noticias\/wp-json\/wp\/v2\/media\/10939"}],"wp:attachment":[{"href":"https:\/\/www.enorsai.com\/noticias\/wp-json\/wp\/v2\/media?parent=10938"}],"wp:term":[{"taxonomy":"category","embeddable":true,"href":"https:\/\/www.enorsai.com\/noticias\/wp-json\/wp\/v2\/categories?post=10938"},{"taxonomy":"post_tag","embeddable":true,"href":"https:\/\/www.enorsai.com\/noticias\/wp-json\/wp\/v2\/tags?post=10938"}],"curies":[{"name":"wp","href":"https:\/\/api.w.org\/{rel}","templated":true}]}}