{"id":10935,"date":"2025-11-12T08:07:30","date_gmt":"2025-11-12T11:07:30","guid":{"rendered":"https:\/\/www.enorsai.com\/noticias\/?p=10935"},"modified":"2025-11-12T08:07:30","modified_gmt":"2025-11-12T11:07:30","slug":"reclamo-billonario-de-kicillof-a-milei-por-los-fondos-para-los-municipios","status":"publish","type":"post","link":"https:\/\/www.enorsai.com\/noticias\/politica\/reclamo-billonario-de-kicillof-a-milei-por-los-fondos-para-los-municipios\/","title":{"rendered":"Reclamo billonario de Kicillof a Milei por los fondos para los municipios"},"content":{"rendered":"\n<p><strong><em>El gobernador bonaerense busca que la Naci\u00f3n devuelva los fondos que fueron recortados a la Provincia. Mientras espera una respuesta de Diego Santilli, su ministro Carlos Bianco reiter\u00f3 que sin recursos adicionales ser\u00e1 dif\u00edcil asistir a los municipios.<\/em><\/strong><\/p>\n\n\n\n<p>El gobernador Axel Kicillof volvi\u00f3 a cargar contra la Casa Rosada y reclam\u00f3 que el Gobierno nacional restituya los \u201c13 billones de pesos\u201d que fueron quitados a la Provincia por recortes, baja de transferencias y ca\u00edda de la coparticipaci\u00f3n, y que afectan directamente el reparto a los municipios bonaerenses. En ese contexto, la Provincia insisti\u00f3 para reunirse con el nuevo ministro del Interior, Diego Santilli, aunque, seg\u00fan advirti\u00f3 Carlos Bianco, \u201cno respondi\u00f3\u00bb.<\/p>\n\n\n\n<p>\u201cLe escrib\u00ed para pedir una reuni\u00f3n para tratar los temas de inter\u00e9s provincial, que nos devuelvan lo que Milei nos rob\u00f3\u201d, afirm\u00f3 el funcionario, y a\u00f1adi\u00f3 con iron\u00eda: \u201cDebe estar ocupado, porque tiene dos laburos ahora, diputado por un lado y casi ministro por el otro\u201d.<\/p>\n\n\n\n<p>El reclamo econ\u00f3mico resurge en un marco en donde el Ejecutivo bonaerense busca que la Legislatura apruebe un endeudamiento de 1.990 millones de d\u00f3lares, con el objetivo de reforzar las finanzas provinciales y crear un fondo del 8% para los municipios. \u201cObviamente la Provincia requiere ese endeudamiento para reforzar sus arcas, y a partir de eso puede destinar una parte a los municipios\u201d, explic\u00f3 Bianco.<\/p>\n\n\n\n<p>Intendentes de distintos espacios insisten en replicar el esquema de 2023, con transferencias fijas y calendarizadas bajo el Coeficiente \u00danico de Distribuci\u00f3n (CUD) y libre disponibilidad de los fondos. Desde el Ejecutivo, sin embargo, advierten que la situaci\u00f3n \u201ces m\u00e1s compleja\u201d por la crisis fiscal y los recortes nacionales, que, seg\u00fan remarcan, afectaron severamente la recaudaci\u00f3n provincial.<\/p>\n\n\n\n<p>\u201cNecesitamos particularmente la ley de financiamiento para poder sostener durante el a\u00f1o que viene el normal funcionamiento\u201d, insisti\u00f3 Kicillof durante la presentaci\u00f3n del paquete econ\u00f3mico. El gobernador busca que la Legislatura autorice el nuevo endeudamiento antes de fin de a\u00f1o, dado que los vencimientos de deuda m\u00e1s pr\u00f3ximos est\u00e1n previstos para marzo y septiembre de 2026.<\/p>\n\n\n\n<p>Por Pol\u00edtica Argentina<\/p>\n","protected":false},"excerpt":{"rendered":"<p>El gobernador bonaerense busca que la Naci\u00f3n devuelva los fondos que fueron recortados a la Provincia. Mientras espera una respuesta de Diego Santilli, su ministro Carlos Bianco reiter\u00f3 que sin recursos adicionales ser\u00e1 dif\u00edcil asistir a los municipios. El gobernador Axel Kicillof volvi\u00f3 a cargar contra la Casa Rosada y reclam\u00f3 que el Gobierno nacional&#8230;<\/p>\n","protected":false},"author":5,"featured_media":7358,"comment_status":"open","ping_status":"open","sticky":false,"template":"","format":"standard","meta":{"_monsterinsights_skip_tracking":false,"_monsterinsights_sitenote_active":false,"_monsterinsights_sitenote_note":"","_monsterinsights_sitenote_category":0,"footnotes":"","jetpack_publicize_message":"","jetpack_publicize_feature_enabled":true,"jetpack_social_post_already_shared":true,"jetpack_social_options":{"image_generator_settings":{"template":"highway","default_image_id":0,"font":"","enabled":false},"version":2}},"categories":[2],"tags":[58,104,45],"class_list":["post-10935","post","type-post","status-publish","format-standard","has-post-thumbnail","hentry","category-politica","tag-ajuste","tag-kicillof","tag-milei"],"jetpack_publicize_connections":[],"_links":{"self":[{"href":"https:\/\/www.enorsai.com\/noticias\/wp-json\/wp\/v2\/posts\/10935","targetHints":{"allow":["GET"]}}],"collection":[{"href":"https:\/\/www.enorsai.com\/noticias\/wp-json\/wp\/v2\/posts"}],"about":[{"href":"https:\/\/www.enorsai.com\/noticias\/wp-json\/wp\/v2\/types\/post"}],"author":[{"embeddable":true,"href":"https:\/\/www.enorsai.com\/noticias\/wp-json\/wp\/v2\/users\/5"}],"replies":[{"embeddable":true,"href":"https:\/\/www.enorsai.com\/noticias\/wp-json\/wp\/v2\/comments?post=10935"}],"version-history":[{"count":1,"href":"https:\/\/www.enorsai.com\/noticias\/wp-json\/wp\/v2\/posts\/10935\/revisions"}],"predecessor-version":[{"id":10936,"href":"https:\/\/www.enorsai.com\/noticias\/wp-json\/wp\/v2\/posts\/10935\/revisions\/10936"}],"wp:featuredmedia":[{"embeddable":true,"href":"https:\/\/www.enorsai.com\/noticias\/wp-json\/wp\/v2\/media\/7358"}],"wp:attachment":[{"href":"https:\/\/www.enorsai.com\/noticias\/wp-json\/wp\/v2\/media?parent=10935"}],"wp:term":[{"taxonomy":"category","embeddable":true,"href":"https:\/\/www.enorsai.com\/noticias\/wp-json\/wp\/v2\/categories?post=10935"},{"taxonomy":"post_tag","embeddable":true,"href":"https:\/\/www.enorsai.com\/noticias\/wp-json\/wp\/v2\/tags?post=10935"}],"curies":[{"name":"wp","href":"https:\/\/api.w.org\/{rel}","templated":true}]}}