{"id":1093,"date":"2025-02-11T18:49:06","date_gmt":"2025-02-11T21:49:06","guid":{"rendered":"https:\/\/www.enorsai.com\/noticias\/?p=1093"},"modified":"2025-02-11T18:49:06","modified_gmt":"2025-02-11T21:49:06","slug":"la-posible-candidatura-de-cristina-reconfigura-el-escenario-politico-y-pone-en-jaque-la-estabilidad-del-gobierno-libertario","status":"publish","type":"post","link":"https:\/\/www.enorsai.com\/noticias\/politica\/la-posible-candidatura-de-cristina-reconfigura-el-escenario-politico-y-pone-en-jaque-la-estabilidad-del-gobierno-libertario\/","title":{"rendered":"La posible candidatura de Cristina reconfigura el escenario pol\u00edtico y pone en jaque la estabilidad del gobierno libertario"},"content":{"rendered":"\n<p><\/p>\n\n\n\n<p>La provincia de Buenos Aires sigue siendo el epicentro de la disputa pol\u00edtica en Argentina. Mientras el gobierno de Javier Milei avanza con su programa de ajuste y desregulaci\u00f3n, el peronismo se reacomoda y empieza a definir su estrategia de cara a las elecciones legislativas. En este contexto, la figura de Cristina Fern\u00e1ndez de Kirchner emerge nuevamente como un factor determinante, al punto de que sus adversarios directos, como Jos\u00e9 Luis Espert, la desaf\u00edan a competir en el distrito clave.<\/p>\n\n\n\n<p>Facundo Nejamkis, analista pol\u00edtico y director de Opina Argentina, analiz\u00f3 en una entrevista con La Red el impacto que podr\u00eda tener una candidatura de la ex presidenta en la provincia. \u00abCristina sigue siendo la figura con mayor adhesi\u00f3n dentro del peronismo bonaerense, junto con Axel Kicillof\u00bb, sostuvo, despejando cualquier duda sobre su vigencia pol\u00edtica.<\/p>\n\n\n\n<h3 class=\"wp-block-heading\"><strong>El kirchnerismo en Buenos Aires: un basti\u00f3n que resiste<\/strong><\/h3>\n\n\n\n<p>A pesar de la avanzada libertaria y de la ofensiva medi\u00e1tica contra el peronismo, la realidad es que el oficialismo bonaerense mantiene niveles de aprobaci\u00f3n estables. \u00abSi hay un distrito donde el peronismo logr\u00f3 sostenerse, es en la Provincia de Buenos Aires\u00bb, afirm\u00f3 Nejamkis, destacando que, a diferencia de 2017 cuando el macrismo logr\u00f3 una victoria importante con Esteban Bullrich, hoy la situaci\u00f3n es distinta.<\/p>\n\n\n\n<figure class=\"wp-block-embed is-type-wp-embed is-provider-incrustado wp-block-embed-incrustado\"><div class=\"wp-block-embed__wrapper\">\n<blockquote class=\"wp-embedded-content\" data-secret=\"79vLQ4lmPv\"><a href=\"https:\/\/www.enorsai.com\/noticias\/politica\/reconocido-analista-politico-sobre-milei-ajuste-fmi-y-un-gobierno-contra-las-cuerdas\/\">Reconocido analista pol\u00edtico sobre Milei: \u00abajuste, FMI y un gobierno contra las cuerdas\u00bb<\/a><\/blockquote><iframe loading=\"lazy\" class=\"wp-embedded-content\" sandbox=\"allow-scripts\" security=\"restricted\" style=\"position: absolute; visibility: hidden;\" title=\"\u00abReconocido analista pol\u00edtico sobre Milei: \u00abajuste, FMI y un gobierno contra las cuerdas\u00bb\u00bb \u2014 \" src=\"https:\/\/www.enorsai.com\/noticias\/politica\/reconocido-analista-politico-sobre-milei-ajuste-fmi-y-un-gobierno-contra-las-cuerdas\/embed\/#?secret=3Q0N75edH9#?secret=79vLQ4lmPv\" data-secret=\"79vLQ4lmPv\" width=\"600\" height=\"338\" frameborder=\"0\" marginwidth=\"0\" marginheight=\"0\" scrolling=\"no\"><\/iframe>\n<\/div><\/figure>\n\n\n\n<p>El gobernador Kicillof, lejos de debilitarse, mantiene la confianza de un sector significativo del electorado, incluso en un contexto de crisis econ\u00f3mica y aumento de la inseguridad. Esto representa un obst\u00e1culo importante para las aspiraciones de Milei y su espacio, que encuentran en la provincia un territorio hostil.<\/p>\n\n\n\n<h3 class=\"wp-block-heading\"><strong>Milei y el riesgo de una Cristina fortalecida<\/strong><\/h3>\n\n\n\n<p>La Libertad Avanza ha crecido en Buenos Aires, pero sigue enfrentando dificultades estructurales. Seg\u00fan Nejamkis, la imagen positiva de Milei supera el 50% a nivel nacional, pero la intenci\u00f3n de voto en la provincia est\u00e1 en torno al 30-35%, mientras que el peronismo ronda los 40-43 puntos. Esto implica que, si las elecciones fueran hoy, el oficialismo provincial seguir\u00eda siendo la primera fuerza.<\/p>\n\n\n\n<p>Un dato clave es que en la \u00faltima elecci\u00f3n, la derecha se dividi\u00f3 entre La Libertad Avanza y el PRO, debilitando sus chances. \u00abSi van separados, el peronismo tiene grandes chances de ganar; si van juntos, podr\u00edan ser m\u00e1s competitivos\u00bb, explic\u00f3 el analista.<\/p>\n\n\n\n<figure class=\"wp-block-embed is-type-wp-embed is-provider-incrustado wp-block-embed-incrustado\"><div class=\"wp-block-embed__wrapper\">\n<blockquote class=\"wp-embedded-content\" data-secret=\"n9E44Tp7rn\"><a href=\"https:\/\/www.enorsai.com\/noticias\/economia\/la-federacion-agraria-advierte-la-invasion-importadora-asfixia-a-los-productores-argentinos\/\">La Federaci\u00f3n Agraria advierte: La invasi\u00f3n importadora asfixia a los productores argentinos<\/a><\/blockquote><iframe loading=\"lazy\" class=\"wp-embedded-content\" sandbox=\"allow-scripts\" security=\"restricted\" style=\"position: absolute; visibility: hidden;\" title=\"\u00abLa Federaci\u00f3n Agraria advierte: La invasi\u00f3n importadora asfixia a los productores argentinos\u00bb \u2014 \" src=\"https:\/\/www.enorsai.com\/noticias\/economia\/la-federacion-agraria-advierte-la-invasion-importadora-asfixia-a-los-productores-argentinos\/embed\/#?secret=9p0bbyG4HE#?secret=n9E44Tp7rn\" data-secret=\"n9E44Tp7rn\" width=\"600\" height=\"338\" frameborder=\"0\" marginwidth=\"0\" marginheight=\"0\" scrolling=\"no\"><\/iframe>\n<\/div><\/figure>\n\n\n\n<p>Pero m\u00e1s all\u00e1 de los n\u00fameros, la gran preocupaci\u00f3n del gobierno libertario es pol\u00edtica. Una victoria de Cristina en la provincia no solo consolidar\u00eda su liderazgo dentro del peronismo, sino que la posicionar\u00eda como una alternativa real de cara a 2027. \u00abSi al gobierno de Milei no le va tan bien, Cristina se convierte en una amenaza\u00bb, alert\u00f3 Nejamkis, sugiriendo que esto podr\u00eda generar inestabilidad en los mercados y desconfianza en los sectores que buscan un peronismo \u00abrenovado\u00bb.<\/p>\n\n\n\n<h3 class=\"wp-block-heading\"><strong>La madre de todas las batallas<\/strong><\/h3>\n\n\n\n<p>El peronismo siempre ha entendido que Buenos Aires es la clave del poder en Argentina. Aunque algunos analistas, como Robertino S\u00e1nchez Flecha, sostienen que la importancia de la provincia est\u00e1 sobrevalorada, la realidad es que su peso electoral y simb\u00f3lico sigue siendo determinante. Si el gobierno pierde Buenos Aires, el golpe ser\u00eda significativo, incluso si logra victorias en otros distritos.<\/p>\n\n\n\n<p>El dilema para Milei es claro: si su programa econ\u00f3mico funciona, Cristina no representa una amenaza real. Pero si la crisis se agrava y su imagen se deteriora, un triunfo del kirchnerismo en Buenos Aires podr\u00eda convertirse en el principio del fin de su proyecto.<\/p>\n\n\n\n<p>Mientras tanto, el peronismo se reorganiza y observa. La posibilidad de que Cristina sea candidata en la provincia ya genera temores en la oposici\u00f3n y expectativas entre sus seguidores. La batalla est\u00e1 lejos de definirse, pero una cosa es segura: la ex presidenta sigue siendo una jugadora central en el tablero pol\u00edtico argentino.<\/p>\n\n\n\n<figure class=\"wp-block-embed is-type-wp-embed is-provider-incrustado wp-block-embed-incrustado\"><div class=\"wp-block-embed__wrapper\">\n<blockquote class=\"wp-embedded-content\" data-secret=\"rphQge16uR\"><a href=\"https:\/\/www.enorsai.com\/noticias\/politica\/el-ecochanta-del-mes-el-ministro-de-economia-toto-caputo\/\">El ecochanta del mes: El ministro de econom\u00eda Toto Caputo. Por CFK<\/a><\/blockquote><iframe loading=\"lazy\" class=\"wp-embedded-content\" sandbox=\"allow-scripts\" security=\"restricted\" style=\"position: absolute; visibility: hidden;\" title=\"\u00abEl ecochanta del mes: El ministro de econom\u00eda Toto Caputo. Por CFK\u00bb \u2014 \" src=\"https:\/\/www.enorsai.com\/noticias\/politica\/el-ecochanta-del-mes-el-ministro-de-economia-toto-caputo\/embed\/#?secret=4CqtdRtTLN#?secret=rphQge16uR\" data-secret=\"rphQge16uR\" width=\"600\" height=\"338\" frameborder=\"0\" marginwidth=\"0\" marginheight=\"0\" scrolling=\"no\"><\/iframe>\n<\/div><\/figure>\n","protected":false},"excerpt":{"rendered":"<p>\u00abLa provincia de Buenos Aires sigue siendo el epicentro de la disputa pol\u00edtica en Argentina\u00bb<\/p>\n","protected":false},"author":4,"featured_media":1095,"comment_status":"open","ping_status":"open","sticky":false,"template":"","format":"standard","meta":{"_monsterinsights_skip_tracking":false,"_monsterinsights_sitenote_active":false,"_monsterinsights_sitenote_note":"","_monsterinsights_sitenote_category":0,"footnotes":"","jetpack_publicize_message":"","jetpack_publicize_feature_enabled":true,"jetpack_social_post_already_shared":true,"jetpack_social_options":{"image_generator_settings":{"template":"highway","default_image_id":0,"font":"","enabled":false},"version":2}},"categories":[2],"tags":[235,445,106,446,363],"class_list":["post-1093","post","type-post","status-publish","format-standard","has-post-thumbnail","hentry","category-politica","tag-cristina-kirchner","tag-elecciones-buenos-aires","tag-javier-milei","tag-la-libertad-avanza","tag-peronismo"],"jetpack_publicize_connections":[],"_links":{"self":[{"href":"https:\/\/www.enorsai.com\/noticias\/wp-json\/wp\/v2\/posts\/1093","targetHints":{"allow":["GET"]}}],"collection":[{"href":"https:\/\/www.enorsai.com\/noticias\/wp-json\/wp\/v2\/posts"}],"about":[{"href":"https:\/\/www.enorsai.com\/noticias\/wp-json\/wp\/v2\/types\/post"}],"author":[{"embeddable":true,"href":"https:\/\/www.enorsai.com\/noticias\/wp-json\/wp\/v2\/users\/4"}],"replies":[{"embeddable":true,"href":"https:\/\/www.enorsai.com\/noticias\/wp-json\/wp\/v2\/comments?post=1093"}],"version-history":[{"count":1,"href":"https:\/\/www.enorsai.com\/noticias\/wp-json\/wp\/v2\/posts\/1093\/revisions"}],"predecessor-version":[{"id":1096,"href":"https:\/\/www.enorsai.com\/noticias\/wp-json\/wp\/v2\/posts\/1093\/revisions\/1096"}],"wp:featuredmedia":[{"embeddable":true,"href":"https:\/\/www.enorsai.com\/noticias\/wp-json\/wp\/v2\/media\/1095"}],"wp:attachment":[{"href":"https:\/\/www.enorsai.com\/noticias\/wp-json\/wp\/v2\/media?parent=1093"}],"wp:term":[{"taxonomy":"category","embeddable":true,"href":"https:\/\/www.enorsai.com\/noticias\/wp-json\/wp\/v2\/categories?post=1093"},{"taxonomy":"post_tag","embeddable":true,"href":"https:\/\/www.enorsai.com\/noticias\/wp-json\/wp\/v2\/tags?post=1093"}],"curies":[{"name":"wp","href":"https:\/\/api.w.org\/{rel}","templated":true}]}}