{"id":10917,"date":"2025-11-11T19:00:16","date_gmt":"2025-11-11T22:00:16","guid":{"rendered":"https:\/\/www.enorsai.com\/noticias\/sociedad\/ate-convoca-a-un-paro-nacional-contra-la-reforma-laboral-de-milei\/"},"modified":"2025-11-11T19:00:16","modified_gmt":"2025-11-11T22:00:16","slug":"ate-convoca-a-un-paro-nacional-contra-la-reforma-laboral-de-milei","status":"publish","type":"post","link":"https:\/\/www.enorsai.com\/noticias\/sociedad\/ate-convoca-a-un-paro-nacional-contra-la-reforma-laboral-de-milei\/","title":{"rendered":"ATE convoca a un paro nacional contra la reforma laboral de Milei"},"content":{"rendered":"\n<p>El Secretario General de ATE Nacional, Rodolfo Aguiar, anunci\u00f3 un paro con movilizaci\u00f3n hacia el ex Ministerio de Trabajo en rechazo a la reforma laboral impulsada por el gobierno de Javier Milei. La medida apunta a frenar el avance del ajuste, el desmantelamiento de \u00e1reas de control estatal y la p\u00e9rdida de derechos laborales.<br><br>\u201cLos trabajadores no tenemos que esperar a conocer ninguna letra chica para saber que nos quieren joder\u201d, advirti\u00f3 Aguiar, al convocar a una jornada nacional de lucha el 19. Desde ATE denuncian que el Gobierno busca debilitar la autoridad laboral para favorecer a las patronales y profundizar la precarizaci\u00f3n en el sector p\u00fablico.<br><br>El Secretario General de ATE Nacional, Rodolfo Aguiar, lanz\u00f3 una fuerte advertencia al gobierno de Javier Milei al anunciar un paro nacional con movilizaci\u00f3n al ex Ministerio de Trabajo el pr\u00f3ximo 19 de noviembre. La medida, definida como urgente e inaplazable, busca frenar el avance de la reforma laboral que el Ejecutivo pretende imponer bajo el argumento de \u201cmodernizar\u201d las relaciones de trabajo.<br><br>\u201cNo podemos esperar m\u00e1s, tenemos que salir a la calle y empezar a enfrentarla ya\u201d, declar\u00f3 Aguiar, con un tono que refleja el hartazgo acumulado en el sector p\u00fablico tras 23 meses de deterioro salarial, congelamiento paritario y vaciamiento institucional. Desde su cuenta oficial, el dirigente patag\u00f3nico subray\u00f3 que la estrategia del gobierno apunta a debilitar a los sindicatos y desmontar la estructura estatal que garantiza derechos laborales y controles sobre el poder econ\u00f3mico.<br><br>Aguiar fue contundente: \u201cLos trabajadores no tenemos que esperar a conocer ninguna letra chica para saber que nos quieren joder\u201d. Con esa frase, sintetiz\u00f3 la sensaci\u00f3n generalizada de que la reforma laboral es un ataque directo a las conquistas hist\u00f3ricas del movimiento obrero. Seg\u00fan el l\u00edder de ATE, la administraci\u00f3n de Milei no busca di\u00e1logo sino imponer un modelo de relaciones laborales desregulado, donde las patronales act\u00faen sin l\u00edmites ni controles.<\/p>\n\n\n\n<figure class=\"wp-block-embed is-type-rich is-provider-twitter wp-block-embed-twitter\"><div class=\"wp-block-embed__wrapper\">\n<blockquote class=\"twitter-tweet\" data-width=\"550\" data-dnt=\"true\"><p lang=\"es\" dir=\"ltr\">\u00daLTIMO MOMENTO!!<br>ATE LANZA PARO NACIONAL CON MOVILIZACI\u00d3N A TRABAJO EL 19 POR LA REFORMA LABORAL!!<br><br>NO PODEMOS ESPERAR M\u00c1S, TENEMOS QUE SALIR A LA CALLE Y EMPEZAR A ENFRENTARLA YA!!<br><br>Los trabajadores no tenemos que esperar a conocer ninguna letra chica para saber que nos quieren\u2026 <a href=\"https:\/\/t.co\/MVQT9yqB2J\">pic.twitter.com\/MVQT9yqB2J<\/a><\/p>&mdash; Rodolfo Aguiar (@rodoaguiar) <a href=\"https:\/\/twitter.com\/rodoaguiar\/status\/1988334996155924488?ref_src=twsrc%5Etfw\">November 11, 2025<\/a><\/blockquote><script async src=\"https:\/\/platform.twitter.com\/widgets.js\" charset=\"utf-8\"><\/script>\n<\/div><\/figure>\n\n\n\n<p><br><br>El dirigente advirti\u00f3 que el Ministerio de Trabajo \u2014rebajado y vaciado por decisi\u00f3n pol\u00edtica\u2014 se est\u00e1 reconfigurando para facilitar la quita de derechos. \u201cVamos a movilizar al ex Ministerio porque pretenden adaptar la m\u00e1xima autoridad laboral del pa\u00eds con esa finalidad. Est\u00e1n intentando desmantelar \u00e1reas completas, casualmente las de fiscalizaci\u00f3n o las agencias territoriales\u201d, denunci\u00f3.<br><br>Para Aguiar, no se trata solo de una disputa gremial, sino de un ataque estructural al Estado y al modelo de protecci\u00f3n social construido durante d\u00e9cadas. La eliminaci\u00f3n de los controles laborales, explic\u00f3, abre la puerta a la explotaci\u00f3n sin freno, especialmente en un contexto de salarios pulverizados y creciente precarizaci\u00f3n.<br><br>En esa l\u00ednea, subray\u00f3 que tras casi dos a\u00f1os de gesti\u00f3n libertaria, la administraci\u00f3n p\u00fablica nacional est\u00e1 en emergencia salarial, con miles de trabajadores que no llegan a cubrir la canasta b\u00e1sica y ven c\u00f3mo sus condiciones laborales se degradan mientras el Gobierno promueve aumentos selectivos para las fuerzas de seguridad. \u201cSe deben reabrir las paritarias ya\u201d, exigi\u00f3 con firmeza.<br><br>La convocatoria al paro nacional refleja una nueva etapa de confrontaci\u00f3n sindical. ATE busca articular con otros gremios del sector p\u00fablico y privado para enfrentar lo que califican como una \u201creforma regresiva y antisocial\u201d, dise\u00f1ada para beneficiar al capital financiero y a los grandes grupos empresarios.<br><br>La decisi\u00f3n de movilizar al ex Ministerio de Trabajo no es casual. En el coraz\u00f3n de la protesta late la denuncia de que el Gobierno intenta desmantelar las estructuras institucionales que fiscalizan las condiciones laborales, eliminando las oficinas que protegen a los trabajadores frente a los abusos patronales.<br><br>Aguiar, conocido por su estilo frontal y su pertenencia patag\u00f3nica, volvi\u00f3 a insistir en que el sindicalismo no debe caer en la trampa del di\u00e1logo vac\u00edo que promueve la Casa Rosada. \u201cDespu\u00e9s que no nos digan que no queremos dialogar\u201d, ironiz\u00f3, al se\u00f1alar que mientras el Ejecutivo habla de consenso, avanza en decretos que destruyen derechos sin pasar por el Congreso.<br><br>La tensi\u00f3n con el gobierno de Milei se profundiza a medida que el ajuste se hace m\u00e1s visible: cierres de programas p\u00fablicos, despidos encubiertos, recortes en salud, educaci\u00f3n y ciencia, y la consolidaci\u00f3n de un discurso oficial que responsabiliza a los trabajadores estatales de la crisis. Frente a ese escenario, ATE se planta como uno de los principales polos de resistencia sindical.<br><br>La jornada del 19 se perfila as\u00ed como un punto de inflexi\u00f3n en la conflictividad laboral. ATE busca no solo frenar la reforma, sino reactivar la calle como espacio pol\u00edtico frente a un gobierno que desprecia la negociaci\u00f3n colectiva y promueve la individualizaci\u00f3n del trabajo. La medida tambi\u00e9n env\u00eda un mensaje a otras organizaciones: la defensa del empleo y del salario no puede esperar al recambio parlamentario ni a las promesas vac\u00edas de di\u00e1logo.<br><br>Con la autoridad que le da su trayectoria en PAMI y su militancia territorial, Rodolfo Aguiar resume el clima del momento: \u201cNos quieren joder y no lo vamos a permitir.\u201d En tiempos de incertidumbre, su voz vuelve a poner en primer plano una verdad inc\u00f3moda para el poder: sin organizaci\u00f3n y sin lucha, los derechos laborales corren el riesgo de convertirse en historia.<\/p>\n","protected":false},"excerpt":{"rendered":"<p>El Secretario General de ATE Nacional, Rodolfo Aguiar, anunci\u00f3 un paro con movilizaci\u00f3n hacia el ex Ministerio de Trabajo en rechazo a la reforma laboral impulsada por el gobierno de Javier Milei. La medida apunta a frenar el avance del ajuste, el desmantelamiento de \u00e1reas de control estatal y la p\u00e9rdida de derechos laborales. \u201cLos&#8230;<\/p>\n","protected":false},"author":1,"featured_media":10913,"comment_status":"open","ping_status":"open","sticky":false,"template":"","format":"standard","meta":{"_monsterinsights_skip_tracking":false,"_monsterinsights_sitenote_active":false,"_monsterinsights_sitenote_note":"","_monsterinsights_sitenote_category":0,"footnotes":"","jetpack_publicize_message":"","jetpack_publicize_feature_enabled":true,"jetpack_social_post_already_shared":true,"jetpack_social_options":{"image_generator_settings":{"template":"highway","default_image_id":0,"font":"","enabled":false},"version":2}},"categories":[4,3946],"tags":[],"class_list":["post-10917","post","type-post","status-publish","format-standard","has-post-thumbnail","hentry","category-sociedad","category-trabajo"],"jetpack_publicize_connections":[],"_links":{"self":[{"href":"https:\/\/www.enorsai.com\/noticias\/wp-json\/wp\/v2\/posts\/10917","targetHints":{"allow":["GET"]}}],"collection":[{"href":"https:\/\/www.enorsai.com\/noticias\/wp-json\/wp\/v2\/posts"}],"about":[{"href":"https:\/\/www.enorsai.com\/noticias\/wp-json\/wp\/v2\/types\/post"}],"author":[{"embeddable":true,"href":"https:\/\/www.enorsai.com\/noticias\/wp-json\/wp\/v2\/users\/1"}],"replies":[{"embeddable":true,"href":"https:\/\/www.enorsai.com\/noticias\/wp-json\/wp\/v2\/comments?post=10917"}],"version-history":[{"count":0,"href":"https:\/\/www.enorsai.com\/noticias\/wp-json\/wp\/v2\/posts\/10917\/revisions"}],"wp:featuredmedia":[{"embeddable":true,"href":"https:\/\/www.enorsai.com\/noticias\/wp-json\/wp\/v2\/media\/10913"}],"wp:attachment":[{"href":"https:\/\/www.enorsai.com\/noticias\/wp-json\/wp\/v2\/media?parent=10917"}],"wp:term":[{"taxonomy":"category","embeddable":true,"href":"https:\/\/www.enorsai.com\/noticias\/wp-json\/wp\/v2\/categories?post=10917"},{"taxonomy":"post_tag","embeddable":true,"href":"https:\/\/www.enorsai.com\/noticias\/wp-json\/wp\/v2\/tags?post=10917"}],"curies":[{"name":"wp","href":"https:\/\/api.w.org\/{rel}","templated":true}]}}