{"id":1091,"date":"2025-02-11T18:03:22","date_gmt":"2025-02-11T21:03:22","guid":{"rendered":"http:\/\/www.enorsai.com\/noticias\/?p=1091"},"modified":"2025-02-11T19:37:04","modified_gmt":"2025-02-11T22:37:04","slug":"topper-en-tucuman-despidos-masivos-y-el-silencio-complice-de-un-gobierno-que-prometio-empleo","status":"publish","type":"post","link":"https:\/\/www.enorsai.com\/noticias\/economia\/topper-en-tucuman-despidos-masivos-y-el-silencio-complice-de-un-gobierno-que-prometio-empleo\/","title":{"rendered":"Topper en Tucum\u00e1n: Despidos masivos y el silencio c\u00f3mplice de un gobierno que prometi\u00f3 empleo"},"content":{"rendered":"\n<p><strong>La planta de Aguilares despide trabajadores en medio de una crisis econ\u00f3mica que parece no tener fin. \u00bfD\u00f3nde est\u00e1n las promesas de Milei?<\/strong>  <strong>Mientras el gobierno de Javier Milei celebra cifras macroecon\u00f3micas, la realidad en las f\u00e1bricas es desoladora. Topper, una de las marcas m\u00e1s emblem\u00e1ticas del calzado argentino, anunci\u00f3 despidos en su planta de Tucum\u00e1n. La crisis no es solo econ\u00f3mica, sino tambi\u00e9n humana.<\/strong><\/p>\n\n\n\n<hr class=\"wp-block-separator has-alpha-channel-opacity\"\/>\n\n\n\n<p>La planta de Topper en Aguilares, Tucum\u00e1n, vuelve a ser noticia por los despidos masivos de trabajadores. Esta vez, la noticia lleg\u00f3 como un golpe bajo para quienes regresaban de sus vacaciones, con la ilusi\u00f3n de retomar sus labores. Sin embargo, lo que encontraron fue un panorama desolador: despidos sin previo aviso, familias destrozadas y un futuro incierto. Una trabajadora con 20 a\u00f1os de servicio no pudo contener las l\u00e1grimas al recibir la noticia. \u00abNi siquiera tuvieron en cuenta que est\u00e1bamos casados, quebraron un hogar\u00bb, relat\u00f3 un empleado, refiri\u00e9ndose a un matrimonio que fue despedido.<\/p>\n\n\n\n<p>Este no es un caso aislado. Topper ya hab\u00eda paralizado su producci\u00f3n en julio del a\u00f1o pasado debido al exceso de stock y la falta de ventas. En aquel entonces, los trabajadores se salvaron de los despidos, pero la preocupaci\u00f3n ya estaba instalada. Ahora, la situaci\u00f3n se repite, pero con consecuencias m\u00e1s graves. Seg\u00fan fuentes sindicales, la empresa planea despedir a 100 empleados en esta etapa, y no se descarta que haya m\u00e1s notificaciones en los pr\u00f3ximos d\u00edas. Recordemos que, entre marzo y abril del a\u00f1o pasado, Topper ya hab\u00eda despedido a 120 trabajadores.<\/p>\n\n\n\n<blockquote class=\"twitter-tweet\"><p lang=\"es\" dir=\"ltr\">1- Volvieron de vacaciones y a la salida de su primer d\u00eda de trabajo fueron notificados que la empresa prescind\u00eda de sus servicios. Le sucedi\u00f3 este lunes a 22 empleados de la f\u00e1brica Topper, en Aguilares, sur de Tucum\u00e1n, la misma que el a\u00f1o pasado ech\u00f3 a 120 trabajadores. <a href=\"https:\/\/t.co\/duJvx2sAbh\">pic.twitter.com\/duJvx2sAbh<\/a><\/p>&mdash; David Correa (@davidcorreatv) <a href=\"https:\/\/twitter.com\/davidcorreatv\/status\/1889152471840264246?ref_src=twsrc%5Etfw\">February 11, 2025<\/a><\/blockquote> <script async src=\"https:\/\/platform.twitter.com\/widgets.js\" charset=\"utf-8\"><\/script>\n\n\n\n<p>El Sindicato de la Industria del Calzado est\u00e1 en alerta m\u00e1xima. La crisis no solo afecta a Topper, sino que se extiende a otras empresas del sector, como Puma en La Rioja. La Uni\u00f3n de Trabajadores de la Industria del Calzado (Uticra) advierte que, si la econom\u00eda no mejora, los despidos podr\u00edan multiplicarse en el corto plazo. Pero, \u00bfd\u00f3nde est\u00e1 el gobierno en todo esto? \u00bfD\u00f3nde est\u00e1n las promesas de Javier Milei, quien asegur\u00f3 que su gesti\u00f3n traer\u00eda empleo y crecimiento?<\/p>\n\n\n\n<p>El silencio de los diputados nacionales Agust\u00edn Fern\u00e1ndez y Elia Fern\u00e1ndez de Mansilla, ambos de Aguilares, es ensordecedor. \u00abNo puedo creer que nadie haga nada. Hicieron silencio el a\u00f1o pasado y esta vez, de nuevo, me desilusionaron, no los voto m\u00e1s\u00bb, expres\u00f3 un empleado despedido. Estas palabras resuenan como un grito de desesperaci\u00f3n en una provincia que, hist\u00f3ricamente, ha sido golpeada por la falta de oportunidades y el abandono estatal.<\/p>\n\n\n\n<figure class=\"wp-block-embed is-type-wp-embed is-provider-incrustar-wordpress wp-block-embed-incrustar-wordpress\"><div class=\"wp-block-embed__wrapper\">\n<blockquote class=\"wp-embedded-content\" data-secret=\"DE3HRu5YlQ\"><a href=\"https:\/\/www.enorsai.com\/noticias\/politica\/la-posible-candidatura-de-cristina-reconfigura-el-escenario-politico-y-pone-en-jaque-la-estabilidad-del-gobierno-libertario\/\">La posible candidatura de Cristina reconfigura el escenario pol\u00edtico y pone en jaque la estabilidad del gobierno libertario<\/a><\/blockquote><iframe loading=\"lazy\" class=\"wp-embedded-content\" sandbox=\"allow-scripts\" security=\"restricted\" style=\"position: absolute; visibility: hidden;\" title=\"\u00abLa posible candidatura de Cristina reconfigura el escenario pol\u00edtico y pone en jaque la estabilidad del gobierno libertario\u00bb \u2014 \" src=\"https:\/\/www.enorsai.com\/noticias\/politica\/la-posible-candidatura-de-cristina-reconfigura-el-escenario-politico-y-pone-en-jaque-la-estabilidad-del-gobierno-libertario\/embed\/#?secret=wxecm3jWlr#?secret=DE3HRu5YlQ\" data-secret=\"DE3HRu5YlQ\" width=\"600\" height=\"338\" frameborder=\"0\" marginwidth=\"0\" marginheight=\"0\" scrolling=\"no\"><\/iframe>\n<\/div><\/figure>\n\n\n\n<p>La crisis en Topper no es solo un problema de la empresa, sino un reflejo de la debacle econ\u00f3mica que atraviesa el pa\u00eds. El gobierno de Milei, que lleg\u00f3 al poder con promesas de liberalizaci\u00f3n y crecimiento, parece m\u00e1s interesado en ajustar cifras macroecon\u00f3micas que en resolver los problemas reales de la gente. Mientras tanto, las f\u00e1bricas cierran, los trabajadores pierden sus empleos y las familias se desmoronan.<\/p>\n\n\n\n<p>El caso de Topper en Tucum\u00e1n es solo la punta del iceberg. La industria del calzado, que alguna vez fue un orgullo nacional, est\u00e1 en riesgo de desaparecer. Y con ella, miles de puestos de trabajo.&nbsp;<\/p>\n\n\n\n<p><strong>Fuente:<\/strong><\/p>\n\n\n\n<ul class=\"wp-block-list\">\n<li><a href=\"https:\/\/www.eltucumano.com\/noticia\/actualidad\/306740\/la-planta-de-topper-en-tucuman-anuncio-el-despido-de-trabajadores\">https:\/\/www.eltucumano.com\/noticia\/actualidad\/306740\/la-planta-de-topper-en-tucuman-anuncio-el-despido-de-trabajadores<\/a><\/li>\n<\/ul>\n\n\n\n<p><\/p>\n\n\n","protected":false},"excerpt":{"rendered":"<p>La planta de Aguilares despide trabajadores en medio de una crisis econ\u00f3mica que parece no tener fin. \u00bfD\u00f3nde est\u00e1n las promesas de Milei? Mientras el gobierno de Javier Milei celebra cifras macroecon\u00f3micas, la realidad en las f\u00e1bricas es desoladora. Topper, una de las marcas m\u00e1s emblem\u00e1ticas del calzado argentino, anunci\u00f3 despidos en su planta de&#8230;<\/p>\n","protected":false},"author":1,"featured_media":1094,"comment_status":"open","ping_status":"open","sticky":false,"template":"","format":"standard","meta":{"_monsterinsights_skip_tracking":false,"_monsterinsights_sitenote_active":false,"_monsterinsights_sitenote_note":"","_monsterinsights_sitenote_category":0,"footnotes":"","jetpack_publicize_message":"","jetpack_publicize_feature_enabled":true,"jetpack_social_post_already_shared":true,"jetpack_social_options":{"image_generator_settings":{"template":"highway","default_image_id":0,"font":"","enabled":false},"version":2}},"categories":[3],"tags":[],"class_list":["post-1091","post","type-post","status-publish","format-standard","has-post-thumbnail","hentry","category-economia"],"jetpack_publicize_connections":[],"_links":{"self":[{"href":"https:\/\/www.enorsai.com\/noticias\/wp-json\/wp\/v2\/posts\/1091","targetHints":{"allow":["GET"]}}],"collection":[{"href":"https:\/\/www.enorsai.com\/noticias\/wp-json\/wp\/v2\/posts"}],"about":[{"href":"https:\/\/www.enorsai.com\/noticias\/wp-json\/wp\/v2\/types\/post"}],"author":[{"embeddable":true,"href":"https:\/\/www.enorsai.com\/noticias\/wp-json\/wp\/v2\/users\/1"}],"replies":[{"embeddable":true,"href":"https:\/\/www.enorsai.com\/noticias\/wp-json\/wp\/v2\/comments?post=1091"}],"version-history":[{"count":3,"href":"https:\/\/www.enorsai.com\/noticias\/wp-json\/wp\/v2\/posts\/1091\/revisions"}],"predecessor-version":[{"id":1098,"href":"https:\/\/www.enorsai.com\/noticias\/wp-json\/wp\/v2\/posts\/1091\/revisions\/1098"}],"wp:featuredmedia":[{"embeddable":true,"href":"https:\/\/www.enorsai.com\/noticias\/wp-json\/wp\/v2\/media\/1094"}],"wp:attachment":[{"href":"https:\/\/www.enorsai.com\/noticias\/wp-json\/wp\/v2\/media?parent=1091"}],"wp:term":[{"taxonomy":"category","embeddable":true,"href":"https:\/\/www.enorsai.com\/noticias\/wp-json\/wp\/v2\/categories?post=1091"},{"taxonomy":"post_tag","embeddable":true,"href":"https:\/\/www.enorsai.com\/noticias\/wp-json\/wp\/v2\/tags?post=1091"}],"curies":[{"name":"wp","href":"https:\/\/api.w.org\/{rel}","templated":true}]}}