{"id":10907,"date":"2025-11-11T18:05:49","date_gmt":"2025-11-11T21:05:49","guid":{"rendered":"https:\/\/www.enorsai.com\/noticias\/?p=10907"},"modified":"2026-03-21T20:05:07","modified_gmt":"2026-03-21T23:05:07","slug":"con-mas-poder-para-adorni-y-santilli-pintado-al-oleo-milei-aumenta-un-esquema-cerrado-y-autoritario","status":"publish","type":"post","link":"https:\/\/www.enorsai.com\/noticias\/politica\/con-mas-poder-para-adorni-y-santilli-pintado-al-oleo-milei-aumenta-un-esquema-cerrado-y-autoritario\/","title":{"rendered":"Con m\u00e1s poder para Adorni y Santilli pintado al \u00f3leo, Milei aumenta un esquema cerrado y autoritario"},"content":{"rendered":"\n<p>El presidente firm\u00f3 el Decreto 793\/2025, que reconfigura la Ley de Ministerios y otorga m\u00e1s poder a la Jefatura de Gabinete bajo el mando de Manuel Adorni, figura de confianza de Karina Milei. La medida despoja de competencias al Ministerio del Interior y consolida un esquema de gobierno cada vez m\u00e1s cerrado y autoritario.<br><br>En una jugada que combina c\u00e1lculo pol\u00edtico y concentraci\u00f3n institucional, Javier Milei firm\u00f3 el Decreto 793\/2025 y nombr\u00f3 a su vocero, Manuel Adorni, como nuevo jefe de Gabinete. La reestructuraci\u00f3n elimina la Secretar\u00eda de Comunicaci\u00f3n y reduce al m\u00ednimo el poder del Ministerio del Interior, ahora encabezado por Diego Santilli. Analistas advierten sobre el avance de un hiperpresidencialismo que erosiona los contrapesos democr\u00e1ticos y refuerza el control del n\u00facleo m\u00e1s duro del mile\u00edsmo.<br><br>El Decreto 793\/2025 marca un nuevo punto de inflexi\u00f3n en la arquitectura institucional del gobierno de Javier Milei. Bajo el argumento de \u201coptimizar la gesti\u00f3n\u201d, el presidente elimin\u00f3 la Secretar\u00eda de Comunicaci\u00f3n y Medios, transfiriendo sus atribuciones a la Jefatura de Gabinete. Lo que en apariencia podr\u00eda leerse como una simple reorganizaci\u00f3n administrativa encubre, en realidad, una ofensiva directa contra la transparencia y la pluralidad informativa del Estado.<br><br>Desde ahora, todas las comunicaciones oficiales y pol\u00edticas de difusi\u00f3n p\u00fablica depender\u00e1n exclusivamente de la Jefatura, que queda bajo control del flamante jefe de Gabinete, Manuel Adorni. Su nombramiento no es menor: se trata de uno de los hombres m\u00e1s cercanos a Milei y, sobre todo, de confianza directa de su hermana Karina. El movimiento consagra as\u00ed la consolidaci\u00f3n del c\u00edrculo \u00edntimo en el poder, blindando la toma de decisiones y reduciendo a\u00fan m\u00e1s la posibilidad de voces disidentes dentro del Ejecutivo.<br><br>El decreto tambi\u00e9n redefine el mapa del poder ministerial. El Ministerio del Interior, hist\u00f3ricamente responsable de articular la relaci\u00f3n con las provincias y de gestionar pol\u00edticas sensibles como turismo, deportes y medioambiente, fue despojado de todas esas \u00e1reas, que ahora depender\u00e1n directamente de la Jefatura de Gabinete. De esa manera, Diego Santilli, su reciente titular y exdirigente del PRO, se convierte en un ministro sin poder real. Apenas desembarcado en el gabinete, Santilli queda confinado a funciones protocolarias y administrativas, sin margen pol\u00edtico para influir en la toma de decisiones de fondo.<br><br>La jugada expone el mensaje pol\u00edtico del gobierno: ning\u00fan actor externo al n\u00facleo duro del mile\u00edsmo tendr\u00e1 poder efectivo. Lo que Milei ofrece en apariencia como \u201camplitud\u201d o \u201cdi\u00e1logo pol\u00edtico\u201d se traduce en designaciones vac\u00edas, subordinadas a un sistema de control vertical y cerrado. El macrismo, que buscaba alg\u00fan grado de incidencia en la estructura nacional, termina absorbido por un esquema donde la fidelidad personal se impone sobre la experiencia o la gesti\u00f3n.<br><br>El caso del Ministerio de Seguridad resulta tambi\u00e9n alarmante. A partir de este decreto, esa cartera pasa a controlar la pol\u00edtica migratoria y los registros de personas, otorg\u00e1ndole un poder in\u00e9dito sobre los datos personales y el movimiento poblacional. En manos de un ministerio caracterizado por la represi\u00f3n y la l\u00f3gica del control social, esta modificaci\u00f3n despierta fuertes advertencias sobre el riesgo de vulneraci\u00f3n de derechos humanos y el uso pol\u00edtico de la informaci\u00f3n ciudadana.<br><br>El trasfondo institucional no deja lugar a dudas: Milei elude sistem\u00e1ticamente el debate legislativo. Al imponer cambios de semejante magnitud mediante un decreto de necesidad y urgencia, el presidente margina al Congreso y vac\u00eda de contenido a la Comisi\u00f3n Bicameral Permanente, reducida a un papel formal sin capacidad de revertir las decisiones del Ejecutivo. La separaci\u00f3n de poderes, piedra angular de cualquier rep\u00fablica, queda as\u00ed subordinada al mandato personal del presidente y su entorno.<br><br>La designaci\u00f3n de Manuel Adorni como jefe de Gabinete agrega una capa simb\u00f3lica al movimiento. Desde su rol como vocero, Adorni construy\u00f3 una figura medi\u00e1tica centrada en la defensa acr\u00edtica de Milei y la demonizaci\u00f3n de toda oposici\u00f3n. Su ascenso al m\u00e1ximo cargo de coordinaci\u00f3n ministerial no solo le otorga poder pol\u00edtico y administrativo, sino que institucionaliza la comunicaci\u00f3n vertical como herramienta de gobierno. Adorni se convierte, en los hechos, en el ejecutor del blindaje discursivo y operativo del r\u00e9gimen mile\u00edsta.<br><br>En paralelo, Karina Milei consolida su influencia como garante de lealtades dentro del Ejecutivo. La cercan\u00eda entre ambos no es un secreto: Adorni fue siempre su portavoz informal, el encargado de transmitir los mensajes y de sostener la narrativa oficial. Ahora, con la Jefatura de Gabinete en sus manos, la hermana del presidente ampl\u00eda su dominio sobre las \u00e1reas estrat\u00e9gicas del Estado, borrando los l\u00edmites entre la conducci\u00f3n pol\u00edtica y la estructura administrativa.<br><br>El impacto pol\u00edtico de esta maniobra se siente incluso dentro del propio oficialismo. Los sectores libertarios m\u00e1s moderados observan con preocupaci\u00f3n la tendencia al aislamiento y al control absoluto del poder por parte de un grupo cada vez m\u00e1s peque\u00f1o. La falta de di\u00e1logo con el Congreso, la concentraci\u00f3n de decisiones en la figura presidencial y el vaciamiento de ministerios clave son s\u00edntomas de un modelo de gobierno que avanza sobre los m\u00e1rgenes democr\u00e1ticos en nombre de la eficiencia.<br><br>El decreto, lejos de fortalecer al Estado, lo transforma en una herramienta de mando personal. La estructura se achica, pero el poder se concentra. Las decisiones se simplifican, pero los controles se disuelven. En nombre de la austeridad y la eficiencia, Milei construye una arquitectura autoritaria donde los resortes de la rep\u00fablica quedan subordinados a un liderazgo unipersonal. La pregunta que comienza a resonar, dentro y fuera del gobierno, es hasta qu\u00e9 punto esta deriva puede sostenerse sin fracturar el sistema institucional argentino.<br><br>La publicaci\u00f3n del Decreto 793\/2025 no solo redefine ministerios: redefine el poder. En el tablero pol\u00edtico de Milei, la lealtad se premia, la autonom\u00eda se castiga y la deliberaci\u00f3n se considera una p\u00e9rdida de tiempo. Adorni, Karina y el propio presidente conforman un tri\u00e1ngulo de control que no deja espacio para la disidencia ni para el equilibrio de fuerzas. Lo que se juega en este movimiento no es una cuesti\u00f3n administrativa, sino el futuro de la democracia argentina.<\/p>\n","protected":false},"excerpt":{"rendered":"<p>El presidente firm\u00f3 el Decreto 793\/2025, que reconfigura la Ley de Ministerios y otorga m\u00e1s poder a la Jefatura de Gabinete bajo el mando de Manuel Adorni, figura de confianza de Karina Milei. La medida despoja de competencias al Ministerio del Interior y consolida un esquema de gobierno cada vez m\u00e1s cerrado y autoritario. En&#8230;<\/p>\n","protected":false},"author":12,"featured_media":10908,"comment_status":"open","ping_status":"open","sticky":false,"template":"","format":"standard","meta":{"_monsterinsights_skip_tracking":false,"_monsterinsights_sitenote_active":false,"_monsterinsights_sitenote_note":"","_monsterinsights_sitenote_category":0,"footnotes":"","jetpack_publicize_message":"","jetpack_publicize_feature_enabled":true,"jetpack_social_post_already_shared":true,"jetpack_social_options":{"image_generator_settings":{"template":"highway","default_image_id":0,"font":"","enabled":false},"version":2}},"categories":[3947,2,4863],"tags":[],"class_list":["post-10907","post","type-post","status-publish","format-standard","has-post-thumbnail","hentry","category-corrupcion","category-politica","category-vuelos-de-adorni"],"jetpack_publicize_connections":[],"_links":{"self":[{"href":"https:\/\/www.enorsai.com\/noticias\/wp-json\/wp\/v2\/posts\/10907","targetHints":{"allow":["GET"]}}],"collection":[{"href":"https:\/\/www.enorsai.com\/noticias\/wp-json\/wp\/v2\/posts"}],"about":[{"href":"https:\/\/www.enorsai.com\/noticias\/wp-json\/wp\/v2\/types\/post"}],"author":[{"embeddable":true,"href":"https:\/\/www.enorsai.com\/noticias\/wp-json\/wp\/v2\/users\/12"}],"replies":[{"embeddable":true,"href":"https:\/\/www.enorsai.com\/noticias\/wp-json\/wp\/v2\/comments?post=10907"}],"version-history":[{"count":1,"href":"https:\/\/www.enorsai.com\/noticias\/wp-json\/wp\/v2\/posts\/10907\/revisions"}],"predecessor-version":[{"id":10909,"href":"https:\/\/www.enorsai.com\/noticias\/wp-json\/wp\/v2\/posts\/10907\/revisions\/10909"}],"wp:featuredmedia":[{"embeddable":true,"href":"https:\/\/www.enorsai.com\/noticias\/wp-json\/wp\/v2\/media\/10908"}],"wp:attachment":[{"href":"https:\/\/www.enorsai.com\/noticias\/wp-json\/wp\/v2\/media?parent=10907"}],"wp:term":[{"taxonomy":"category","embeddable":true,"href":"https:\/\/www.enorsai.com\/noticias\/wp-json\/wp\/v2\/categories?post=10907"},{"taxonomy":"post_tag","embeddable":true,"href":"https:\/\/www.enorsai.com\/noticias\/wp-json\/wp\/v2\/tags?post=10907"}],"curies":[{"name":"wp","href":"https:\/\/api.w.org\/{rel}","templated":true}]}}