{"id":1090,"date":"2025-02-12T13:27:41","date_gmt":"2025-02-12T16:27:41","guid":{"rendered":"http:\/\/www.enorsai.com\/noticias\/?p=1090"},"modified":"2025-02-12T13:47:48","modified_gmt":"2025-02-12T16:47:48","slug":"la-falacia-estadistica-de-la-universidad-di-tella-para-justificar-el-ajuste-de-milei","status":"publish","type":"post","link":"https:\/\/www.enorsai.com\/noticias\/sociedad\/la-falacia-estadistica-de-la-universidad-di-tella-para-justificar-el-ajuste-de-milei\/","title":{"rendered":"La falacia estad\u00edstica de la Universidad Di Tella para justificar el ajuste de Milei"},"content":{"rendered":"\n<p>El presidente Javier Milei afirm\u00f3 recientemente que su gesti\u00f3n \u00absac\u00f3 a casi 10 millones de personas de la pobreza\u00bb, bas\u00e1ndose en estimaciones de la Universidad Torcuato Di Tella (UTDT) que sit\u00faan la pobreza en un 34,8% para el tercer semestre de 2024. Sin embargo, un an\u00e1lisis cr\u00edtico de estos datos revela una narrativa construida sobre manipulaciones estad\u00edsticas y omisiones clave que buscan maquillar la cruda realidad econ\u00f3mica del pa\u00eds.<br><br><strong>Confusi\u00f3n deliberada de fuentes y m\u00e9todos<br><\/strong><br>Milei compara cifras de diferentes organismos sin considerar sus metodolog\u00edas dis\u00edmiles. El 57% que menciona corresponde a una estimaci\u00f3n del Observatorio de la Deuda Social de la UCA en enero de 2024, no a los datos del INDEC ni de la UTDT. La UCA mide la pobreza a trav\u00e9s de encuestas propias que consideran variables multidimensionales, incluyendo ingresos, acceso a servicios b\u00e1sicos, educaci\u00f3n y salud. Por otro lado, el INDEC utiliza la Encuesta Permanente de Hogares (EPH), basada en datos representativos a nivel nacional y con una metodolog\u00eda m\u00e1s estandarizada y rigurosa.<\/p>\n\n\n\n<p>La UTDT, por su parte, utiliza el \u00abnowcast de pobreza\u00bb de Mart\u00edn Gonz\u00e1lez Rozada, un modelo estad\u00edstico que proyecta tendencias a partir de datos agregados, como el crecimiento del PBI, la inflaci\u00f3n y la evoluci\u00f3n de salarios, pero que no refleja con precisi\u00f3n la situaci\u00f3n real en los hogares argentinos. Este modelo tiene un car\u00e1cter predictivo y est\u00e1 sujeto a m\u00e1rgenes de error significativos, ya que no capta la din\u00e1mica compleja de la econom\u00eda informal ni los cambios abruptos en las condiciones de vida de la poblaci\u00f3n vulnerable. Adem\u00e1s, se basa en supuestos econ\u00f3micos que pueden distorsionar la realidad si no se actualizan constantemente.<\/p>\n\n\n\n<p>Esta confusi\u00f3n deliberada entre fuentes y m\u00e9todos no es inocente: busca generar una percepci\u00f3n de mejora social sin un respaldo emp\u00edrico s\u00f3lido, aprovechando la falta de familiaridad del p\u00fablico general con las complejidades de las mediciones estad\u00edsticas.<\/p>\n\n\n\n<p><br><strong>La pobreza en contexto: la econom\u00eda real vs. los n\u00fameros fr\u00edos<br><\/strong><br>La supuesta \u00abreducci\u00f3n\u00bb de la pobreza se produce en un contexto de:<br>1. Devaluaci\u00f3n acelerada que dispar\u00f3 la inflaci\u00f3n, erosionando el poder adquisitivo de los salarios. <br>2. Ajustes fiscales brutales que afectaron programas sociales, subsidios y servicios p\u00fablicos esenciales.<br>3. Desempleo y precarizaci\u00f3n laboral producto de una recesi\u00f3n autoinfligida por las pol\u00edticas de shock del gobierno.<br><br>Estos factores, lejos de aliviar la pobreza, profundizan la desigualdad al agravar las condiciones de vida de los sectores m\u00e1s vulnerables. La supuesta \u00abreducci\u00f3n\u00bb estad\u00edstica de la pobreza responde principalmente a un artificio t\u00e9cnico: el ajuste de las l\u00edneas de pobreza y cambios en los par\u00e1metros de c\u00e1lculo que no reflejan el deterioro real en el acceso a bienes y servicios b\u00e1sicos. <\/p>\n\n\n\n<p>En lugar de evidenciar una mejora tangible, estos n\u00fameros maquillan el impacto de pol\u00edticas que han empobrecido a\u00fan m\u00e1s a amplios sectores de la poblaci\u00f3n, ocultando tras cifras optimistas la creciente precarizaci\u00f3n social y econ\u00f3mica.<br><\/p>\n\n\n\n<p><\/p>\n\n\n\n<p><strong>El espejismo del \u00abnowcast\u00bb: c\u00f3mo se fabrica una mejora ficticia<br><\/strong><br>El modelo de la UTDT se basa en datos agregados de ingresos y precios, sin capturar la heterogeneidad del impacto econ\u00f3mico en distintos sectores sociales. Adem\u00e1s de ser burdo, se podr\u00eda decir que falta a la \u00e9tica profesional. Claramente se percibe que no est\u00e1 en b\u00fasqueda de la verdad si no m\u00e1s bien de alcanzar ciertos objetivos que defiendan un relato. Veamos en que nos sustentamos para decir esto.<br><\/p>\n\n\n\n<p>1. <strong>Ignora el empleo informal<\/strong>, que representa una parte significativa de la econom\u00eda argentina y afecta directamente la precisi\u00f3n de cualquier an\u00e1lisis sobre la pobreza. Este sector abarca a trabajadores sin protecci\u00f3n social, sin acceso a derechos laborales b\u00e1sicos y con ingresos inestables que fluct\u00faan seg\u00fan la coyuntura econ\u00f3mica. La falta de registro oficial dificulta su inclusi\u00f3n en estad\u00edsticas tradicionales, lo que genera una subestimaci\u00f3n del verdadero alcance de la pobreza. Adem\u00e1s, el empleo informal suele ser el \u00fanico recurso para millones de personas que han sido excluidas del mercado laboral formal, profundizando la vulnerabilidad econ\u00f3mica y social de amplios sectores de la poblaci\u00f3n.<br><\/p>\n\n\n\n<p>2. <strong>No mide la pobreza estructural<\/strong>, que va m\u00e1s all\u00e1 de los ingresos monetarios e incluye factores como el acceso deficiente a servicios b\u00e1sicos (agua potable, saneamiento, energ\u00eda), condiciones habitacionales precarias, falta de oportunidades educativas, desigualdad en el acceso a la salud y la persistencia de la exclusi\u00f3n social a lo largo del tiempo. Esta forma de pobreza se perpet\u00faa independientemente de las fluctuaciones econ\u00f3micas coyunturales, ya que est\u00e1 arraigada en desigualdades hist\u00f3ricas y estructurales dif\u00edciles de revertir con simples mejoras en los ingresos temporales.<\/p>\n\n\n\n<p><br>3. <strong>Minimiza el impacto regional<\/strong>, ya que no considera las profundas desigualdades socioecon\u00f3micas que existen entre distintas provincias y regiones del pa\u00eds. Mientras que en \u00e1reas metropolitanas puede haber una ligera mejora en algunos indicadores debido a una mayor actividad econ\u00f3mica, en el interior del pa\u00eds persisten altos niveles de pobreza estructural, falta de infraestructura b\u00e1sica y un acceso limitado a servicios esenciales como salud, educaci\u00f3n y transporte. Estas disparidades regionales agravan la crisis en zonas rurales y perif\u00e9ricas, donde la vulnerabilidad es a\u00fan m\u00e1s pronunciada y las pol\u00edticas de ajuste tienen un efecto devastador en la vida cotidiana de sus habitantes.<br><\/p>\n\n\n\n<p><br><strong>Un relato construido para legitimar el ajuste<br><\/strong><br>El gobierno utiliza estas cifras para justificar su pol\u00edtica econ\u00f3mica de ajuste y liberalizaci\u00f3n extrema. La narrativa oficial busca instalar la idea de que el \u00absacrificio\u00bb tiene resultados positivos, cuando en realidad:<br><br><strong>La canasta b\u00e1sica aument\u00f3 por encima de la inflaci\u00f3n<\/strong> en alimentos y servicios esenciales, reflejando un incremento interanual del 250% en productos de primera necesidad, seg\u00fan datos del INDEC de enero de 2024. Este aumento desproporcionado se concentra en rubros clave como l\u00e1cteos, carnes, frutas y verduras, cuyos precios superaron ampliamente la media inflacionaria. Adem\u00e1s, los servicios b\u00e1sicos como luz, gas y transporte registraron subas que duplican el \u00edndice general de precios, afectando de manera directa el poder adquisitivo de los sectores m\u00e1s vulnerables. Esta situaci\u00f3n profundiza la brecha entre los ingresos y el costo de vida, dejando a millones de familias por debajo de la l\u00ednea de pobreza, incluso aquellas con empleo formal.<\/p>\n\n\n\n<figure class=\"wp-block-embed is-type-wp-embed is-provider-incrustado wp-block-embed-incrustado\"><div class=\"wp-block-embed__wrapper\">\n<blockquote class=\"wp-embedded-content\" data-secret=\"e6oZVSyjeJ\"><a href=\"https:\/\/www.enorsai.com\/noticias\/politica\/coimas-para-todos-y-todas-trump-legaliza-la-corrupcion-empresarial\/\">Coimas para todos y todas: Trump legaliza la corrupci\u00f3n empresarial<\/a><\/blockquote><iframe loading=\"lazy\" class=\"wp-embedded-content\" sandbox=\"allow-scripts\" security=\"restricted\" style=\"position: absolute; visibility: hidden;\" title=\"\u00abCoimas para todos y todas: Trump legaliza la corrupci\u00f3n empresarial\u00bb \u2014 \" src=\"https:\/\/www.enorsai.com\/noticias\/politica\/coimas-para-todos-y-todas-trump-legaliza-la-corrupcion-empresarial\/embed\/#?secret=hqxQanpR4S#?secret=e6oZVSyjeJ\" data-secret=\"e6oZVSyjeJ\" width=\"600\" height=\"338\" frameborder=\"0\" marginwidth=\"0\" marginheight=\"0\" scrolling=\"no\"><\/iframe>\n<\/div><\/figure>\n\n\n\n<p><br><strong>Los salarios reales cayeron<\/strong> de manera significativa debido a la alta inflaci\u00f3n y la falta de actualizaci\u00f3n de los sueldos en relaci\u00f3n con el aumento del costo de vida. Seg\u00fan datos del INDEC, el poder adquisitivo de los trabajadores registr\u00f3 una disminuci\u00f3n del 15% interanual en t\u00e9rminos reales, afectando especialmente a los sectores de ingresos medios y bajos. Adem\u00e1s, <strong>la brecha de ingresos se ampli\u00f3<\/strong>, ya que mientras las ganancias del sector financiero y exportador crecieron, los salarios de los trabajadores formales e informales quedaron rezagados. Esta desigualdad se refleja en el incremento del coeficiente de Gini, que mide la distribuci\u00f3n del ingreso, alcanzando su nivel m\u00e1s alto en la \u00faltima d\u00e9cada. El deterioro salarial y la creciente concentraci\u00f3n de la riqueza profundizan la vulnerabilidad econ\u00f3mica de amplios sectores de la poblaci\u00f3n, consolidando un escenario de mayor desigualdad social en el pa\u00eds.<\/p>\n\n\n\n<p>Por \u00faltimo, hay que agudizar nuestra atenci\u00f3n en los barrios populares donde las <strong>organizaciones sociales y los comedores<\/strong> reportan un aumento en la demanda. Un dato duro del d\u00eda a d\u00eda que es contradictorio con la supuesta baja de la pobreza.<br><br>En definitiva, las cifras pueden manipularse facilmente, pero la realidad no. La pobreza no se mide solo en porcentajes, sino en las vidas concretas de millones de argentinos que enfrentan la precariedad, el hambre y la falta de oportunidades. Las declaraciones de Milei son un intento burdo de imponer un relato que niega la evidencia en las calles.<\/p>\n\n\n\n<p><\/p>\n\n\n","protected":false},"excerpt":{"rendered":"<p>El presidente Javier Milei afirm\u00f3 recientemente que su gesti\u00f3n \u00absac\u00f3 a casi 10 millones de personas de la pobreza\u00bb, bas\u00e1ndose en estimaciones de la Universidad Torcuato Di Tella (UTDT) que sit\u00faan la pobreza en un 34,8% para el tercer semestre de 2024. Sin embargo, un an\u00e1lisis cr\u00edtico de estos datos revela una narrativa construida sobre&#8230;<\/p>\n","protected":false},"author":2,"featured_media":1191,"comment_status":"open","ping_status":"open","sticky":false,"template":"","format":"standard","meta":{"_monsterinsights_skip_tracking":false,"_monsterinsights_sitenote_active":false,"_monsterinsights_sitenote_note":"","_monsterinsights_sitenote_category":0,"footnotes":"","jetpack_publicize_message":"","jetpack_publicize_feature_enabled":true,"jetpack_social_post_already_shared":true,"jetpack_social_options":{"image_generator_settings":{"template":"highway","default_image_id":0,"font":"","enabled":false},"version":2}},"categories":[4],"tags":[475],"class_list":["post-1090","post","type-post","status-publish","format-standard","has-post-thumbnail","hentry","category-sociedad","tag-pobreza"],"jetpack_publicize_connections":[],"_links":{"self":[{"href":"https:\/\/www.enorsai.com\/noticias\/wp-json\/wp\/v2\/posts\/1090","targetHints":{"allow":["GET"]}}],"collection":[{"href":"https:\/\/www.enorsai.com\/noticias\/wp-json\/wp\/v2\/posts"}],"about":[{"href":"https:\/\/www.enorsai.com\/noticias\/wp-json\/wp\/v2\/types\/post"}],"author":[{"embeddable":true,"href":"https:\/\/www.enorsai.com\/noticias\/wp-json\/wp\/v2\/users\/2"}],"replies":[{"embeddable":true,"href":"https:\/\/www.enorsai.com\/noticias\/wp-json\/wp\/v2\/comments?post=1090"}],"version-history":[{"count":3,"href":"https:\/\/www.enorsai.com\/noticias\/wp-json\/wp\/v2\/posts\/1090\/revisions"}],"predecessor-version":[{"id":1194,"href":"https:\/\/www.enorsai.com\/noticias\/wp-json\/wp\/v2\/posts\/1090\/revisions\/1194"}],"wp:featuredmedia":[{"embeddable":true,"href":"https:\/\/www.enorsai.com\/noticias\/wp-json\/wp\/v2\/media\/1191"}],"wp:attachment":[{"href":"https:\/\/www.enorsai.com\/noticias\/wp-json\/wp\/v2\/media?parent=1090"}],"wp:term":[{"taxonomy":"category","embeddable":true,"href":"https:\/\/www.enorsai.com\/noticias\/wp-json\/wp\/v2\/categories?post=1090"},{"taxonomy":"post_tag","embeddable":true,"href":"https:\/\/www.enorsai.com\/noticias\/wp-json\/wp\/v2\/tags?post=1090"}],"curies":[{"name":"wp","href":"https:\/\/api.w.org\/{rel}","templated":true}]}}