{"id":10882,"date":"2025-11-10T16:17:36","date_gmt":"2025-11-10T19:17:36","guid":{"rendered":"https:\/\/www.enorsai.com\/noticias\/?p=10882"},"modified":"2025-11-10T16:21:39","modified_gmt":"2025-11-10T19:21:39","slug":"ate-convoca-a-un-plenario-federal-para-definir-medidas-contra-la-reforma-laboral-de-milei","status":"publish","type":"post","link":"https:\/\/www.enorsai.com\/noticias\/politica\/ate-convoca-a-un-plenario-federal-para-definir-medidas-contra-la-reforma-laboral-de-milei\/","title":{"rendered":"ATE convoca a un Plenario Federal para definir medidas contra la reforma laboral de Milei"},"content":{"rendered":"\n<p>La Asociaci\u00f3n Trabajadores del Estado (ATE) anunci\u00f3 un Plenario Federal para el 11 de noviembre en el que debatir\u00e1 un plan de acci\u00f3n ante el avance de la reforma laboral impulsada por el gobierno de Javier Milei. La dirigencia sindical advierte que la situaci\u00f3n exige una respuesta inmediata para frenar el desmantelamiento de derechos laborales.<br><br>En un contexto de creciente tensi\u00f3n entre el Estado y los trabajadores, la conducci\u00f3n nacional de ATE convoc\u00f3 a sus delegados de todo el pa\u00eds a un plenario mixto, presencial y virtual, con un temario centrado en el an\u00e1lisis del escenario post electoral y la definici\u00f3n de medidas de acci\u00f3n directa frente a lo que describen como un \u201cferoz ataque\u201d a los derechos laborales y sindicales.<br><br>La Asociaci\u00f3n Trabajadores del Estado (ATE) no esperar\u00e1 pasivamente los pr\u00f3ximos pasos del Gobierno. La conducci\u00f3n nacional del gremio, encabezada por Rodolfo Aguiar, Mercedes Cabezas y Flavio Vergara, convoc\u00f3 para el martes 11 de noviembre a un Plenario Federal de Delegadas y Delegados del Estado Nacional, en lo que promete ser una jornada clave para definir la respuesta sindical ante la inminente reforma laboral que impulsa Javier Milei.<br><br>El encuentro se desarrollar\u00e1 bajo una modalidad mixta: de manera presencial en el Auditorio Eva Per\u00f3n de la sede nacional del sindicato, ubicada en la avenida Belgrano 2527, y de forma virtual a trav\u00e9s de la plataforma Zoom. La convocatoria, firmada por el Consejo Directivo Nacional de ATE, subraya el clima de gravedad que atraviesa el pa\u00eds y el \u201cferoz ataque contra el Estado, sus trabajadores y trabajadoras\u201d.<\/p>\n\n\n\n<figure class=\"wp-block-embed is-type-rich is-provider-twitter wp-block-embed-twitter\"><div class=\"wp-block-embed__wrapper\">\n<blockquote class=\"twitter-tweet\" data-width=\"550\" data-dnt=\"true\"><p lang=\"es\" dir=\"ltr\">AHORA!!<br>POR LA REFORMA LABORAL, ATE CONVOC\u00d3 UN PLENARIO FEDERAL PARA EL MARTES PARA DEFINIR MEDIDAS DE FUERZA!!<br><br>ESPERAR HASTA EL 10 DE DICIEMBRE ES SUlClDA!!<br><br>Si nos quedamos quietos y no rechazamos en las calles esta reforma laboral regresiva, nos aplastan.<br>El Gobierno est\u00e1\u2026 <a href=\"https:\/\/t.co\/zaX3xu8ITM\">pic.twitter.com\/zaX3xu8ITM<\/a><\/p>&mdash; Rodolfo Aguiar (@rodoaguiar) <a href=\"https:\/\/twitter.com\/rodoaguiar\/status\/1987618770924527690?ref_src=twsrc%5Etfw\">November 9, 2025<\/a><\/blockquote><script async src=\"https:\/\/platform.twitter.com\/widgets.js\" charset=\"utf-8\"><\/script>\n<\/div><\/figure>\n\n\n\n<p><br>En la agenda del plenario figuran tres puntos fundamentales: un informe general sobre la coyuntura pol\u00edtica y econ\u00f3mica, un debate sobre el escenario post electoral y la definici\u00f3n de medidas de acci\u00f3n directa. Aunque la comunicaci\u00f3n oficial mantiene un tono institucional, la base sindical anticipa una discusi\u00f3n intensa sobre los pasos a seguir frente a un gobierno que, en nombre de la \u201cmodernizaci\u00f3n\u201d, busca desmantelar derechos conquistados durante d\u00e9cadas.<br><br>\u201cEsperar hasta el 10 de diciembre es suicida\u201d, se escucha con crudeza entre los delegados. La advertencia refleja el sentimiento de urgencia que recorre las filas estatales. ATE no oculta su preocupaci\u00f3n por el proyecto de reforma laboral que, bajo el pretexto de promover la \u201clibertad econ\u00f3mica\u201d, pretende recortar indemnizaciones, flexibilizar convenios y debilitar la capacidad de organizaci\u00f3n sindical.<br><br>El discurso oficial promete crecimiento y empleo, pero la dirigencia gremial lo desmiente con contundencia. \u201cEl Gobierno est\u00e1 mintiendo. Tiene que explicar con claridad para qu\u00e9 quiere una reforma laboral, porque si nos dice que es para generar empleo y que crezca la econom\u00eda, eso es falso. No va a ocurrir quitando derechos\u201d, advierten desde el sindicato.<br><br>La preocupaci\u00f3n se amplifica al considerar la nueva composici\u00f3n del Congreso y el \u201cpragmatismo atroz\u201d de los gobernadores, que seg\u00fan ATE, comparten con el Ejecutivo una agenda de ajuste fiscal a costa del salario estatal y la precarizaci\u00f3n laboral. En este contexto, el gremio anticipa que el debate parlamentario dif\u00edcilmente ser\u00e1 un espacio favorable para los trabajadores.<br><br>\u201cEl camino que nos queda es ejercer nuestros derechos constitucionales de manifestaci\u00f3n y protesta\u201d, aseguran desde la conducci\u00f3n nacional, en una definici\u00f3n que anticipa una etapa de conflicto abierto si el oficialismo insiste en avanzar con la reforma.<br><br>La convocatoria al Plenario Federal no es solo un acto org\u00e1nico: es un mensaje pol\u00edtico. ATE busca reactivar la fuerza territorial de su estructura nacional y coordinar acciones conjuntas con las seccionales de todo el pa\u00eds. En la pr\u00e1ctica, la medida implica un llamado a la unidad de los estatales, pero tambi\u00e9n una advertencia al Gobierno: la resistencia ser\u00e1 colectiva y organizada.<br><br>El escenario post electoral plantea adem\u00e1s nuevos desaf\u00edos para el sindicalismo argentino. Con un Congreso fragmentado y un Ejecutivo decidido a gobernar por decreto, los gremios enfrentan la disyuntiva de adaptarse o confrontar. En ese tablero, ATE se posiciona como uno de los actores dispuestos a no retroceder.<br><br>El plenario del 11 de noviembre podr\u00eda marcar el inicio de una nueva etapa de lucha sindical, donde los trabajadores del Estado busquen recuperar la iniciativa frente a un modelo que los considera un costo. Lejos de resignarse, el sindicato intenta encarnar una respuesta colectiva ante un gobierno que parece decidido a transformar el Estado en una empresa y a los trabajadores en variables de ajuste.<br><br>ATE, con su historia de lucha y su estructura federal, se prepara para una pulseada que no solo es laboral, sino pol\u00edtica e ideol\u00f3gica. Lo que est\u00e1 en juego no es una cl\u00e1usula o un convenio: es la supervivencia de la organizaci\u00f3n sindical como herramienta de defensa social. Y en ese sentido, la advertencia que recorre las bases no es una exageraci\u00f3n: \u201cSi nos quedamos quietos, nos aplastan\u201d.<\/p>\n","protected":false},"excerpt":{"rendered":"<p>La Asociaci\u00f3n Trabajadores del Estado (ATE) anunci\u00f3 un Plenario Federal para el 11 de noviembre en el que debatir\u00e1 un plan de acci\u00f3n ante el avance de la reforma laboral impulsada por el gobierno de Javier Milei. La dirigencia sindical advierte que la situaci\u00f3n exige una respuesta inmediata para frenar el desmantelamiento de derechos laborales&#8230;.<\/p>\n","protected":false},"author":12,"featured_media":10881,"comment_status":"open","ping_status":"open","sticky":false,"template":"","format":"standard","meta":{"_monsterinsights_skip_tracking":false,"_monsterinsights_sitenote_active":false,"_monsterinsights_sitenote_note":"","_monsterinsights_sitenote_category":0,"footnotes":"","jetpack_publicize_message":"","jetpack_publicize_feature_enabled":true,"jetpack_social_post_already_shared":true,"jetpack_social_options":{"image_generator_settings":{"template":"highway","default_image_id":0,"font":"","enabled":false},"version":2}},"categories":[2,4,3946],"tags":[],"class_list":["post-10882","post","type-post","status-publish","format-standard","has-post-thumbnail","hentry","category-politica","category-sociedad","category-trabajo"],"jetpack_publicize_connections":[],"_links":{"self":[{"href":"https:\/\/www.enorsai.com\/noticias\/wp-json\/wp\/v2\/posts\/10882","targetHints":{"allow":["GET"]}}],"collection":[{"href":"https:\/\/www.enorsai.com\/noticias\/wp-json\/wp\/v2\/posts"}],"about":[{"href":"https:\/\/www.enorsai.com\/noticias\/wp-json\/wp\/v2\/types\/post"}],"author":[{"embeddable":true,"href":"https:\/\/www.enorsai.com\/noticias\/wp-json\/wp\/v2\/users\/12"}],"replies":[{"embeddable":true,"href":"https:\/\/www.enorsai.com\/noticias\/wp-json\/wp\/v2\/comments?post=10882"}],"version-history":[{"count":1,"href":"https:\/\/www.enorsai.com\/noticias\/wp-json\/wp\/v2\/posts\/10882\/revisions"}],"predecessor-version":[{"id":10883,"href":"https:\/\/www.enorsai.com\/noticias\/wp-json\/wp\/v2\/posts\/10882\/revisions\/10883"}],"wp:featuredmedia":[{"embeddable":true,"href":"https:\/\/www.enorsai.com\/noticias\/wp-json\/wp\/v2\/media\/10881"}],"wp:attachment":[{"href":"https:\/\/www.enorsai.com\/noticias\/wp-json\/wp\/v2\/media?parent=10882"}],"wp:term":[{"taxonomy":"category","embeddable":true,"href":"https:\/\/www.enorsai.com\/noticias\/wp-json\/wp\/v2\/categories?post=10882"},{"taxonomy":"post_tag","embeddable":true,"href":"https:\/\/www.enorsai.com\/noticias\/wp-json\/wp\/v2\/tags?post=10882"}],"curies":[{"name":"wp","href":"https:\/\/api.w.org\/{rel}","templated":true}]}}