{"id":10869,"date":"2025-11-10T08:48:17","date_gmt":"2025-11-10T11:48:17","guid":{"rendered":"https:\/\/www.enorsai.com\/noticias\/?p=10869"},"modified":"2025-11-10T08:48:30","modified_gmt":"2025-11-10T11:48:30","slug":"luis-campos-cuarta-oleada-contrarreforma-laboral-milei","status":"publish","type":"post","link":"https:\/\/www.enorsai.com\/noticias\/politica\/luis-campos-cuarta-oleada-contrarreforma-laboral-milei\/","title":{"rendered":"\u00abCuarta Oleada de Contrarreforma\u00bb: La ofensiva laboral busca un pa\u00eds sin industria ni derechos"},"content":{"rendered":"\n<p>Luis Campos, abogado e investigador de la CTA Aut\u00f3noma, desarma el mito de que la flexibilizaci\u00f3n genera empleo y denuncia que el objetivo central es debilitar la capacidad de acci\u00f3n colectiva y el poder sindical.<\/p>\n\n\n\n<p>Por: Redacci\u00f3n En Orsai | 8 de Noviembre de 2025 https:\/\/www.youtube.com\/embed\/MyToOTfgWeA Video: El abogado Luis Campos analiza los alcances de la reforma laboral en el gobierno de Javier Milei.<\/p>\n\n\n\n<p>El gobierno de Javier Milei y sus aliados en el Congreso se encaminan a aprobar una nueva bater\u00eda de medidas que buscan la precarizaci\u00f3n del trabajo. Para el especialista Luis Campos, este proceso no es casual, sino parte de un ciclo hist\u00f3rico. Estamos frente a la **\u00bbcuarta fase\u00bb** de un proceso de contrarreformas que arranc\u00f3 en 1976, continu\u00f3 en los 90 y tuvo su intento frustrado durante el macrismo (**[00:02:02]**).<\/p>\n\n\n\n<p>El objetivo de fondo es **\u00bbadaptar la legislaci\u00f3n laboral\u00bb** a una estructura productiva que busca consolidar la inserci\u00f3n de Argentina como un **\u00bbmero exportador de materias primas\u00bb** (**[00:03:36]**), un modelo al que le sobra la industria y, por ende, los trabajadores con derechos.<\/p>\n\n\n\n<hr class=\"wp-block-separator has-alpha-channel-opacity\"\/>\n\n\n\n<h2 class=\"wp-block-heading\">El Falso Mito de la \u00abPuerta Giratoria\u00bb y el Caso de la Construcci\u00f3n<\/h2>\n\n\n\n<p>El argumento central de la derecha es que eliminar la indemnizaci\u00f3n o facilitar el despido (la met\u00e1fora de la **\u00bbpuerta giratoria\u00bb** o **\u00bbmochila\u00bb**) genera m\u00e1s empleo. Campos refuta este punto con evidencia emp\u00edrica:<\/p>\n\n\n\n<ul class=\"wp-block-list\">\n<li>**El Fondo de Cese Laboral:** La industria de la construcci\u00f3n, que ya opera con un fondo de cese laboral (*mochila*), tiene hoy los **m\u00ednimos de empleo de las \u00faltimas dos d\u00e9cadas** (**[00:09:35]**).<\/li>\n\n\n\n<li>**Ajuste R\u00e1pido, No Creaci\u00f3n:** La facilidad para despedir no da m\u00e1s trabajo; solo permite a los empleadores **\u00bbajustar muy r\u00e1pido\u00bb** (**[00:10:11]**) la dotaci\u00f3n de personal a las ca\u00eddas del ciclo econ\u00f3mico, sin costo en el momento del despido.<\/li>\n<\/ul>\n\n\n\n<p>La contrarreforma busca convertir al trabajador en **\u00bbgolondrina\u00bb** (**[00:10:57]**), con figuras como el **contrato de \u00abcero horas\u00bb** (**[00:11:06]**), donde el empleador no garantiza ninguna hora de trabajo y ajusta el tiempo a la necesidad del patr\u00f3n (**[00:12:30]**), quit\u00e1ndole al trabajador la posibilidad de organizar su vida (**[00:13:25]**).<\/p>\n\n\n\n<h2 class=\"wp-block-heading\">El Ataque al Coraz\u00f3n de la Organizaci\u00f3n Colectiva<\/h2>\n\n\n\n<p>Para Campos, el **coraz\u00f3n de esta oleada** es debilitar la capacidad de acci\u00f3n colectiva (**[00:14:28]**), siguiendo la hoja de ruta marcada por el DNU 70\/2023. Esto se logra mediante tres ejes:<\/p>\n\n\n\n<ol class=\"wp-block-list\">\n<li>**Criminalizaci\u00f3n de la Protesta:** La Ley Bases ya aprob\u00f3 que cualquier acto que **\u00bbinterrumpa o dificulte el normal funcionamiento\u00bb** de un establecimiento (un bloqueo, una asamblea) sea considerado **grave injuria** y, por ende, **justa causa de despido** (**[00:07:41]**).<\/li>\n\n\n\n<li>**Desfinanciamiento Sindical:** Eliminar los aportes convencionales no es para darle m\u00e1s dinero al trabajador, sino una maniobra para **\u00bbdebilitar al sujeto sindical\u00bb** (**[00:15:13]**).<\/li>\n\n\n\n<li>**Fragmentaci\u00f3n de la Negociaci\u00f3n:** Priorizar el convenio de empresa sobre el sectorial, y terminar con la **ultraactividad** (**[00:20:32]**), no fortalece a las comisiones internas (como en el caso de la m\u00edtica Citrack), sino que busca **quitarles el piso** (el convenio sectorial) y fragmentar el poder de la clase trabajadora (**[00:19:59]**).<\/li>\n<\/ol>\n\n\n\n<blockquote class=\"wp-block-quote is-layout-flow wp-block-quote-is-layout-flow\">\n<p>\u201cAh\u00ed es un poco el&#8230; sancionarte penalmente por lo menos. Claro. No, ni penal ni laboralmente. Laboralmente es poca cosa, digo, no te pueden despedir por hacer huelga.\u201d (**[00:07:05]**)<\/p>\n<\/blockquote>\n\n\n\n<h2 class=\"wp-block-heading\">La Resistencia y el Movimiento Feminista<\/h2>\n\n\n\n<p>Ante este panorama, Campos advierte que la resistencia obrera inevitablemente vendr\u00e1, pero deber\u00e1 ser distinta a la que se vio hasta ahora (**[00:23:54]**). Subraya la importancia de las organizaciones sociales y de los trabajadores no registrados.<\/p>\n\n\n\n<p>En este marco, el movimiento con **\u00bbm\u00e1s vitalidad\u00bb** y capacidad de reacci\u00f3n que el sindicalismo tradicional es el **movimiento de mujeres trabajadoras** (**[00:27:33]**), que combina las reivindicaciones laborales con las de g\u00e9nero, demostrando una **capacidad de reacci\u00f3n** m\u00e1s fuerte de cara a las posibles avanzadas del gobierno, como la discusi\u00f3n sobre la Ley IVE (**[00:28:17]**).<\/p>\n\n\n\n<p>La reforma es un proceso de largo aliento que busca adaptar el mundo del trabajo a un modelo de \u00abbolsones de poblaci\u00f3n sobrante\u00bb (**[00:26:03]**), con el riesgo de que la resistencia no organizada se traduzca en conflictos de tipo \u00abcuasi-delictuales\u00bb (**[00:25:56]**).<\/p>\n\n\n\n<p><strong>Temas relacionados:<\/strong> Javier Milei, Luis Campos, Contrarreforma Laboral, DNU 70\/2023, Ley Bases, Sindicalismo, Despido con Justa Causa, Precarizaci\u00f3n Laboral.<\/p>\n","protected":false},"excerpt":{"rendered":"<p>Luis Campos, abogado e investigador de la CTA Aut\u00f3noma, desarma el mito de que la flexibilizaci\u00f3n genera empleo y denuncia que el objetivo central es debilitar la capacidad de acci\u00f3n colectiva y el poder sindical. Por: Redacci\u00f3n En Orsai | 8 de Noviembre de 2025 https:\/\/www.youtube.com\/embed\/MyToOTfgWeA Video: El abogado Luis Campos analiza los alcances de&#8230;<\/p>\n","protected":false},"author":5,"featured_media":10870,"comment_status":"open","ping_status":"open","sticky":false,"template":"","format":"standard","meta":{"_monsterinsights_skip_tracking":false,"_monsterinsights_sitenote_active":false,"_monsterinsights_sitenote_note":"","_monsterinsights_sitenote_category":0,"footnotes":"","jetpack_publicize_message":"","jetpack_publicize_feature_enabled":true,"jetpack_social_post_already_shared":true,"jetpack_social_options":{"image_generator_settings":{"template":"highway","default_image_id":0,"font":"","enabled":false},"version":2}},"categories":[3,2],"tags":[4069,4074,4068,4071,4070,4073,4067,3668,4072,904],"class_list":["post-10869","post","type-post","status-publish","format-standard","has-post-thumbnail","hentry","category-economia","category-politica","tag-contrarreforma-laboral","tag-contrato-cero-horas","tag-cuarta-oleada","tag-despido-con-justa-causa","tag-dnu-70-2023","tag-empleo-en-construccion","tag-flexibilizacion-laboral","tag-luis-campos","tag-negociacion-colectiva","tag-sindicatos"],"jetpack_publicize_connections":[],"_links":{"self":[{"href":"https:\/\/www.enorsai.com\/noticias\/wp-json\/wp\/v2\/posts\/10869","targetHints":{"allow":["GET"]}}],"collection":[{"href":"https:\/\/www.enorsai.com\/noticias\/wp-json\/wp\/v2\/posts"}],"about":[{"href":"https:\/\/www.enorsai.com\/noticias\/wp-json\/wp\/v2\/types\/post"}],"author":[{"embeddable":true,"href":"https:\/\/www.enorsai.com\/noticias\/wp-json\/wp\/v2\/users\/5"}],"replies":[{"embeddable":true,"href":"https:\/\/www.enorsai.com\/noticias\/wp-json\/wp\/v2\/comments?post=10869"}],"version-history":[{"count":1,"href":"https:\/\/www.enorsai.com\/noticias\/wp-json\/wp\/v2\/posts\/10869\/revisions"}],"predecessor-version":[{"id":10871,"href":"https:\/\/www.enorsai.com\/noticias\/wp-json\/wp\/v2\/posts\/10869\/revisions\/10871"}],"wp:featuredmedia":[{"embeddable":true,"href":"https:\/\/www.enorsai.com\/noticias\/wp-json\/wp\/v2\/media\/10870"}],"wp:attachment":[{"href":"https:\/\/www.enorsai.com\/noticias\/wp-json\/wp\/v2\/media?parent=10869"}],"wp:term":[{"taxonomy":"category","embeddable":true,"href":"https:\/\/www.enorsai.com\/noticias\/wp-json\/wp\/v2\/categories?post=10869"},{"taxonomy":"post_tag","embeddable":true,"href":"https:\/\/www.enorsai.com\/noticias\/wp-json\/wp\/v2\/tags?post=10869"}],"curies":[{"name":"wp","href":"https:\/\/api.w.org\/{rel}","templated":true}]}}