{"id":1086,"date":"2025-02-11T17:34:58","date_gmt":"2025-02-11T20:34:58","guid":{"rendered":"https:\/\/www.enorsai.com\/noticias\/?p=1086"},"modified":"2025-02-11T17:34:58","modified_gmt":"2025-02-11T20:34:58","slug":"reconocido-analista-politico-sobre-milei-ajuste-fmi-y-un-gobierno-contra-las-cuerdas","status":"publish","type":"post","link":"https:\/\/www.enorsai.com\/noticias\/politica\/reconocido-analista-politico-sobre-milei-ajuste-fmi-y-un-gobierno-contra-las-cuerdas\/","title":{"rendered":"Reconocido analista pol\u00edtico sobre Milei: \u00abajuste, FMI y un gobierno contra las cuerdas\u00bb"},"content":{"rendered":"\n<p><\/p>\n\n\n\n<p>Para el analista pol\u00edtico Gustavo C\u00f3rdoba, la estrategia de Javier Milei para sostener la econom\u00eda y la gobernabilidad empieza a mostrar grietas cada vez m\u00e1s evidentes. A pesar del blindaje medi\u00e1tico y la maquinaria comunicacional que intenta instalar un optimismo forzado, el malestar social y las inconsistencias del modelo libertario empiezan a desbordar el relato oficial. Entre un ajuste feroz, una crisis de reservas y un Fondo Monetario Internacional que impone sus condiciones, el gobierno se enfrenta a un dilema sin salida: si cede ante el FMI, corre el riesgo de traicionar su discurso antisistema; si se enfrenta, podr\u00eda quedar aislado y sin financiamiento.<\/p>\n\n\n\n<p><a href=\"https:\/\/www.enorsai.com\/noticias\/politica\/karina-milei-la-mano-que-empuna-la-guillotina-del-poder\/\">Karina Milei, la mano que empu\u00f1a la guillotina del poder<\/a><\/p>\n\n\n\n<p>Desde su mirada,<strong> la escena pol\u00edtica tambi\u00e9n est\u00e1 en ebullici\u00f3n<\/strong>. La oposici\u00f3n peronista sigue reconfigur\u00e1ndose y, mientras algunos sectores intentan despegarse de Cristina Kirchner, su presencia en la escena sigue siendo innegable. Los carteles con la consigna \u00abCristina presente\u00bb que aparecieron en distintos puntos del pa\u00eds son s\u00edntoma de que el kirchnerismo mantiene una base militante activa y que, a pesar de los intentos por correrla del centro de la discusi\u00f3n, su peso pol\u00edtico sigue vigente.<\/p>\n\n\n\n<h2 class=\"wp-block-heading\"><strong>Un plan sin plan B<\/strong><\/h2>\n\n\n\n<p>Uno de los puntos m\u00e1s cr\u00edticos del actual gobierno, seg\u00fan C\u00f3rdoba, es la falta de un plan alternativo si su estrategia econ\u00f3mica fracasa. Milei apost\u00f3 todo al ajuste y la ortodoxia fiscal, pero el gran problema es que los tiempos econ\u00f3micos no se alinean con los tiempos pol\u00edticos. Como ya ocurri\u00f3 en el gobierno de Mauricio Macri, las PASO pueden convertirse en una primera advertencia del malestar social, algo que el oficialismo busca evitar a toda costa.<\/p>\n\n\n\n<figure class=\"wp-block-embed is-type-wp-embed is-provider-incrustado wp-block-embed-incrustado\"><div class=\"wp-block-embed__wrapper\">\n<blockquote class=\"wp-embedded-content\" data-secret=\"ZUWZRgWo2e\"><a href=\"https:\/\/www.enorsai.com\/noticias\/sociedad\/datos-del-gobierno-se-perdieron-185-000-puestos-de-trabajo-registrado-en-un-ano-y-el-empleo-sigue-cayendo\/\">Datos del Gobierno: se perdieron 185.000 puestos de trabajo registrado en un a\u00f1o, y el empleo sigue cayendo<\/a><\/blockquote><iframe loading=\"lazy\" class=\"wp-embedded-content\" sandbox=\"allow-scripts\" security=\"restricted\" style=\"position: absolute; visibility: hidden;\" title=\"\u00abDatos del Gobierno: se perdieron 185.000 puestos de trabajo registrado en un a\u00f1o, y el empleo sigue cayendo\u00bb \u2014 \" src=\"https:\/\/www.enorsai.com\/noticias\/sociedad\/datos-del-gobierno-se-perdieron-185-000-puestos-de-trabajo-registrado-en-un-ano-y-el-empleo-sigue-cayendo\/embed\/#?secret=u4kgQkJqwQ#?secret=ZUWZRgWo2e\" data-secret=\"ZUWZRgWo2e\" width=\"600\" height=\"338\" frameborder=\"0\" marginwidth=\"0\" marginheight=\"0\" scrolling=\"no\"><\/iframe>\n<\/div><\/figure>\n\n\n\n<p>El principal problema es que los \u00abbrotes verdes\u00bb que el gobierno promete nunca terminan de aparecer. La inflaci\u00f3n sigue descontrolada y los aumentos en productos b\u00e1sicos como la carne (un 25% en lo que va de febrero) reflejan una situaci\u00f3n que est\u00e1 lejos de estabilizarse. Mientras tanto, el agro retiene sus cosechas en silobolsas y no liquida divisas, a la espera de mejores condiciones. Sin esos d\u00f3lares, el gobierno enfrenta un cuello de botella financiero que podr\u00eda derivar en un salto cambiario.<\/p>\n\n\n\n<h2 class=\"wp-block-heading\"><strong>El Milei que se enfrenta al FMI<\/strong><\/h2>\n\n\n\n<p>El enigma m\u00e1s grande dentro del esquema libertario es su relaci\u00f3n con el Fondo Monetario Internacional. Para C\u00f3rdoba, Luis Caputo, ministro de Econom\u00eda, es visto como la \u201cgarganta profunda\u201d del mercado dentro del gobierno, pero incluso dentro del oficialismo se empiezan a notar tensiones. La nota que Milei public\u00f3 en La Naci\u00f3n, donde reivindic\u00f3 su postura ultraortodoxa y dej\u00f3 en claro que no har\u00e1 concesiones, fue tomada como un mensaje directo al organismo internacional.<\/p>\n\n\n\n<p>Las cr\u00edticas del FMI sobre la viabilidad del ajuste y la falta de un plan de crecimiento podr\u00edan terminar empujando a Milei a una contradicci\u00f3n insalvable: el libertario que lleg\u00f3 al poder denunciando la \u00abcasta\u00bb podr\u00eda terminar enfrentado con el mismo organismo que le exige m\u00e1s ajuste. Algo que, parad\u00f3jicamente, lo acercar\u00eda al lugar que en su momento ocup\u00f3 Cristina Kirchner, enemistada con el FMI por las condiciones del pr\u00e9stamo de 2018.<\/p>\n\n\n\n<figure class=\"wp-block-embed is-type-wp-embed is-provider-incrustado wp-block-embed-incrustado\"><div class=\"wp-block-embed__wrapper\">\n<blockquote class=\"wp-embedded-content\" data-secret=\"F0vhwEivft\"><a href=\"https:\/\/www.enorsai.com\/noticias\/politica\/el-ecochanta-del-mes-el-ministro-de-economia-toto-caputo\/\">El ecochanta del mes: El ministro de econom\u00eda Toto Caputo. Por CFK<\/a><\/blockquote><iframe loading=\"lazy\" class=\"wp-embedded-content\" sandbox=\"allow-scripts\" security=\"restricted\" style=\"position: absolute; visibility: hidden;\" title=\"\u00abEl ecochanta del mes: El ministro de econom\u00eda Toto Caputo. Por CFK\u00bb \u2014 \" src=\"https:\/\/www.enorsai.com\/noticias\/politica\/el-ecochanta-del-mes-el-ministro-de-economia-toto-caputo\/embed\/#?secret=0U8mBHOXgF#?secret=F0vhwEivft\" data-secret=\"F0vhwEivft\" width=\"600\" height=\"338\" frameborder=\"0\" marginwidth=\"0\" marginheight=\"0\" scrolling=\"no\"><\/iframe>\n<\/div><\/figure>\n\n\n\n<h2 class=\"wp-block-heading\"><strong>El gobierno del blindaje medi\u00e1tico y las fake news<\/strong><\/h2>\n\n\n\n<p>Un dato que no pasa desapercibido, seg\u00fan el analista, es la presencia casi omnipresente de los funcionarios del gobierno en los medios. En las \u00faltimas 72 horas, una tras otra, las figuras del gabinete han copado las pantallas para repetir un mismo mantra: \u00abtodo est\u00e1 bien\u00bb. Sin embargo, como se\u00f1ala C\u00f3rdoba, ning\u00fan gobierno que est\u00e9 realmente bien necesita salir de forma desesperada a aclararlo.<\/p>\n\n\n\n<p>La estrategia comunicacional de Milei es efectiva en la instalaci\u00f3n de temas, pero tambi\u00e9n muestra signos de agotamiento. El recurso de la fake news no es nuevo, pero el libertarismo lo ha llevado a niveles industriales. La l\u00f3gica del \u00abmiente, miente, que algo quedar\u00e1\u00bb se repite con cada dato falseado, cada promesa de inversi\u00f3n que nunca llega y cada operaci\u00f3n de prensa que busca desviar la atenci\u00f3n de los problemas reales. Sin embargo, la realidad econ\u00f3mica es mucho m\u00e1s dif\u00edcil de maquillar y, tarde o temprano, se impone por sobre cualquier relato.<\/p>\n\n\n\n<p><strong>Para C\u00f3rdoba, el gobierno de Milei se encuentra en una encrucijada. No hay plan B, las tensiones con el FMI crecen, la econom\u00eda no mejora y la oposici\u00f3n empieza a reorganizarse. El espejismo del control empieza a desvanecerse y la incertidumbre se instala como el nuevo escenario pol\u00edtico.<\/strong> <\/p>\n\n\n\n<figure class=\"wp-block-embed is-type-wp-embed is-provider-incrustado wp-block-embed-incrustado\"><div class=\"wp-block-embed__wrapper\">\n<blockquote class=\"wp-embedded-content\" data-secret=\"RoCBMNMoCz\"><a href=\"https:\/\/www.enorsai.com\/noticias\/politica\/seguridad-en-crisis-sueldos-de-hambre-suicidios-y-la-gran-farsa-de-bullrich\/\">Seguridad en crisis: sueldos de hambre, suicidios y la gran farsa de Bullrich<\/a><\/blockquote><iframe loading=\"lazy\" class=\"wp-embedded-content\" sandbox=\"allow-scripts\" security=\"restricted\" style=\"position: absolute; visibility: hidden;\" title=\"\u00abSeguridad en crisis: sueldos de hambre, suicidios y la gran farsa de Bullrich\u00bb \u2014 \" src=\"https:\/\/www.enorsai.com\/noticias\/politica\/seguridad-en-crisis-sueldos-de-hambre-suicidios-y-la-gran-farsa-de-bullrich\/embed\/#?secret=ewFL74Tn4b#?secret=RoCBMNMoCz\" data-secret=\"RoCBMNMoCz\" width=\"600\" height=\"338\" frameborder=\"0\" marginwidth=\"0\" marginheight=\"0\" scrolling=\"no\"><\/iframe>\n<\/div><\/figure>\n","protected":false},"excerpt":{"rendered":"<p>El gobierno tambalea ante su propia narrativa y los n\u00fameros que no cierran<\/p>\n","protected":false},"author":4,"featured_media":1087,"comment_status":"open","ping_status":"open","sticky":false,"template":"","format":"standard","meta":{"_monsterinsights_skip_tracking":false,"_monsterinsights_sitenote_active":false,"_monsterinsights_sitenote_note":"","_monsterinsights_sitenote_category":0,"footnotes":"","jetpack_publicize_message":"","jetpack_publicize_feature_enabled":true,"jetpack_social_post_already_shared":true,"jetpack_social_options":{"image_generator_settings":{"template":"highway","default_image_id":0,"font":"","enabled":false},"version":2}},"categories":[17,2],"tags":[440,444,442,439,443],"class_list":["post-1086","post","type-post","status-publish","format-standard","has-post-thumbnail","hentry","category-opinion","category-politica","tag-fmi-y-argentina-2024","tag-gustavo-cordoba","tag-inflacion-y-dolar-en-argentina","tag-javier-milei-crisis-economica","tag-politica-economica-libertaria"],"jetpack_publicize_connections":[],"_links":{"self":[{"href":"https:\/\/www.enorsai.com\/noticias\/wp-json\/wp\/v2\/posts\/1086","targetHints":{"allow":["GET"]}}],"collection":[{"href":"https:\/\/www.enorsai.com\/noticias\/wp-json\/wp\/v2\/posts"}],"about":[{"href":"https:\/\/www.enorsai.com\/noticias\/wp-json\/wp\/v2\/types\/post"}],"author":[{"embeddable":true,"href":"https:\/\/www.enorsai.com\/noticias\/wp-json\/wp\/v2\/users\/4"}],"replies":[{"embeddable":true,"href":"https:\/\/www.enorsai.com\/noticias\/wp-json\/wp\/v2\/comments?post=1086"}],"version-history":[{"count":1,"href":"https:\/\/www.enorsai.com\/noticias\/wp-json\/wp\/v2\/posts\/1086\/revisions"}],"predecessor-version":[{"id":1088,"href":"https:\/\/www.enorsai.com\/noticias\/wp-json\/wp\/v2\/posts\/1086\/revisions\/1088"}],"wp:featuredmedia":[{"embeddable":true,"href":"https:\/\/www.enorsai.com\/noticias\/wp-json\/wp\/v2\/media\/1087"}],"wp:attachment":[{"href":"https:\/\/www.enorsai.com\/noticias\/wp-json\/wp\/v2\/media?parent=1086"}],"wp:term":[{"taxonomy":"category","embeddable":true,"href":"https:\/\/www.enorsai.com\/noticias\/wp-json\/wp\/v2\/categories?post=1086"},{"taxonomy":"post_tag","embeddable":true,"href":"https:\/\/www.enorsai.com\/noticias\/wp-json\/wp\/v2\/tags?post=1086"}],"curies":[{"name":"wp","href":"https:\/\/api.w.org\/{rel}","templated":true}]}}