{"id":10835,"date":"2025-11-09T10:38:50","date_gmt":"2025-11-09T13:38:50","guid":{"rendered":"https:\/\/www.enorsai.com\/noticias\/?p=10835"},"modified":"2025-11-09T10:47:35","modified_gmt":"2025-11-09T13:47:35","slug":"tn-naturaliza-torturas-durante-el-macrismo-y-revelan-como-presionaron-al-contador-manzanares-en-aislamiento-total","status":"publish","type":"post","link":"https:\/\/www.enorsai.com\/noticias\/politica\/tn-naturaliza-torturas-durante-el-macrismo-y-revelan-como-presionaron-al-contador-manzanares-en-aislamiento-total\/","title":{"rendered":"TN naturaliza torturas durante el macrismo y revelan c\u00f3mo presionaron al contador Manzanares en aislamiento total"},"content":{"rendered":"\n<p>La transmisi\u00f3n de TN que se volvi\u00f3 viral muestra al abogado de V\u00edctor Manzanares relatando c\u00f3mo su defendido fue aislado y sometido a tortura psicol\u00f3gica hasta firmar como \u201carrepentido\u201d en 2017. Ninguno de los periodistas presentes reaccion\u00f3 ante la gravedad del hecho. El episodio desnuda la connivencia medi\u00e1tica y judicial del macrismo, ahora blanqueada en horario central.<br><br>El video publicado por el usuario @Joepsi este 9 de noviembre de 2025 expone una escena inquietante: periodistas de TN escuchan al abogado Roberto Herrera describir condiciones inhumanas de detenci\u00f3n durante el gobierno de Mauricio Macri, sin mostrar asombro ni indignaci\u00f3n. El testimonio de V\u00edctor Manzanares, excontador de los Kirchner, vuelve a colocar bajo la lupa la causa Cuadernos, justo cuando inicia el juicio oral con 87 acusados y 24 arrepentidos.<br><br>En la madrugada del 9 de noviembre, un video difundido por el usuario @Joepsi en la red X sacudi\u00f3 las redes y puso al canal Todo Noticias (TN) en el ojo de la tormenta. En apenas unas horas, el posteo super\u00f3 los 790 \u201clikes\u201d, 280 reposts y roz\u00f3 las 19.000 visualizaciones, volvi\u00e9ndose tendencia en los sectores cr\u00edticos al macrismo. No era un recorte manipulado ni una interpretaci\u00f3n malintencionada: era una transmisi\u00f3n en vivo, probablemente del programa \u201cS\u00f3lo una vuelta m\u00e1s\u201d, en la que se entrevistaba al abogado Roberto Herrera, defensor de V\u00edctor Manzanares, el hist\u00f3rico contador de los Kirchner.<br><br>Herrera cont\u00f3, con un tono sereno pero escalofriante, c\u00f3mo su cliente fue detenido en julio de 2017 en R\u00edo Gallegos y trasladado a Buenos Aires. All\u00ed, explic\u00f3, lo mantuvieron 30 d\u00edas en aislamiento total, sin acceso a su familia ni a su defensa, en una celda sin ventanas, con luz artificial encendida las 24 horas, sin reloj ni noci\u00f3n del tiempo. En otras palabras, lo sumergieron en una tortura psicol\u00f3gica cuidadosamente dise\u00f1ada para quebrar su voluntad. El abogado asegur\u00f3 que s\u00f3lo lo sacaban para presionarlo a que firmara su declaraci\u00f3n como arrepentido y que las amenazas continuaron incluso despu\u00e9s de su liberaci\u00f3n.<\/p>\n\n\n\n<p><\/p>\n\n\n\n<figure class=\"wp-block-embed is-type-rich is-provider-twitter wp-block-embed-twitter\"><div class=\"wp-block-embed__wrapper\">\n<blockquote class=\"twitter-tweet\" data-width=\"550\" data-dnt=\"true\"><p lang=\"es\" dir=\"ltr\">Esto pas\u00f3 en TN. Contaron en vivo como durante el macrismo tuvieron detenido un mes a un testigo en condiciones inhumanas y bajo TORTURA para que aceptara ser arrepentido.<br><br>Todo vale para meter presa a Cristina&#8230; <a href=\"https:\/\/t.co\/8HoHonLrGI\">pic.twitter.com\/8HoHonLrGI<\/a><\/p>&mdash; M (@MConurbasic) <a href=\"https:\/\/twitter.com\/MConurbasic\/status\/1987470315803533642?ref_src=twsrc%5Etfw\">November 9, 2025<\/a><\/blockquote><script async src=\"https:\/\/platform.twitter.com\/widgets.js\" charset=\"utf-8\"><\/script>\n<\/div><\/figure>\n\n\n\n<p><br><br>Lo m\u00e1s impactante no fue solo el relato, sino la reacci\u00f3n \u2014o mejor dicho, la ausencia de ella\u2014 en el estudio. Ninguno de los periodistas presentes, entre ellos Luciana Geuna y posiblemente Eduardo Feinmann, emiti\u00f3 una palabra de repudio. Nadie dijo \u201cesto es grav\u00edsimo\u201d ni \u201ceso fue ilegal\u201d. Lo tomaron como un dato m\u00e1s del expediente judicial, como si las violaciones a los derechos humanos hubieran sido parte natural del m\u00e9todo de investigaci\u00f3n del gobierno de Mauricio Macri.<br><br>La escena es un espejo del clima pol\u00edtico y medi\u00e1tico que hoy vuelve a emerger con fuerza bajo el gobierno de Javier Milei. La naturalizaci\u00f3n de la violencia institucional, el desprecio por las garant\u00edas procesales y la complicidad de los grandes medios con los aparatos judiciales y de inteligencia no son hechos aislados: forman parte de una matriz autoritaria que atraviesa distintos gobiernos de derecha en la Argentina reciente.<br><br>El caso Manzanares no es menor. Fue detenido el 17 de julio de 2017 por lavado de dinero vinculado a Daniel Mu\u00f1oz, exsecretario de N\u00e9stor Kirchner, y en febrero de 2019 se convirti\u00f3 en uno de los 24 arrepentidos que estructuraron la causa Cuadernos. Aport\u00f3 informaci\u00f3n sobre c\u00f3mo Mu\u00f1oz habr\u00eda blanqueado m\u00e1s de 70 millones de d\u00f3lares en propiedades en Estados Unidos y en las islas Turcos y Caicos. Pero lo que el video revela es el trasfondo brutal de esa colaboraci\u00f3n: no fue un acto libre, sino el resultado de la coerci\u00f3n y el aislamiento.<br><br>El macrismo construy\u00f3 gran parte de su narrativa pol\u00edtica sobre la idea de la \u201crep\u00fablica\u201d y la \u201clucha contra la corrupci\u00f3n\u201d, pero los m\u00e9todos que hoy salen a la luz parecen m\u00e1s cercanos a los manuales de inteligencia de las dictaduras que a los valores democr\u00e1ticos que dec\u00edan defender.<br><br>No es casual que este fragmento televisivo resurja justo cuando, el 6 de noviembre de 2025, comenz\u00f3 el juicio oral por la causa Cuadernos, con Cristina Fern\u00e1ndez de Kirchner como principal acusada y un total de 87 imputados. El testimonio de Manzanares es clave, y su abogado, con aparente frialdad, lo record\u00f3 frente a c\u00e1maras: \u201cEstuvo un mes incomunicado, sin ver el sol, sin saber si era de d\u00eda o de noche. Fue una tortura psicol\u00f3gica\u201d.<br><br>Los usuarios en redes no tardaron en reaccionar. Mensajes como \u201cAh\u00ed lo tienen al supuesto arrepentido. Era testigo protegido y lo ten\u00edan encerrado\u201d (@ResistenciaNac_) o \u201cContaron en vivo c\u00f3mo durante el macrismo torturaban testigos en condiciones inhumanas\u201d (@MConurbasic) inundaron X, denunciando la banalizaci\u00f3n de un hecho que, en cualquier democracia saludable, habr\u00eda provocado un esc\u00e1ndalo pol\u00edtico y judicial.<br><br>Pero en la Argentina de hoy, el impacto parece disiparse r\u00e1pidamente entre la desidia informativa y la polarizaci\u00f3n. Mientras el gobierno de Javier Milei profundiza la persecuci\u00f3n a sectores sindicales, cient\u00edficos y judiciales cr\u00edticos, los mecanismos de disciplinamiento pol\u00edtico del pasado parecen haber regresado, ahora envueltos en el discurso de la \u201clibertad\u201d y el \u201corden\u201d.<br><br>El caso Manzanares no solo reabre heridas del pasado macrista: expone las grietas morales de un sistema medi\u00e1tico que encubre abusos cuando los cometen los suyos. Lo que antes se consideraba \u201cparte del show judicial\u201d hoy se visibiliza como lo que realmente fue: una pr\u00e1ctica de coerci\u00f3n ilegal, amparada por el silencio c\u00f3mplice de los grandes medios.<br><br>En el fondo, el video viral de TN no muestra solo la historia de un contador quebrado, sino el retrato de una \u00e9poca: un poder pol\u00edtico dispuesto a todo para construir su relato de impunidad, y una prensa dispuesta a mirar para otro lado mientras la democracia se erosionaba desde adentro.<\/p>\n","protected":false},"excerpt":{"rendered":"<p>La transmisi\u00f3n de TN que se volvi\u00f3 viral muestra al abogado de V\u00edctor Manzanares relatando c\u00f3mo su defendido fue aislado y sometido a tortura psicol\u00f3gica hasta firmar como \u201carrepentido\u201d en 2017. Ninguno de los periodistas presentes reaccion\u00f3 ante la gravedad del hecho. El episodio desnuda la connivencia medi\u00e1tica y judicial del macrismo, ahora blanqueada en&#8230;<\/p>\n","protected":false},"author":9,"featured_media":10834,"comment_status":"open","ping_status":"open","sticky":false,"template":"","format":"standard","meta":{"_monsterinsights_skip_tracking":false,"_monsterinsights_sitenote_active":false,"_monsterinsights_sitenote_note":"","_monsterinsights_sitenote_category":0,"footnotes":"","jetpack_publicize_message":"","jetpack_publicize_feature_enabled":true,"jetpack_social_post_already_shared":true,"jetpack_social_options":{"image_generator_settings":{"template":"highway","default_image_id":0,"font":"","enabled":false},"version":2}},"categories":[4046,2],"tags":[],"class_list":["post-10835","post","type-post","status-publish","format-standard","has-post-thumbnail","hentry","category-lawfare","category-politica"],"jetpack_publicize_connections":[],"_links":{"self":[{"href":"https:\/\/www.enorsai.com\/noticias\/wp-json\/wp\/v2\/posts\/10835","targetHints":{"allow":["GET"]}}],"collection":[{"href":"https:\/\/www.enorsai.com\/noticias\/wp-json\/wp\/v2\/posts"}],"about":[{"href":"https:\/\/www.enorsai.com\/noticias\/wp-json\/wp\/v2\/types\/post"}],"author":[{"embeddable":true,"href":"https:\/\/www.enorsai.com\/noticias\/wp-json\/wp\/v2\/users\/9"}],"replies":[{"embeddable":true,"href":"https:\/\/www.enorsai.com\/noticias\/wp-json\/wp\/v2\/comments?post=10835"}],"version-history":[{"count":1,"href":"https:\/\/www.enorsai.com\/noticias\/wp-json\/wp\/v2\/posts\/10835\/revisions"}],"predecessor-version":[{"id":10836,"href":"https:\/\/www.enorsai.com\/noticias\/wp-json\/wp\/v2\/posts\/10835\/revisions\/10836"}],"wp:featuredmedia":[{"embeddable":true,"href":"https:\/\/www.enorsai.com\/noticias\/wp-json\/wp\/v2\/media\/10834"}],"wp:attachment":[{"href":"https:\/\/www.enorsai.com\/noticias\/wp-json\/wp\/v2\/media?parent=10835"}],"wp:term":[{"taxonomy":"category","embeddable":true,"href":"https:\/\/www.enorsai.com\/noticias\/wp-json\/wp\/v2\/categories?post=10835"},{"taxonomy":"post_tag","embeddable":true,"href":"https:\/\/www.enorsai.com\/noticias\/wp-json\/wp\/v2\/tags?post=10835"}],"curies":[{"name":"wp","href":"https:\/\/api.w.org\/{rel}","templated":true}]}}