{"id":10830,"date":"2025-11-08T19:33:04","date_gmt":"2025-11-08T22:33:04","guid":{"rendered":"https:\/\/www.enorsai.com\/noticias\/?p=10830"},"modified":"2025-11-08T19:37:06","modified_gmt":"2025-11-08T22:37:06","slug":"maradona-la-historia-del-heroe-afrodescendiente-que-peleo-por-la-libertad-argentina","status":"publish","type":"post","link":"https:\/\/www.enorsai.com\/noticias\/sociedad\/maradona-la-historia-del-heroe-afrodescendiente-que-peleo-por-la-libertad-argentina\/","title":{"rendered":"Maradona: La historia del h\u00e9roe afrodescendiente que pele\u00f3 por la libertad argentina"},"content":{"rendered":"\n<p>El hallazgo geneal\u00f3gico que conecta a Diego Armando Maradona con Luiz Maradona, un esclavo liberado que luch\u00f3 con San Mart\u00edn en la independencia, reabre el debate sobre la negaci\u00f3n del pasado afro en la identidad nacional y el silencio del gobierno actual frente a la historia popular.<br><br>El descubrimiento de que el 10 m\u00e1s grande de la historia argentina desciende de un soldado afrodescendiente del Ej\u00e9rcito de los Andes no solo resignifica su figura, sino que expone el racismo estructural y la ignorancia hist\u00f3rica que el gobierno de Javier Milei reproduce al desfinanciar la ciencia, despreciar la memoria y negar la diversidad cultural que dio forma a la Naci\u00f3n.<br><br>Diego Armando Maradona no solo naci\u00f3 para romper moldes dentro de una cancha. Su linaje tambi\u00e9n derriba los relatos oficiales que, desde hace siglos, blanquean la historia argentina. Un hallazgo acad\u00e9mico del genealogista Guillermo Kemel Collado Madcur, de la Universidad Nacional de San Juan, confirm\u00f3 que el \u00eddolo mundial es descendiente directo de Luiz Maradona, un esclavo afroargentino que gan\u00f3 su libertad peleando junto a Jos\u00e9 de San Mart\u00edn en la campa\u00f1a libertadora.<br><br>El dato \u2014rescatado por el paleont\u00f3logo y divulgador cient\u00edfico Mart\u00edn Ezequiel Farina (@HallucigeniaOK) en una publicaci\u00f3n que se volvi\u00f3 viral\u2014 reabri\u00f3 una discusi\u00f3n inc\u00f3moda: la negaci\u00f3n sistem\u00e1tica del componente afro en la identidad argentina. Mientras el gobierno de Javier Milei elimina programas de investigaci\u00f3n hist\u00f3rica y desfinancia las universidades p\u00fablicas, las redes sociales devuelven a la superficie un hecho que la academia hab\u00eda documentado hace a\u00f1os pero que nunca encontr\u00f3 espacio en los medios hegem\u00f3nicos.<br><br>La historia es tan potente como silenciada. En 1817, San Mart\u00edn ofreci\u00f3 a los esclavos del Virreinato del R\u00edo de la Plata la posibilidad de obtener su libertad si combat\u00edan en el Ej\u00e9rcito de los Andes. Luiz Maradona, un joven esclavizado en San Juan, fue uno de los miles que aceptaron el trato. Cruz\u00f3 los Andes, sobrevivi\u00f3 a las batallas de Chacabuco, Cancha Rayada y Maip\u00fa, y fue liberado \u201cpor servicios prestados a la Patria\u201d. Su hijo, Juan Evangelista Maradona, ya naci\u00f3 libre. Con el tiempo, la familia migr\u00f3 a Corrientes, y de esa rama, generaciones m\u00e1s tarde, nacer\u00eda Diego.<\/p>\n\n\n\n<figure class=\"wp-block-embed is-type-rich is-provider-twitter wp-block-embed-twitter\"><div class=\"wp-block-embed__wrapper\">\n<blockquote class=\"twitter-tweet\" data-width=\"550\" data-dnt=\"true\"><p lang=\"es\" dir=\"ltr\">Esto es maravilloso Diego Armando Maradona es descendiente de UN ESCLAVO LIBERTO QUE FORM\u00d3 PARTE DEL EEJERCITO DE LOS ANDES<br>NECESITO MAY\u00daSCULAS M\u00c1S GRANDES <a href=\"https:\/\/t.co\/9ZN6ObQTzW\">pic.twitter.com\/9ZN6ObQTzW<\/a><\/p>&mdash; Martin Ezequiel Farina (@HallucigeniaOK) <a href=\"https:\/\/twitter.com\/HallucigeniaOK\/status\/1987202232509743202?ref_src=twsrc%5Etfw\">November 8, 2025<\/a><\/blockquote><script async src=\"https:\/\/platform.twitter.com\/widgets.js\" charset=\"utf-8\"><\/script>\n<\/div><\/figure>\n\n\n\n<p><br><br>Esta genealog\u00eda desmonta el relato uniforme que presenta a los pr\u00f3ceres y sus descendientes como parte de una patria blanca y homog\u00e9nea. El apellido \u201cMaradona\u201d ni siquiera era suyo: se lo impuso el amo gallego que lo pose\u00eda. Luiz proven\u00eda probablemente de Angola o del Congo, dos de los principales puertos de origen de los esclavos tra\u00eddos al R\u00edo de la Plata. En su viol\u00edn, Luiz llev\u00f3 una voz propia que hoy resuena en las tribunas y en la memoria popular, pero que sigue siendo marginada por una cultura oficial que prefiere mirar para otro lado.<br><br>El gobierno de Milei, en su cruzada por \u201cdinamitar lo p\u00fablico\u201d, encarna esa misma negaci\u00f3n hist\u00f3rica. Los recortes en el CONICET, en el Ministerio de Cultura y en los programas educativos borran de un plumazo d\u00e9cadas de trabajo cient\u00edfico y acad\u00e9mico que buscaban visibilizar las ra\u00edces afro, ind\u00edgenas y mestizas del pa\u00eds. Cuando la investigaci\u00f3n p\u00fablica revela que el mayor s\u00edmbolo argentino tiene sangre africana y libertadora, el poder reacciona con indiferencia. No porque el dato no importe, sino porque incomoda.<br><br>Farina lo cont\u00f3 en su hilo con precisi\u00f3n y emoci\u00f3n, acompa\u00f1ando su relato con una imagen en blanco y negro de Diego mirando al cielo. En pocas horas, el tuit acumul\u00f3 miles de likes, cientos de reposts y decenas de miles de visualizaciones. Los hashtags #MaradonaAfro, #SangreDeLibertador y #NegroDeLosAndes se volvieron tendencia. No fue casual: el posteo coincidi\u00f3 con un nuevo aniversario del 8 de noviembre, fecha que los hinchas recuerdan como el d\u00eda en que Diego \u201csalv\u00f3 a Argentina\u201d frente a Per\u00fa en 2020. En ese cruce entre mito futbolero y memoria hist\u00f3rica, la figura de Maradona se agiganta como un puente entre dos patrias: la que se fund\u00f3 a sangre y libertad, y la que hoy se desangra en ajuste y olvido.<br><br>Mientras el oficialismo reduce la historia a memes y teor\u00edas conspirativas, las redes \u2014esa arena donde lo popular todav\u00eda resiste\u2014 rescatan lo que el poder intenta borrar. En lugar de festejar que un h\u00e9roe afrodescendiente forma parte del ADN de nuestro \u00eddolo m\u00e1ximo, el discurso libertario insiste en negar la diversidad, demonizar la educaci\u00f3n p\u00fablica y celebrar una homogeneidad ficticia. Lo que molesta no es el dato: es lo que simboliza. Porque reconocer que Maradona desciende de un esclavo liberado es aceptar que la patria se construy\u00f3 desde abajo, con los cuerpos de quienes fueron explotados y luego olvidados.<br><br>En los barrios donde el Estado ya no llega, Diego sigue siendo la bandera. Pero ahora, esa bandera lleva tambi\u00e9n el rostro de Luiz Maradona, aquel violinista que toc\u00f3 entre fusiles y nieve en el Paso de los Patos. El linaje entre ambos no es solo biol\u00f3gico, es pol\u00edtico. En un pa\u00eds que se desangra por el ajuste, recordar que el mayor \u00eddolo popular es nieto de la resistencia afroargentina es un acto de justicia simb\u00f3lica. Frente a la desmemoria institucional que promueve el gobierno, la historia popular vuelve a reclamar su lugar: Maradona no solo gambete\u00f3 ingleses, tambi\u00e9n hereda la sangre de quien gambete\u00f3 la muerte por la libertad de todos.<\/p>\n","protected":false},"excerpt":{"rendered":"<p>El hallazgo geneal\u00f3gico que conecta a Diego Armando Maradona con Luiz Maradona, un esclavo liberado que luch\u00f3 con San Mart\u00edn en la independencia, reabre el debate sobre la negaci\u00f3n del pasado afro en la identidad nacional y el silencio del gobierno actual frente a la historia popular. El descubrimiento de que el 10 m\u00e1s grande&#8230;<\/p>\n","protected":false},"author":1,"featured_media":10829,"comment_status":"open","ping_status":"open","sticky":false,"template":"","format":"standard","meta":{"_monsterinsights_skip_tracking":false,"_monsterinsights_sitenote_active":false,"_monsterinsights_sitenote_note":"","_monsterinsights_sitenote_category":0,"footnotes":"","jetpack_publicize_message":"","jetpack_publicize_feature_enabled":true,"jetpack_social_post_already_shared":true,"jetpack_social_options":{"image_generator_settings":{"template":"highway","default_image_id":0,"font":"","enabled":false},"version":2}},"categories":[4],"tags":[],"class_list":["post-10830","post","type-post","status-publish","format-standard","has-post-thumbnail","hentry","category-sociedad"],"jetpack_publicize_connections":[],"_links":{"self":[{"href":"https:\/\/www.enorsai.com\/noticias\/wp-json\/wp\/v2\/posts\/10830","targetHints":{"allow":["GET"]}}],"collection":[{"href":"https:\/\/www.enorsai.com\/noticias\/wp-json\/wp\/v2\/posts"}],"about":[{"href":"https:\/\/www.enorsai.com\/noticias\/wp-json\/wp\/v2\/types\/post"}],"author":[{"embeddable":true,"href":"https:\/\/www.enorsai.com\/noticias\/wp-json\/wp\/v2\/users\/1"}],"replies":[{"embeddable":true,"href":"https:\/\/www.enorsai.com\/noticias\/wp-json\/wp\/v2\/comments?post=10830"}],"version-history":[{"count":1,"href":"https:\/\/www.enorsai.com\/noticias\/wp-json\/wp\/v2\/posts\/10830\/revisions"}],"predecessor-version":[{"id":10831,"href":"https:\/\/www.enorsai.com\/noticias\/wp-json\/wp\/v2\/posts\/10830\/revisions\/10831"}],"wp:featuredmedia":[{"embeddable":true,"href":"https:\/\/www.enorsai.com\/noticias\/wp-json\/wp\/v2\/media\/10829"}],"wp:attachment":[{"href":"https:\/\/www.enorsai.com\/noticias\/wp-json\/wp\/v2\/media?parent=10830"}],"wp:term":[{"taxonomy":"category","embeddable":true,"href":"https:\/\/www.enorsai.com\/noticias\/wp-json\/wp\/v2\/categories?post=10830"},{"taxonomy":"post_tag","embeddable":true,"href":"https:\/\/www.enorsai.com\/noticias\/wp-json\/wp\/v2\/tags?post=10830"}],"curies":[{"name":"wp","href":"https:\/\/api.w.org\/{rel}","templated":true}]}}