{"id":1083,"date":"2025-02-11T13:05:07","date_gmt":"2025-02-11T16:05:07","guid":{"rendered":"https:\/\/www.enorsai.com\/noticias\/?p=1083"},"modified":"2025-02-11T13:05:07","modified_gmt":"2025-02-11T16:05:07","slug":"desguace-sanitario-el-vaciamiento-del-ministerio-de-salud-deja-en-jaque-la-prevencion-y-el-control-de-enfermedades","status":"publish","type":"post","link":"https:\/\/www.enorsai.com\/noticias\/sociedad\/desguace-sanitario-el-vaciamiento-del-ministerio-de-salud-deja-en-jaque-la-prevencion-y-el-control-de-enfermedades\/","title":{"rendered":"Desguace sanitario: el vaciamiento del Ministerio de Salud deja en jaque la prevenci\u00f3n y el control de enfermedades"},"content":{"rendered":"\n<p><\/p>\n\n\n\n<p>Las alarmas est\u00e1n encendidas en el Ministerio de Salud de la Naci\u00f3n. Los despidos masivos de trabajadores en \u00e1reas estrat\u00e9gicas han provocado un deterioro inmediato en programas fundamentales para la salud p\u00fablica. Entre los afectados, se encuentran especialistas en vacunaci\u00f3n, epidemiolog\u00eda y control de enfermedades inmunoprevenibles. El relato de los trabajadores cesanteados expone con crudeza la descomposici\u00f3n de un sistema que sosten\u00eda la prevenci\u00f3n y el control de enfermedades en Argentina.<\/p>\n\n\n\n<p>Marcela Natiello, una de las despedidas del Ministerio, describi\u00f3 la magnitud del golpe: \u00ab\u00c9ramos 46 personas para manejar un Programa Nacional de Vacunas. Echaron a 14, entre ellas yo. Pod\u00e9s mantener una c\u00e1scara, que parezca que todo sigue igual, pero si empez\u00e1s a sacar piezas clave, con el tiempo eso deja de funcionar\u00bb. Y ese \u00abtiempo\u00bb no es a largo plazo: la afectaci\u00f3n ya es palpable.<\/p>\n\n\n\n<figure class=\"wp-block-embed is-type-wp-embed is-provider-incrustado wp-block-embed-incrustado\"><div class=\"wp-block-embed__wrapper\">\n<blockquote class=\"wp-embedded-content\" data-secret=\"y1zFwHB3KJ\"><a href=\"https:\/\/www.enorsai.com\/noticias\/sociedad\/datos-del-gobierno-se-perdieron-185-000-puestos-de-trabajo-registrado-en-un-ano-y-el-empleo-sigue-cayendo\/\">Datos del Gobierno: se perdieron 185.000 puestos de trabajo registrado en un a\u00f1o, y el empleo sigue cayendo<\/a><\/blockquote><iframe loading=\"lazy\" class=\"wp-embedded-content\" sandbox=\"allow-scripts\" security=\"restricted\" style=\"position: absolute; visibility: hidden;\" title=\"\u00abDatos del Gobierno: se perdieron 185.000 puestos de trabajo registrado en un a\u00f1o, y el empleo sigue cayendo\u00bb \u2014 \" src=\"https:\/\/www.enorsai.com\/noticias\/sociedad\/datos-del-gobierno-se-perdieron-185-000-puestos-de-trabajo-registrado-en-un-ano-y-el-empleo-sigue-cayendo\/embed\/#?secret=FEWXGquFGI#?secret=y1zFwHB3KJ\" data-secret=\"y1zFwHB3KJ\" width=\"600\" height=\"338\" frameborder=\"0\" marginwidth=\"0\" marginheight=\"0\" scrolling=\"no\"><\/iframe>\n<\/div><\/figure>\n\n\n\n<p>Uno de los ejemplos m\u00e1s cr\u00edticos es el sistema NomiVac, el registro nominal de vacunaci\u00f3n, una herramienta clave para monitorear la cobertura de vacunas en el pa\u00eds. \u00abLas tres personas que hac\u00edan el soporte de ese registro fueron despedidas el 31 de enero. Desde el 1 de febrero, esos mails ya no se responden\u00bb, alert\u00f3 Natiello. Sin este soporte, las provincias pierden asistencia t\u00e9cnica y la informaci\u00f3n se vuelve inexacta, lo que puede derivar en desabastecimiento, fallas log\u00edsticas y la p\u00e9rdida de control sobre la cobertura de vacunaci\u00f3n.<\/p>\n\n\n\n<p>La crisis se agrava con la desarticulaci\u00f3n de la cadena de fr\u00edo, esencial para la conservaci\u00f3n de las vacunas. \u00abTen\u00edamos una sola persona encargada de controlar la calidad de la cadena de fr\u00edo y evaluar si una vacuna segu\u00eda siendo utilizable o no. La echaron\u00bb, denunci\u00f3 otra de las trabajadoras afectadas. Sin este control, el riesgo de que vacunas pierdan eficacia por fallas en la refrigeraci\u00f3n aumenta considerablemente.<\/p>\n\n\n\n<p>Los despidos no se limitaron a \u00e1reas t\u00e9cnicas, sino que tambi\u00e9n alcanzaron a la vigilancia epidemiol\u00f3gica. \u00abSoy epidemi\u00f3loga y era la \u00fanica que estaba en la Direcci\u00f3n haciendo la vigilancia de enfermedades inmunoprevenibles\u00bb, explic\u00f3 otra de las afectadas. La menci\u00f3n del reciente brote de sarampi\u00f3n en la Ciudad de Buenos Aires expone la urgencia de contar con equipos de monitoreo y respuesta r\u00e1pida. \u00abHemos viajado a provincias como Salta para atender brotes de hepatitis A. Sin equipos de respuesta, estos brotes pueden expandirse sin control\u00bb.<\/p>\n\n\n\n<figure class=\"wp-block-embed is-type-wp-embed is-provider-incrustado wp-block-embed-incrustado\"><div class=\"wp-block-embed__wrapper\">\n<blockquote class=\"wp-embedded-content\" data-secret=\"EHejdKK26S\"><a href=\"https:\/\/www.enorsai.com\/noticias\/economia\/la-federacion-agraria-advierte-la-invasion-importadora-asfixia-a-los-productores-argentinos\/\">La Federaci\u00f3n Agraria advierte: La invasi\u00f3n importadora asfixia a los productores argentinos<\/a><\/blockquote><iframe loading=\"lazy\" class=\"wp-embedded-content\" sandbox=\"allow-scripts\" security=\"restricted\" style=\"position: absolute; visibility: hidden;\" title=\"\u00abLa Federaci\u00f3n Agraria advierte: La invasi\u00f3n importadora asfixia a los productores argentinos\u00bb \u2014 \" src=\"https:\/\/www.enorsai.com\/noticias\/economia\/la-federacion-agraria-advierte-la-invasion-importadora-asfixia-a-los-productores-argentinos\/embed\/#?secret=6PGp421j6A#?secret=EHejdKK26S\" data-secret=\"EHejdKK26S\" width=\"600\" height=\"338\" frameborder=\"0\" marginwidth=\"0\" marginheight=\"0\" scrolling=\"no\"><\/iframe>\n<\/div><\/figure>\n\n\n\n<p>El desmantelamiento del Ministerio no solo impacta en la vacunaci\u00f3n. La Direcci\u00f3n de Respuesta al VIH, hepatitis y tuberculosis tambi\u00e9n sufri\u00f3 bajas cr\u00edticas. \u00abEl 45% de los nuevos diagn\u00f3sticos de VIH en Argentina son tard\u00edos. Necesitamos fortalecer la prevenci\u00f3n, lo que implica no solo testeos, sino campa\u00f1as activas. En lugar de eso, est\u00e1n vaciando el \u00e1rea\u00bb, se\u00f1alaron los trabajadores. Como si no fuera suficiente, el 31 de diciembre eliminaron la coordinaci\u00f3n de hepatitis y, un mes despu\u00e9s, despidieron a la \u00fanica m\u00e9dica pat\u00f3loga especializada en hepatolog\u00eda que quedaba.<\/p>\n\n\n\n<p>La estrategia de recorte del gobierno de Javier Milei est\u00e1 desmantelando uno de los pilares de la salud p\u00fablica: la prevenci\u00f3n. Mientras los trabajadores denuncian las consecuencias inmediatas de los despidos, el Ejecutivo sigue adelante con una l\u00f3gica de ajuste sin medir el impacto real sobre la poblaci\u00f3n. La historia demuestra que desinvertir en prevenci\u00f3n sanitaria siempre sale m\u00e1s caro, pero la salud de millones de argentinos parece ser un da\u00f1o colateral aceptable para la Casa Rosada.<\/p>\n\n\n\n<figure class=\"wp-block-embed is-type-wp-embed is-provider-incrustado wp-block-embed-incrustado\"><div class=\"wp-block-embed__wrapper\">\n<blockquote class=\"wp-embedded-content\" data-secret=\"vdgogXXSBw\"><a href=\"https:\/\/www.enorsai.com\/noticias\/politica\/el-ecochanta-del-mes-el-ministro-de-economia-toto-caputo\/\">El ecochanta del mes: El ministro de econom\u00eda Toto Caputo. Por CFK<\/a><\/blockquote><iframe loading=\"lazy\" class=\"wp-embedded-content\" sandbox=\"allow-scripts\" security=\"restricted\" style=\"position: absolute; visibility: hidden;\" title=\"\u00abEl ecochanta del mes: El ministro de econom\u00eda Toto Caputo. Por CFK\u00bb \u2014 \" src=\"https:\/\/www.enorsai.com\/noticias\/politica\/el-ecochanta-del-mes-el-ministro-de-economia-toto-caputo\/embed\/#?secret=OKEBXuaI2r#?secret=vdgogXXSBw\" data-secret=\"vdgogXXSBw\" width=\"600\" height=\"338\" frameborder=\"0\" marginwidth=\"0\" marginheight=\"0\" scrolling=\"no\"><\/iframe>\n<\/div><\/figure>\n","protected":false},"excerpt":{"rendered":"<p>Los despidos masivos en \u00e1reas clave del Ministerio de Salud comprometen el funcionamiento del sistema de vacunaci\u00f3n, la vigilancia epidemiol\u00f3gica y la prevenci\u00f3n de enfermedades como el VIH y la hepatitis. La pol\u00edtica de ajuste de Javier Milei pone en riesgo la salud p\u00fablica<\/p>\n","protected":false},"author":4,"featured_media":1084,"comment_status":"open","ping_status":"open","sticky":false,"template":"","format":"standard","meta":{"_monsterinsights_skip_tracking":false,"_monsterinsights_sitenote_active":false,"_monsterinsights_sitenote_note":"","_monsterinsights_sitenote_category":0,"footnotes":"","jetpack_publicize_message":"","jetpack_publicize_feature_enabled":true,"jetpack_social_post_already_shared":true,"jetpack_social_options":{"image_generator_settings":{"template":"highway","default_image_id":0,"font":"","enabled":false},"version":2}},"categories":[4],"tags":[58,437,93,348,435,438,249,436],"class_list":["post-1083","post","type-post","status-publish","format-standard","has-post-thumbnail","hentry","category-sociedad","tag-ajuste","tag-ajuste-javier-milei-salud","tag-argentina","tag-crisis-sanitaria-en-argentina","tag-despidos-ministerio-de-salud","tag-prevencion-vih-y-hepatitis","tag-salud","tag-vaciamiento-sistema-de-vacunacion"],"jetpack_publicize_connections":[],"_links":{"self":[{"href":"https:\/\/www.enorsai.com\/noticias\/wp-json\/wp\/v2\/posts\/1083","targetHints":{"allow":["GET"]}}],"collection":[{"href":"https:\/\/www.enorsai.com\/noticias\/wp-json\/wp\/v2\/posts"}],"about":[{"href":"https:\/\/www.enorsai.com\/noticias\/wp-json\/wp\/v2\/types\/post"}],"author":[{"embeddable":true,"href":"https:\/\/www.enorsai.com\/noticias\/wp-json\/wp\/v2\/users\/4"}],"replies":[{"embeddable":true,"href":"https:\/\/www.enorsai.com\/noticias\/wp-json\/wp\/v2\/comments?post=1083"}],"version-history":[{"count":1,"href":"https:\/\/www.enorsai.com\/noticias\/wp-json\/wp\/v2\/posts\/1083\/revisions"}],"predecessor-version":[{"id":1085,"href":"https:\/\/www.enorsai.com\/noticias\/wp-json\/wp\/v2\/posts\/1083\/revisions\/1085"}],"wp:featuredmedia":[{"embeddable":true,"href":"https:\/\/www.enorsai.com\/noticias\/wp-json\/wp\/v2\/media\/1084"}],"wp:attachment":[{"href":"https:\/\/www.enorsai.com\/noticias\/wp-json\/wp\/v2\/media?parent=1083"}],"wp:term":[{"taxonomy":"category","embeddable":true,"href":"https:\/\/www.enorsai.com\/noticias\/wp-json\/wp\/v2\/categories?post=1083"},{"taxonomy":"post_tag","embeddable":true,"href":"https:\/\/www.enorsai.com\/noticias\/wp-json\/wp\/v2\/tags?post=1083"}],"curies":[{"name":"wp","href":"https:\/\/api.w.org\/{rel}","templated":true}]}}