{"id":10827,"date":"2025-11-08T18:45:06","date_gmt":"2025-11-08T21:45:06","guid":{"rendered":"https:\/\/www.enorsai.com\/noticias\/?p=10827"},"modified":"2025-11-08T18:45:57","modified_gmt":"2025-11-08T21:45:57","slug":"egresados-en-tierra-del-fuego-hicieron-vibrar-la-marcha-de-las-malvinas-en-un-boliche","status":"publish","type":"post","link":"https:\/\/www.enorsai.com\/noticias\/sociedad\/egresados-en-tierra-del-fuego-hicieron-vibrar-la-marcha-de-las-malvinas-en-un-boliche\/","title":{"rendered":"Egresados en Tierra del Fuego hicieron vibrar la Marcha de las Malvinas en un boliche"},"content":{"rendered":"\n<p>El video viralizado muestra a un grupo de egresados saltando, abraz\u00e1ndose y cantando con fervor la Marcha de las Malvinas en un boliche de R\u00edo Grande. Mientras las redes lo celebran como un gesto de identidad y amor por el pa\u00eds, la vicepresidenta Villarruel lo aprovech\u00f3 para capitalizar el sentimiento patri\u00f3tico en medio de las pol\u00edticas de desmalvinizaci\u00f3n del gobierno libertario.<br \/><br \/>La escena dura apenas 31 segundos, pero condens\u00f3 algo que la gesti\u00f3n de Javier Milei parece haber olvidado: la emoci\u00f3n colectiva por lo propio. En una provincia donde Malvinas se siente como parte de la vida cotidiana, los j\u00f3venes de la Promo 2025 transformaron una fiesta en una declaraci\u00f3n pol\u00edtica espont\u00e1nea. La viralizaci\u00f3n del video reabri\u00f3 el debate sobre la soberan\u00eda, la memoria y la contradicci\u00f3n entre el discurso libertario y el sentimiento popular.<br \/><br \/>En una noche cualquiera de R\u00edo Grande, Tierra del Fuego, un grupo de estudiantes de la Promo 2025 termin\u00f3 protagonizando uno de los momentos m\u00e1s comentados de las \u00faltimas horas en redes sociales. En plena fiesta de egresados, el DJ Diego Andrade, conocido en TikTok como @mache7e, interrumpi\u00f3 el reggaet\u00f3n y puso la Marcha de las Malvinas. Lo que sigui\u00f3 fue una explosi\u00f3n de emoci\u00f3n: abrazos, saltos, banderas agitadas y un grito un\u00e1nime que retumb\u00f3 entre luces estrobosc\u00f3picas. El video, de apenas 31 segundos, fue compartido por @DataDiario y ya suma miles de reproducciones y comentarios.<br \/><br \/>El hecho no pas\u00f3 desapercibido. En una provincia donde la causa Malvinas no se vive como un recuerdo sino como una identidad diaria \u2014la marcha es himno provincial y cada 2 de abril se realiza una vigilia masiva\u2014, el gesto de estos j\u00f3venes tiene un peso simb\u00f3lico enorme. Tierra del Fuego no solo es el punto m\u00e1s cercano a las islas; es tambi\u00e9n el lugar donde la memoria se ense\u00f1a en las escuelas, se canta en los actos y se transmite de generaci\u00f3n en generaci\u00f3n. Por eso, lo que para otros podr\u00eda ser una curiosidad viral, para los fueguinos fue una reafirmaci\u00f3n de pertenencia.<\/p>\n\n\n\n<figure class=\"wp-block-embed is-type-rich is-provider-twitter wp-block-embed-twitter\"><div class=\"wp-block-embed__wrapper\">\n<blockquote class=\"twitter-tweet\" data-width=\"550\" data-dnt=\"true\"><p lang=\"es\" dir=\"ltr\">\ud83c\udde6\ud83c\uddf7 CANTARON LA MARCHA DE LAS MALVINAS EN UNA FIESTA<br><br>\ud83e\ude75 Un grupo de egresados cant\u00f3 La Marcha de las Malvinas en una fiesta.<br><br>\ud83d\udcf9 Mache7e en Tiktok <a href=\"https:\/\/t.co\/xNEHl39jON\">pic.twitter.com\/xNEHl39jON<\/a><\/p>&mdash; Data Diario (@DataDiario) <a href=\"https:\/\/twitter.com\/DataDiario\/status\/1986952058340298868?ref_src=twsrc%5Etfw\">November 8, 2025<\/a><\/blockquote><script async src=\"https:\/\/platform.twitter.com\/widgets.js\" charset=\"utf-8\"><\/script>\n<\/div><\/figure>\n\n\n\n<p><br \/><br \/>El propio Andrade lo explic\u00f3 en declaraciones al diario El Sure\u00f1o: \u201cAc\u00e1 en Tierra del Fuego vivimos Malvinas todos los d\u00edas. No hay que recordarlos solo el 2 de abril\u201d. Lo que parec\u00eda una ocurrencia musical se transform\u00f3 en un s\u00edmbolo de resistencia cultural, de esos que surgen sin estrategia ni consignas partidarias, pero que dicen m\u00e1s que cualquier discurso.<br \/><br \/>El entusiasmo popular contrast\u00f3 con las reacciones pol\u00edticas. La vicepresidenta Victoria Villarruel fue una de las primeras en subir al tren de la viralizaci\u00f3n. \u201c\u00a1Qu\u00e9 hermoso verlos cantar nuestra Marcha de Malvinas con tanta pasi\u00f3n y alegr\u00eda! \u00a1Felicitaciones a la Promoci\u00f3n 2025 de R\u00edo Grande\u2026 y al DJ Diego Andrade por llevar Malvinas en el coraz\u00f3n!\u201d, public\u00f3 en su cuenta de X, acumulando miles de \u201cme gusta\u201d. Pero su mensaje no fue inocente: lleg\u00f3 en medio de crecientes cuestionamientos al gobierno de Javier Milei por la entrega de tierras estrat\u00e9gicas a intereses extranjeros y la reducci\u00f3n del presupuesto de defensa nacional.<br \/><br \/>Mientras Villarruel se mostraba emocionada, el propio gobierno que integra mantiene silencio frente a la instalaci\u00f3n de bases brit\u00e1nicas en el Atl\u00e1ntico Sur, el avance de compa\u00f1\u00edas mineras en \u00e1reas de soberan\u00eda disputada y los recortes al Instituto Geogr\u00e1fico Nacional. Esa doble moral qued\u00f3 expuesta con crudeza: celebrar la pasi\u00f3n juvenil por Malvinas mientras se desmantelan las pol\u00edticas de Estado que la sostienen.<br \/><br \/>Las redes sociales hicieron el resto. El video fue replicado por medios nacionales como Telefe Noticias, La Capital y Clar\u00edn, y por cuentas influyentes como @elcancillercom y @ClaudiFerreira_, que destacaron el fervor de los j\u00f3venes. Algunos usuarios, sin embargo, se\u00f1alaron la paradoja: \u201cEstos pibes entienden m\u00e1s de soberan\u00eda que todo el gabinete libertario junto\u201d, escribi\u00f3 uno de los comentarios m\u00e1s compartidos.<br \/><br \/>Lo cierto es que, m\u00e1s all\u00e1 de la coyuntura pol\u00edtica, el episodio revel\u00f3 algo que el actual oficialismo no logra comprender: la identidad no se decreta, se vive. En un pa\u00eds golpeado por la crisis econ\u00f3mica, la inflaci\u00f3n y el desmantelamiento de derechos, ver a un grupo de adolescentes cantar por Malvinas fue un respiro. Una muestra de que todav\u00eda hay gestos que unen, que conmueven y que se resisten a la banalizaci\u00f3n del presente.<br \/><br \/>Resulta imposible separar la emoci\u00f3n del contexto. La escena tuvo lugar en la misma provincia donde el gobierno libertario impulsa acuerdos con empresas extranjeras para explotar recursos naturales y donde se discute el uso de tierras que pertenecen a excombatientes. La canci\u00f3n que los j\u00f3venes entonaron con orgullo es la misma que naci\u00f3 como himno de resistencia frente a la usurpaci\u00f3n. Que suene en una fiesta, y no en un acto protocolar, dice mucho sobre el pa\u00eds real: ese que sobrevive m\u00e1s all\u00e1 de las pol\u00edticas de ajuste y los discursos vac\u00edos de \u201clibertad de mercado\u201d.<br \/><br \/>En definitiva, el episodio de la \u201cMarcha en el boliche\u201d fue una postal de otro tipo de soberan\u00eda: la cultural, la emocional, la que no necesita permiso ni decreto. Y si algo deja claro esta historia es que mientras el gobierno de Milei desprecia los s\u00edmbolos nacionales o los usa seg\u00fan convenga, la juventud fueguina los mantiene vivos a su manera, con ritmo, con pogo y con una convicci\u00f3n que ni la inflaci\u00f3n ni el cinismo pueden borrar.<\/p>\n","protected":false},"excerpt":{"rendered":"<p>El video viralizado muestra a un grupo de egresados saltando, abraz\u00e1ndose y cantando con fervor la Marcha de las Malvinas en un boliche de R\u00edo Grande. Mientras las redes lo celebran como un gesto de identidad y amor por el pa\u00eds, la vicepresidenta Villarruel lo aprovech\u00f3 para capitalizar el sentimiento patri\u00f3tico en medio de las&#8230;<\/p>\n","protected":false},"author":12,"featured_media":10826,"comment_status":"open","ping_status":"open","sticky":false,"template":"","format":"standard","meta":{"_monsterinsights_skip_tracking":false,"_monsterinsights_sitenote_active":false,"_monsterinsights_sitenote_note":"","_monsterinsights_sitenote_category":0,"footnotes":"","jetpack_publicize_message":"","jetpack_publicize_feature_enabled":true,"jetpack_social_post_already_shared":true,"jetpack_social_options":{"image_generator_settings":{"template":"highway","default_image_id":0,"font":"","enabled":false},"version":2}},"categories":[4],"tags":[],"class_list":["post-10827","post","type-post","status-publish","format-standard","has-post-thumbnail","hentry","category-sociedad"],"jetpack_publicize_connections":[],"_links":{"self":[{"href":"https:\/\/www.enorsai.com\/noticias\/wp-json\/wp\/v2\/posts\/10827","targetHints":{"allow":["GET"]}}],"collection":[{"href":"https:\/\/www.enorsai.com\/noticias\/wp-json\/wp\/v2\/posts"}],"about":[{"href":"https:\/\/www.enorsai.com\/noticias\/wp-json\/wp\/v2\/types\/post"}],"author":[{"embeddable":true,"href":"https:\/\/www.enorsai.com\/noticias\/wp-json\/wp\/v2\/users\/12"}],"replies":[{"embeddable":true,"href":"https:\/\/www.enorsai.com\/noticias\/wp-json\/wp\/v2\/comments?post=10827"}],"version-history":[{"count":1,"href":"https:\/\/www.enorsai.com\/noticias\/wp-json\/wp\/v2\/posts\/10827\/revisions"}],"predecessor-version":[{"id":10828,"href":"https:\/\/www.enorsai.com\/noticias\/wp-json\/wp\/v2\/posts\/10827\/revisions\/10828"}],"wp:featuredmedia":[{"embeddable":true,"href":"https:\/\/www.enorsai.com\/noticias\/wp-json\/wp\/v2\/media\/10826"}],"wp:attachment":[{"href":"https:\/\/www.enorsai.com\/noticias\/wp-json\/wp\/v2\/media?parent=10827"}],"wp:term":[{"taxonomy":"category","embeddable":true,"href":"https:\/\/www.enorsai.com\/noticias\/wp-json\/wp\/v2\/categories?post=10827"},{"taxonomy":"post_tag","embeddable":true,"href":"https:\/\/www.enorsai.com\/noticias\/wp-json\/wp\/v2\/tags?post=10827"}],"curies":[{"name":"wp","href":"https:\/\/api.w.org\/{rel}","templated":true}]}}