{"id":10816,"date":"2025-11-08T16:15:33","date_gmt":"2025-11-08T19:15:33","guid":{"rendered":"https:\/\/www.enorsai.com\/noticias\/economia\/liderar-mujer-lleva-su-feria-ecofeminista-feecofem-a-caba-para-promover-la-economia-circular-y-la-igualdad\/"},"modified":"2025-11-08T16:24:48","modified_gmt":"2025-11-08T19:24:48","slug":"liderar-mujer-lleva-su-feria-ecofeminista-feecofem-a-caba-para-promover-la-economia-circular-y-la-igualdad","status":"publish","type":"post","link":"https:\/\/www.enorsai.com\/noticias\/economia\/liderar-mujer-lleva-su-feria-ecofeminista-feecofem-a-caba-para-promover-la-economia-circular-y-la-igualdad\/","title":{"rendered":"L\u00edderar Mujer Lleva su Feria Ecofeminista (FeEcoFeM) a la Comuna 14 para Promover la Econom\u00eda Circular y la Igualdad"},"content":{"rendered":"\n<p>\ud83d\udcf0 FeEcoFeM Dir\u00e1 Presente en la Gran Feria de Mujeres, Emprendedoras y Cooperativistas en CABA<\/p>\n\n\n\n<figure class=\"wp-block-image size-large\"><img loading=\"lazy\" decoding=\"async\" width=\"819\" height=\"1024\" src=\"https:\/\/www.enorsai.com\/noticias\/wp-content\/uploads\/2025\/11\/img-20251108-wa0032281294664581955985249911-819x1024.jpg\" alt=\"\" class=\"wp-image-10812\" srcset=\"https:\/\/www.enorsai.com\/noticias\/wp-content\/uploads\/2025\/11\/img-20251108-wa0032281294664581955985249911-819x1024.jpg 819w, https:\/\/www.enorsai.com\/noticias\/wp-content\/uploads\/2025\/11\/img-20251108-wa0032281294664581955985249911-240x300.jpg 240w, https:\/\/www.enorsai.com\/noticias\/wp-content\/uploads\/2025\/11\/img-20251108-wa0032281294664581955985249911-768x960.jpg 768w, https:\/\/www.enorsai.com\/noticias\/wp-content\/uploads\/2025\/11\/img-20251108-wa0032281294664581955985249911.jpg 1080w\" sizes=\"auto, (max-width: 819px) 100vw, 819px\" \/><\/figure>\n\n\n\n<p> La Feria de Mujeres Emprendedoras y Cooperativistas (FeEcoFeM), iniciativa de la Asociaci\u00f3n Civil L\u00edderar Mujer, participar\u00e1 en la pr\u00f3xima Feria de Mujeres, Emprendedoras y Cooperativistas. Este evento, organizado junto al Instituto de Econom\u00eda Social y la Defensor\u00eda del Pueblo de la Ciudad de Buenos Aires, se consolida como un espacio clave para impulsar la econom\u00eda social con perspectiva de g\u00e9nero.<\/p>\n\n\n\n<p>\ud83d\uddd3\ufe0f Un Encuentro para la Innovaci\u00f3n Productiva y Sostenible<\/p>\n\n\n\n<p>El encuentro se realizar\u00e1 el s\u00e1bado 15 de noviembre, desde las 12 hasta las 19 horas, en el emblem\u00e1tico Parque Las Heras (French y Coronel D\u00edaz), Comuna 14 de CABA. La feria promete ser un punto de reuni\u00f3n para mujeres productoras, emprendedoras y cooperativistas que impulsan proyectos caracterizados por su enfoque sostenible, creativo y solidario.<\/p>\n\n\n\n<p><br>\ud83d\udc9c El Compromiso de L\u00edderar Mujer con la Econom\u00eda Circular y la Igualdad<\/p>\n\n\n\n<p>La participaci\u00f3n de la Feria Ecofeminista (FeEcoFeM) subraya la misi\u00f3n central de la Asociaci\u00f3n Civil L\u00edderar Mujer, una organizaci\u00f3n dedicada a promover proyectos con innovaci\u00f3n productiva.<br><br>Desde su fundaci\u00f3n, L\u00edderar Mujer trabaja activamente para fortalecer una econom\u00eda circular con igualdad.<\/p>\n\n\n\n<p>A trav\u00e9s de iniciativas como FeEcoFeM, la Asociaci\u00f3n busca incansablemente visibilizar el trabajo de mujeres y diversidades que se comprometen con una producci\u00f3n responsable, local y con perspectiva de g\u00e9nero.<br><br>Su objetivo estrat\u00e9gico es fomentar el desarrollo local en todas las comunas, creando un impacto positivo y duradero en la comunidad y el medio ambiente. La Asociaci\u00f3n impulsa as\u00ed un modelo econ\u00f3mico m\u00e1s justo y equitativo.<\/p>\n\n\n\n<p><br>Para conocer m\u00e1s sobre el trabajo y los proyectos de la organizaci\u00f3n, se puede visitar [www.liderarmujer.org.ar] y seguir sus redes @liderarmujer en Facebook, X e IG.<\/p>\n\n\n\n<p>(http:\/\/www.liderarmujer.org.ar).<\/p>\n","protected":false},"excerpt":{"rendered":"<p>\ud83d\udcf0 FeEcoFeM Dir\u00e1 Presente en la Gran Feria de Mujeres, Emprendedoras y Cooperativistas en CABA La Feria de Mujeres Emprendedoras y Cooperativistas (FeEcoFeM), iniciativa de la Asociaci\u00f3n Civil L\u00edderar Mujer, participar\u00e1 en la pr\u00f3xima Feria de Mujeres, Emprendedoras y Cooperativistas. Este evento, organizado junto al Instituto de Econom\u00eda Social y la Defensor\u00eda del Pueblo de&#8230;<\/p>\n","protected":false},"author":15,"featured_media":0,"comment_status":"open","ping_status":"open","sticky":false,"template":"","format":"standard","meta":{"_monsterinsights_skip_tracking":false,"_monsterinsights_sitenote_active":false,"_monsterinsights_sitenote_note":"","_monsterinsights_sitenote_category":0,"footnotes":"","jetpack_publicize_message":"","jetpack_publicize_feature_enabled":true,"jetpack_social_post_already_shared":true,"jetpack_social_options":{"image_generator_settings":{"template":"highway","default_image_id":0,"font":"","enabled":false},"version":2}},"categories":[3,3946],"tags":[4056],"class_list":["post-10816","post","type-post","status-publish","format-standard","hentry","category-economia","category-trabajo","tag-feecofem-liderarmujer-economiasocial-innovacionproductiva-produccionsostenible-emprendedorasconimpacto-economiaconperspectivadegenero-igualdad"],"jetpack_publicize_connections":[],"_links":{"self":[{"href":"https:\/\/www.enorsai.com\/noticias\/wp-json\/wp\/v2\/posts\/10816","targetHints":{"allow":["GET"]}}],"collection":[{"href":"https:\/\/www.enorsai.com\/noticias\/wp-json\/wp\/v2\/posts"}],"about":[{"href":"https:\/\/www.enorsai.com\/noticias\/wp-json\/wp\/v2\/types\/post"}],"author":[{"embeddable":true,"href":"https:\/\/www.enorsai.com\/noticias\/wp-json\/wp\/v2\/users\/15"}],"replies":[{"embeddable":true,"href":"https:\/\/www.enorsai.com\/noticias\/wp-json\/wp\/v2\/comments?post=10816"}],"version-history":[{"count":2,"href":"https:\/\/www.enorsai.com\/noticias\/wp-json\/wp\/v2\/posts\/10816\/revisions"}],"predecessor-version":[{"id":10819,"href":"https:\/\/www.enorsai.com\/noticias\/wp-json\/wp\/v2\/posts\/10816\/revisions\/10819"}],"wp:attachment":[{"href":"https:\/\/www.enorsai.com\/noticias\/wp-json\/wp\/v2\/media?parent=10816"}],"wp:term":[{"taxonomy":"category","embeddable":true,"href":"https:\/\/www.enorsai.com\/noticias\/wp-json\/wp\/v2\/categories?post=10816"},{"taxonomy":"post_tag","embeddable":true,"href":"https:\/\/www.enorsai.com\/noticias\/wp-json\/wp\/v2\/tags?post=10816"}],"curies":[{"name":"wp","href":"https:\/\/api.w.org\/{rel}","templated":true}]}}