{"id":10814,"date":"2025-11-08T16:01:59","date_gmt":"2025-11-08T19:01:59","guid":{"rendered":"https:\/\/www.enorsai.com\/noticias\/?p=10814"},"modified":"2025-11-08T16:10:37","modified_gmt":"2025-11-08T19:10:37","slug":"mercadolibre-sufre-un-desplome-del-30-en-paqueteria-en-medio-de-la-recesion-libertaria","status":"publish","type":"post","link":"https:\/\/www.enorsai.com\/noticias\/economia\/mercadolibre-sufre-un-desplome-del-30-en-paqueteria-en-medio-de-la-recesion-libertaria\/","title":{"rendered":"MercadoLibre sufre un desplome del 30% en paqueter\u00eda en medio de la recesi\u00f3n libertaria"},"content":{"rendered":"\n<p>La ca\u00edda del 30% en el volumen de env\u00edos refleja el impacto directo de la recesi\u00f3n impulsada por las pol\u00edticas del gobierno de Javier Milei. El otrora s\u00edmbolo de \u00e9xito del libre mercado atraviesa su peor momento log\u00edstico mientras busca culpables externos y reclama regulaciones.<br><br>Los posteos del periodista Julio Ernesto L\u00f3pez en X anticiparon un desplome que ya nadie puede ocultar: el modelo de consumo online que MercadoLibre vend\u00eda como emblema de modernidad se hunde en medio de la recesi\u00f3n, la ca\u00edda del poder adquisitivo y la competencia feroz de las plataformas chinas Shein y Temu.<br><br>Durante a\u00f1os, MercadoLibre fue presentado como el paradigma del \u00e9xito emprendedor argentino, la prueba de que el mercado se regula solo y el Estado deb\u00eda apartarse. Javier Milei lo convirti\u00f3 en un s\u00edmbolo de su narrativa libertaria, exaltando sus cifras como un espejo del \u201cprogreso\u201d que promet\u00eda el capitalismo desatado. Sin embargo, la realidad econ\u00f3mica le dio un golpe de nocaut a ese relato.<br><br>El periodista Julio Ernesto L\u00f3pez encendi\u00f3 la alarma en agosto: el volumen de paqueter\u00eda de MercadoLibre se desplom\u00f3 un 30%. No se trata de un ajuste temporal ni de una mala temporada. La ca\u00edda es estructural y se profundiza mes a mes. Lejos quedaron los tiempos en que Marcos Galperin difund\u00eda cifras r\u00e9cord para apuntalar el optimismo econ\u00f3mico. Hoy, el e-commerce que supo marcar tendencia atraviesa una desaceleraci\u00f3n brutal, agravada por la recesi\u00f3n que impuso el plan econ\u00f3mico del gobierno libertario.<br><br>Las fechas emblem\u00e1ticas del consumo digital \u2014el D\u00eda de la Madre y el Cyber Monday\u2014 pasaron sin pena ni gloria. Eventos que sol\u00edan marcar picos hist\u00f3ricos de entregas hoy muestran dep\u00f3sitos semivac\u00edos, camiones detenidos y log\u00edstica ociosa. En el sector lo describen con crudeza: \u201cHay m\u00e1s cajas sin destino que compradores con dinero\u201d.<br><br>La retracci\u00f3n del consumo no solo pulveriz\u00f3 los n\u00fameros de la plataforma. Tambi\u00e9n golpe\u00f3 de lleno a los trabajadores tercerizados que sostienen su red log\u00edstica. Miles de choferes, empaquetadores y repartidores ven reducidos sus ingresos, mientras las empresas asociadas recortan personal o cierran. El relato de la \u201ceficiencia privada\u201d se desmorona ante la realidad de un mercado sin demanda y un salario pulverizado.<br><br>Pero la crisis no se explica solo por la recesi\u00f3n. L\u00f3pez tambi\u00e9n se\u00f1ala otro factor determinante: la p\u00e9rdida de competitividad frente a las plataformas extranjeras. \u201cQuedaron caros, se encuentra mejor precio en la calle de contado\u201d, escribi\u00f3 el periodista, aludiendo a la brecha entre los precios digitales y los del mercado informal. A esto se suma la irrupci\u00f3n de gigantes asi\u00e1ticos como Shein y Temu, que lograron lo impensado: inquietar al imperio Galperin.<br><br>El \u00e9xito de estas aplicaciones, que ofrecen precios irrisorios y env\u00edos internacionales cada vez m\u00e1s \u00e1giles, encendi\u00f3 las alarmas en el cuartel de MercadoLibre. Su propio presidente sali\u00f3 a pedir \u201cregulaci\u00f3n del mercado\u201d, un giro ir\u00f3nico para una empresa que durante a\u00f1os se benefici\u00f3 del libre albedr\u00edo digital y del apoyo pol\u00edtico de los sectores que hoy gobiernan. El llanto de los libertarios frente al libre mercado parece ser una de las tantas paradojas de este tiempo.<br><br>El fen\u00f3meno refleja un cambio profundo: el consumidor argentino, golpeado por la inflaci\u00f3n y el ajuste, busca sobrevivir al margen del sistema formal. Los comercios barriales, las ferias y las redes informales vuelven a ganar terreno porque ofrecen precios que el modelo \u201cstartupero\u201d no puede igualar. El discurso del progreso digital se estrella contra la realidad del bolsillo vac\u00edo.<br><br>La situaci\u00f3n de MercadoLibre desnuda as\u00ed una contradicci\u00f3n central del proyecto de Javier Milei. Mientras el Presidente exalta el \u201c\u00e9xito empresarial\u201d y promete liberar las fuerzas del mercado, sus pol\u00edticas destruyen las condiciones m\u00ednimas para que ese mismo mercado funcione. La recesi\u00f3n no distingue entre \u201cEstado ineficiente\u201d y \u201cempresa moderna\u201d: ambos se hunden cuando la demanda desaparece.<br><br>El desplome del 30% en la paqueter\u00eda es apenas la punta del iceberg. Detr\u00e1s se oculta el derrumbe del consumo, la p\u00e9rdida de confianza en la econom\u00eda y el agotamiento del modelo de concentraci\u00f3n digital. Si antes MercadoLibre pod\u00eda mostrarse como ejemplo de modernidad, hoy encarna el s\u00edntoma m\u00e1s claro del fracaso del mile\u00edsmo econ\u00f3mico: un pa\u00eds que deja de comprar, producir y distribuir.<br><br>Mientras el gobierno sigue culpando a \u201cla herencia\u201d o al \u201cEstado obeso\u201d, la realidad empresarial desmiente el dogma libertario. Ni la desregulaci\u00f3n, ni la apertura indiscriminada, ni la eliminaci\u00f3n del cr\u00e9dito lograron dinamizar la econom\u00eda. Todo lo contrario: la comprimieron hasta paralizar incluso a sus aliados naturales.<br><br>En ese contexto, el \u201cllanto\u201d de Galperin pidiendo regulaciones suena como el eco de una iron\u00eda hist\u00f3rica. El libre mercado, ese t\u00f3tem que Milei convirti\u00f3 en religi\u00f3n, le devuelve a sus fieles una lecci\u00f3n amarga: cuando la pol\u00edtica destruye el salario, ni el algoritmo m\u00e1s sofisticado puede salvar las ventas.<br><br>La recesi\u00f3n libertaria no distingue ganadores. Golpea a todos. Y mientras el gobierno celebra sus \u201csuper\u00e1vits\u201d contables, las cajas vac\u00edas de MercadoLibre son la met\u00e1fora perfecta de un pa\u00eds que se qued\u00f3 sin consumo, sin esperanza y sin relato.<\/p>\n","protected":false},"excerpt":{"rendered":"<p>La ca\u00edda del 30% en el volumen de env\u00edos refleja el impacto directo de la recesi\u00f3n impulsada por las pol\u00edticas del gobierno de Javier Milei. El otrora s\u00edmbolo de \u00e9xito del libre mercado atraviesa su peor momento log\u00edstico mientras busca culpables externos y reclama regulaciones. Los posteos del periodista Julio Ernesto L\u00f3pez en X anticiparon&#8230;<\/p>\n","protected":false},"author":1,"featured_media":10813,"comment_status":"open","ping_status":"open","sticky":false,"template":"","format":"standard","meta":{"_monsterinsights_skip_tracking":false,"_monsterinsights_sitenote_active":false,"_monsterinsights_sitenote_note":"","_monsterinsights_sitenote_category":0,"footnotes":"","jetpack_publicize_message":"","jetpack_publicize_feature_enabled":true,"jetpack_social_post_already_shared":true,"jetpack_social_options":{"image_generator_settings":{"template":"highway","default_image_id":0,"font":"","enabled":false},"version":2}},"categories":[3],"tags":[],"class_list":["post-10814","post","type-post","status-publish","format-standard","has-post-thumbnail","hentry","category-economia"],"jetpack_publicize_connections":[],"_links":{"self":[{"href":"https:\/\/www.enorsai.com\/noticias\/wp-json\/wp\/v2\/posts\/10814","targetHints":{"allow":["GET"]}}],"collection":[{"href":"https:\/\/www.enorsai.com\/noticias\/wp-json\/wp\/v2\/posts"}],"about":[{"href":"https:\/\/www.enorsai.com\/noticias\/wp-json\/wp\/v2\/types\/post"}],"author":[{"embeddable":true,"href":"https:\/\/www.enorsai.com\/noticias\/wp-json\/wp\/v2\/users\/1"}],"replies":[{"embeddable":true,"href":"https:\/\/www.enorsai.com\/noticias\/wp-json\/wp\/v2\/comments?post=10814"}],"version-history":[{"count":1,"href":"https:\/\/www.enorsai.com\/noticias\/wp-json\/wp\/v2\/posts\/10814\/revisions"}],"predecessor-version":[{"id":10815,"href":"https:\/\/www.enorsai.com\/noticias\/wp-json\/wp\/v2\/posts\/10814\/revisions\/10815"}],"wp:featuredmedia":[{"embeddable":true,"href":"https:\/\/www.enorsai.com\/noticias\/wp-json\/wp\/v2\/media\/10813"}],"wp:attachment":[{"href":"https:\/\/www.enorsai.com\/noticias\/wp-json\/wp\/v2\/media?parent=10814"}],"wp:term":[{"taxonomy":"category","embeddable":true,"href":"https:\/\/www.enorsai.com\/noticias\/wp-json\/wp\/v2\/categories?post=10814"},{"taxonomy":"post_tag","embeddable":true,"href":"https:\/\/www.enorsai.com\/noticias\/wp-json\/wp\/v2\/tags?post=10814"}],"curies":[{"name":"wp","href":"https:\/\/api.w.org\/{rel}","templated":true}]}}