{"id":10790,"date":"2025-11-07T13:22:42","date_gmt":"2025-11-07T16:22:42","guid":{"rendered":"https:\/\/www.enorsai.com\/noticias\/?p=10790"},"modified":"2025-11-07T13:31:14","modified_gmt":"2025-11-07T16:31:14","slug":"insolito-olmedo-defiende-la-explotacion-laboral-mientras-acumula-denuncias-por-trabajo-esclavo","status":"publish","type":"post","link":"https:\/\/www.enorsai.com\/noticias\/politica\/insolito-olmedo-defiende-la-explotacion-laboral-mientras-acumula-denuncias-por-trabajo-esclavo\/","title":{"rendered":"\u00a1Ins\u00f3lito! Olmedo defiende la explotaci\u00f3n laboral mientras acumula denuncias por trabajo esclavo"},"content":{"rendered":"\n<p>El empresario y diputado Alfredo Olmedo volvi\u00f3 a ser tendencia tras declarar en televisi\u00f3n que \u201chay mozos que quieren trabajar 20 horas\u201d. Su frase, destinada a justificar la reforma laboral del gobierno de Javier Milei, reactiv\u00f3 la indignaci\u00f3n p\u00fablica por su historial de causas judiciales por trata y explotaci\u00f3n de trabajadores rurales.<br><br>El video, viralizado por la cuenta @ArrepentidosLLA, expuso la contradicci\u00f3n moral del oficialismo libertario: mientras promueven la \u201clibertad laboral\u201d, sus figuras emblem\u00e1ticas arrastran denuncias por esclavitud moderna. La historia de Olmedo, entre el discurso del sacrificio y las causas por servidumbre, muestra hasta qu\u00e9 punto el gobierno de Milei legitima la precarizaci\u00f3n extrema como valor moral y modelo econ\u00f3mico.<br><br>A veces, una frase basta para desnudar el coraz\u00f3n de un proyecto pol\u00edtico. Alfredo Olmedo, empresario agropecuario y legislador aliado de Javier Milei, lo hizo sin pudor en el programa \u201cLa Yapa\u201d, emitido el 6 de noviembre desde Salta. Con su habitual tono campechano, declar\u00f3: \u201cYo trabajo 14 horas y estoy impecable. Tengo un mozo en uno de mis restaurantes y a \u00e9l le encantar\u00eda trabajar 20 horas\u201d. Lo dijo para defender la reforma laboral del gobierno, que habilita jornadas de hasta 12 horas y deja abiertas excepciones \u201cpor convenio\u201d.<br><br>El fragmento, de apenas 56 segundos, se viraliz\u00f3 al instante. La cuenta @ArrepentidosLLA fue la primera en publicarlo el 7 de noviembre, y en pocas horas super\u00f3 las 50.000 vistas, 3.500 likes y 680 republicaciones. La indignaci\u00f3n fue inmediata. La iron\u00eda m\u00e1s repetida en redes resumi\u00f3 el sentir general: \u201cSi el mozo quiere trabajar 20 horas es porque le pag\u00e1s una miseria por 8\u201d. Otros usuarios fueron m\u00e1s duros: \u201cOlmedo hablando de libertad mientras tiene causas por esclavitud es como un violador defendiendo el consentimiento\u201d.<\/p>\n\n\n\n<figure class=\"wp-block-embed is-type-rich is-provider-twitter wp-block-embed-twitter\"><div class=\"wp-block-embed__wrapper\">\n<blockquote class=\"twitter-tweet\" data-width=\"550\" data-dnt=\"true\"><p lang=\"es\" dir=\"ltr\">&quot;Yo trabajo 14 horas y estoy impecable <br> Tengo un mozo en uno de mis restaurantes y a \u00e9l LE ENCANTAR\u00cdA trabajar 20 HORAS&quot;<br><br>Alfredo Olmedo diputado de La Libertad Avanza defendiendo la reforma laboral. Este tiene causas por esclavitud en sus fincas (no es joda) <a href=\"https:\/\/t.co\/BBWPfJqM0t\">pic.twitter.com\/BBWPfJqM0t<\/a><\/p>&mdash; Arrepentidos de Milei (@ArrepentidosLLA) <a href=\"https:\/\/twitter.com\/ArrepentidosLLA\/status\/1986801221982700017?ref_src=twsrc%5Etfw\">November 7, 2025<\/a><\/blockquote><script async src=\"https:\/\/platform.twitter.com\/widgets.js\" charset=\"utf-8\"><\/script>\n<\/div><\/figure>\n\n\n\n<p><br>Detr\u00e1s de la frase no hay s\u00f3lo cinismo o ignorancia: hay un patr\u00f3n. El discurso del sacrificio \u2014tan funcional al gobierno libertario\u2014 convierte la explotaci\u00f3n en m\u00e9rito y la desigualdad en destino natural. Lo que Milei y sus aliados llaman \u201clibertad laboral\u201d es, en la pr\u00e1ctica, el desmantelamiento de derechos conquistados durante un siglo de luchas obreras. Y en el caso de Olmedo, ese discurso se vuelve a\u00fan m\u00e1s obsceno cuando se recuerda su pasado judicial.<br><br>En 2011, la AFIP y el Ministerio de Trabajo clausuraron su finca \u201cAHO S.A.\u201d, en La Rioja. All\u00ed encontraron a 400 trabajadores, en su mayor\u00eda migrantes bolivianos, viviendo en condiciones que un informe oficial describi\u00f3 como \u201cinfrahumanas\u201d: carpas de nailon, un solo ba\u00f1o, comida en mal estado, sin agua potable y con menores trabajando. La causa fue caratulada como \u201ctrata de personas y reducci\u00f3n a la servidumbre\u201d, con penas de hasta 15 a\u00f1os. Olmedo neg\u00f3 todo, se present\u00f3 a declarar y habl\u00f3 de \u201cpersecuci\u00f3n pol\u00edtica\u201d.<br><br>Lejos de ser un episodio aislado, los informes sindicales y judiciales se repitieron. En 2019, UATRE denunci\u00f3 nuevas irregularidades: m\u00e1s de 30 peones en cinco fincas sin aguinaldo ni aportes jubilatorios, trabajando sin ropa adecuada y bajo amenazas de despido. \u201cNos tiene como esclavos\u201d, declar\u00f3 uno de ellos a la prensa. El mismo patr\u00f3n se repiti\u00f3 en 2025: en mayo, una nueva inspecci\u00f3n constat\u00f3 \u201ccondiciones laborales precarias e inhumanas\u201d en otra propiedad de la misma empresa.<br><br>Tres denuncias, tres d\u00e9cadas distintas, un mismo modelo. Olmedo siempre tuvo la misma defensa: culpar a las v\u00edctimas. Dijo que \u201ces el estilo cultural de esta gente\u201d o que \u201clos planes sociales los acostumbraron a no trabajar\u201d. Frases que revelan algo m\u00e1s profundo que un conflicto individual: un desprecio estructural por los trabajadores pobres, especialmente migrantes, que encaja perfectamente con la matriz ideol\u00f3gica del gobierno de Javier Milei.<br><br>En el universo libertario, la desigualdad no es un problema sino una prueba de m\u00e9rito. Por eso Olmedo puede proclamarse ejemplo de sacrificio mientras justifica jornadas de 14 o 20 horas. No importa que la OIT establezca l\u00edmites estrictos para prevenir la explotaci\u00f3n ni que la Constituci\u00f3n argentina reconozca el derecho al descanso. En su l\u00f3gica, el mercado es la \u00fanica ley, y quien no aguanta, sobra.<br><br>La \u201creforma laboral\u201d que el gobierno impulsa en ese mismo sentido busca flexibilizar los contratos, eliminar las indemnizaciones tradicionales y permitir turnos extendidos bajo la excusa de \u201cmodernizar la econom\u00eda\u201d. Pero detr\u00e1s del tecnicismo se esconde una transferencia brutal de poder desde los trabajadores hacia las patronales. Lo que se presenta como libertad es, en realidad, subordinaci\u00f3n absoluta: el trabajador como mercanc\u00eda descartable, el patr\u00f3n como amo leg\u00edtimo.<br><br>El caso de Olmedo condensa ese proyecto. Su figura \u2014a medio camino entre empresario medi\u00e1tico y pol\u00edtico de ultraderecha\u2014 simboliza la Argentina que Milei est\u00e1 construyendo: un pa\u00eds donde el \u00e9xito personal se mide en horas de trabajo sin descanso y la explotaci\u00f3n ajena se presenta como virtud moral. No es casual que haya sido recibido con simpat\u00eda en los c\u00edrculos libertarios. Su relato del \u201cyo me rompo el lomo\u201d encaja perfecto en la narrativa del gobierno que desprecia la organizaci\u00f3n sindical, demoniza el salario m\u00ednimo y celebra los despidos como eficiencia.<br><br>Sin embargo, la viralizaci\u00f3n del video no s\u00f3lo expuso su hipocres\u00eda individual. Puso en evidencia el coraz\u00f3n ideol\u00f3gico del proyecto mile\u00edsta: la idea de que el sufrimiento del trabajador es el precio de la \u201clibertad\u201d. Un modelo que romantiza la precariedad y naturaliza la desigualdad, como si el derecho al descanso o a un salario digno fueran lujos de otro siglo.<br><br>Hay algo profundamente perverso en que un dirigente con causas por servidumbre pretenda dar lecciones de \u00e9tica laboral. Pero m\u00e1s preocupante a\u00fan es que lo haga bajo el amparo de un gobierno que legitima esas ideas. Mientras la Argentina real sufre inflaci\u00f3n, hambre y desempleo, los libertarios discuten c\u00f3mo extender las jornadas laborales sin que eso suene a esclavitud. Y Olmedo, que en su momento fue acusado de tener a cientos de peones viviendo en carpas, se presenta como modelo de esfuerzo.<br><br>La viralizaci\u00f3n del clip fue inevitable: en tiempos donde cada declaraci\u00f3n p\u00fablica se mide en segundos de impacto, Olmedo volvi\u00f3 a ser la caricatura perfecta del \u201cempresario ejemplar\u201d que el mile\u00edsmo idolatra. Pero tambi\u00e9n, sin quererlo, revel\u00f3 la contradicci\u00f3n moral del oficialismo: predican libertad, pero practican sometimiento.<br><br>Las reacciones en redes lo confirmaron. Hasta cuentas simpatizantes del gobierno optaron por borrar o silenciar el video, conscientes del costo simb\u00f3lico. Porque no hay relato meritocr\u00e1tico capaz de justificar el cinismo de quien equipara trabajo con esclavitud voluntaria. Y si algo mostr\u00f3 este episodio es que, pese a la propaganda oficial, todav\u00eda existe sensibilidad social ante el abuso y la injusticia.<br><br>El caso Olmedo no es un desliz comunicacional, sino una radiograf\u00eda del poder actual: un gobierno que desregula, empresarios que celebran la desprotecci\u00f3n y medios que maquillan la crueldad bajo el nombre de eficiencia. La frase \u201chay mozos que quieren trabajar 20 horas\u201d no s\u00f3lo revela ignorancia; revela un modelo de pa\u00eds donde la dignidad laboral es una variable descartable.<br><br>En el fondo, no se trata s\u00f3lo de Olmedo. Se trata de un sistema que, desde el poder, pretende convencer a los argentinos de que el agotamiento es libertad, la servidumbre es vocaci\u00f3n y la pobreza es culpa individual. Y frente a esa maquinaria discursiva, la viralizaci\u00f3n del video se convierte en un peque\u00f1o acto de resistencia: una sociedad que, pese a todo, todav\u00eda reacciona ante la injusticia.<\/p>\n","protected":false},"excerpt":{"rendered":"<p>El empresario y diputado Alfredo Olmedo volvi\u00f3 a ser tendencia tras declarar en televisi\u00f3n que \u201chay mozos que quieren trabajar 20 horas\u201d. Su frase, destinada a justificar la reforma laboral del gobierno de Javier Milei, reactiv\u00f3 la indignaci\u00f3n p\u00fablica por su historial de causas judiciales por trata y explotaci\u00f3n de trabajadores rurales. El video, viralizado&#8230;<\/p>\n","protected":false},"author":11,"featured_media":10789,"comment_status":"open","ping_status":"open","sticky":false,"template":"","format":"standard","meta":{"_monsterinsights_skip_tracking":false,"_monsterinsights_sitenote_active":false,"_monsterinsights_sitenote_note":"","_monsterinsights_sitenote_category":0,"footnotes":"","jetpack_publicize_message":"","jetpack_publicize_feature_enabled":true,"jetpack_social_post_already_shared":true,"jetpack_social_options":{"image_generator_settings":{"template":"highway","default_image_id":0,"font":"","enabled":false},"version":2}},"categories":[2,4,3946],"tags":[1052,2919],"class_list":["post-10790","post","type-post","status-publish","format-standard","has-post-thumbnail","hentry","category-politica","category-sociedad","category-trabajo","tag-jujuy","tag-olmedo"],"jetpack_publicize_connections":[],"_links":{"self":[{"href":"https:\/\/www.enorsai.com\/noticias\/wp-json\/wp\/v2\/posts\/10790","targetHints":{"allow":["GET"]}}],"collection":[{"href":"https:\/\/www.enorsai.com\/noticias\/wp-json\/wp\/v2\/posts"}],"about":[{"href":"https:\/\/www.enorsai.com\/noticias\/wp-json\/wp\/v2\/types\/post"}],"author":[{"embeddable":true,"href":"https:\/\/www.enorsai.com\/noticias\/wp-json\/wp\/v2\/users\/11"}],"replies":[{"embeddable":true,"href":"https:\/\/www.enorsai.com\/noticias\/wp-json\/wp\/v2\/comments?post=10790"}],"version-history":[{"count":1,"href":"https:\/\/www.enorsai.com\/noticias\/wp-json\/wp\/v2\/posts\/10790\/revisions"}],"predecessor-version":[{"id":10791,"href":"https:\/\/www.enorsai.com\/noticias\/wp-json\/wp\/v2\/posts\/10790\/revisions\/10791"}],"wp:featuredmedia":[{"embeddable":true,"href":"https:\/\/www.enorsai.com\/noticias\/wp-json\/wp\/v2\/media\/10789"}],"wp:attachment":[{"href":"https:\/\/www.enorsai.com\/noticias\/wp-json\/wp\/v2\/media?parent=10790"}],"wp:term":[{"taxonomy":"category","embeddable":true,"href":"https:\/\/www.enorsai.com\/noticias\/wp-json\/wp\/v2\/categories?post=10790"},{"taxonomy":"post_tag","embeddable":true,"href":"https:\/\/www.enorsai.com\/noticias\/wp-json\/wp\/v2\/tags?post=10790"}],"curies":[{"name":"wp","href":"https:\/\/api.w.org\/{rel}","templated":true}]}}