{"id":10781,"date":"2025-11-07T09:30:48","date_gmt":"2025-11-07T12:30:48","guid":{"rendered":"https:\/\/www.enorsai.com\/noticias\/?p=10781"},"modified":"2025-11-07T09:31:28","modified_gmt":"2025-11-07T12:31:28","slug":"el-peronismo-me-permitio-tener-15-dias-mas-vivo-a-mi-papa-mientras-que-milei-me-bloqueo","status":"publish","type":"post","link":"https:\/\/www.enorsai.com\/noticias\/politica\/el-peronismo-me-permitio-tener-15-dias-mas-vivo-a-mi-papa-mientras-que-milei-me-bloqueo\/","title":{"rendered":"\u00abEl peronismo me permiti\u00f3 tener 15 d\u00edas m\u00e1s vivo a mi pap\u00e1\u00bb mientras que Milei \u00abme bloqueo\u00bb"},"content":{"rendered":"\n<p><strong><em>Un testimonio viral de un ex militante libertario expone la distancia moral entre la pr\u00e9dica de Javier Milei y la pr\u00e1ctica de un gobierno que desprecia la empat\u00eda. La historia de un hijo desesperado que recibi\u00f3 ayuda del exministro Daniel Gollan, mientras el entonces candidato libertario lo bloqueaba con insultos, encendi\u00f3 un debate que atraviesa la grieta y pone en evidencia el costado m\u00e1s oscuro del discurso libertario.<\/em><\/strong><\/p>\n\n\n\n<p>El video de un joven que afirma haber sido militante de La Libertad Avanza y amigo personal de Milei se convirti\u00f3 en s\u00edmbolo de un dilema \u00e9tico: \u00bfqu\u00e9 clase de liderazgo construye poder sobre la negaci\u00f3n del otro? En apenas minuto y medio, el relato expone la fractura entre la ideolog\u00eda del \u201cs\u00e1lvese quien pueda\u201d y la tradici\u00f3n solidaria del peronismo.<\/p>\n\n\n\n<p>En la Argentina actual, donde las redes sociales reemplazan a menudo los tribunales de la \u00e9tica p\u00fablica, un video de apenas 89 segundos se convirti\u00f3 en un espejo inc\u00f3modo para el presidente Javier Milei y su entorno. Lo que empez\u00f3 como una confesi\u00f3n personal, grabada por un joven identificado como <strong>Juan Cruz Miozzi<\/strong>, ex militante libertario bonaerense, termin\u00f3 desatando una ola de indignaci\u00f3n que volvi\u00f3 a poner sobre la mesa un debate esencial: la empat\u00eda como valor pol\u00edtico.<\/p>\n\n\n\n<p>El video, publicado originalmente el <strong>5 de noviembre de 2025<\/strong> por la usuaria <strong>@MDKporsiempre<\/strong> en X (ex Twitter) y amplificado dos d\u00edas despu\u00e9s por la cuenta <strong>@El_Prensero<\/strong>, muestra a un joven de rostro cansado, pero con la serenidad de quien ya no teme decir la verdad. En su relato, explica que conoci\u00f3 a Milei \u201cantes de que fuera candidato\u201d y que trabaj\u00f3 en el armado de <strong>La Libertad Avanza<\/strong> en la provincia de Buenos Aires. En ese contexto, cuenta un episodio que lo marc\u00f3 para siempre: su padre, enfermo de c\u00e1ncer terminal, necesitaba atenci\u00f3n m\u00e9dica urgente y no encontraba cama en ning\u00fan hospital. Desesperado, recurri\u00f3 a quien cre\u00eda su amigo. El mensaje fue directo, casi suplicante. La respuesta, brutal: \u201c<strong>No me corresponde, la concha de tu madre<\/strong>\u201d. Luego, el bloqueo.<\/p>\n\n\n\n<p>Esa frase, en su crudeza, condens\u00f3 el esp\u00edritu de una pol\u00edtica que transforma la indiferencia en virtud. Milei, a\u00fan candidato, eligi\u00f3 cortar el v\u00ednculo antes que escuchar. En contraposici\u00f3n, el joven relata que fue el exministro de Salud <strong>Daniel Gollan<\/strong> quien intervino y, en menos de 24 horas, consigui\u00f3 una cama en el <strong>Hospital El Cruce de Florencio Varela<\/strong>. \u201c<strong>El peronismo me permiti\u00f3 tener 15 d\u00edas m\u00e1s vivo a mi pap\u00e1<\/strong>\u201d, concluye, con la voz quebrada pero firme.<\/p>\n\n\n\n<p>Esa \u00faltima oraci\u00f3n, m\u00e1s que una confesi\u00f3n, suena a veredicto. No fue un militante kirchnerista quien habl\u00f3, sino alguien que hasta hace poco cre\u00eda en el proyecto libertario. Su testimonio, difundido por miles de usuarios \u2014con m\u00e1s de <strong>300.000 visualizaciones<\/strong>, <strong>5.600 likes<\/strong> y <strong>1.600 reposts<\/strong> en X\u2014, alcanz\u00f3 r\u00e1pidamente otras plataformas como <strong>TikTok<\/strong>, donde los algoritmos amplificaron el impacto emocional de la historia.<\/p>\n\n\n\n<figure class=\"wp-block-embed is-provider-twitter wp-block-embed-twitter\"><div class=\"wp-block-embed__wrapper\">\nhttps:\/\/twitter.com\/i\/lists\/1974432638304694650\n<\/div><\/figure>\n\n\n\n<p>Lo que sigui\u00f3 fue un fen\u00f3meno t\u00edpico de la pol\u00edtica en tiempos digitales: el silencio oficial. Ni Milei, ni la Casa Rosada, ni ning\u00fan vocero libertario de primera l\u00ednea emiti\u00f3 una palabra. Tampoco se present\u00f3 un desmentido ni se exhibieron capturas que contradijeran el relato. La maquinaria comunicacional libertaria, tan r\u00e1pida para desmentir a opositores o atacar periodistas, opt\u00f3 por el mutismo. Ese silencio, parad\u00f3jicamente, habl\u00f3 m\u00e1s que cualquier comunicado.<\/p>\n\n\n\n<p>En el universo opositor, la repercusi\u00f3n fue inmediata. Cuentas como <strong>@RPN_Oficial<\/strong> o <strong>@GuarraChina<\/strong> difundieron el video con miles de interacciones, acompa\u00f1adas del hashtag <strong>#VivaPer\u00f3n<\/strong>, que se volvi\u00f3 tendencia. La narrativa se impuso con rapidez: de un lado, el candidato que insulta y bloquea; del otro, un exministro que gestiona y salva vidas. La historia encaj\u00f3 perfectamente en el contraste que define hoy la pol\u00edtica argentina: la <strong>humanidad del peronismo<\/strong> frente al <strong>individualismo feroz del mile\u00edsmo<\/strong>.<\/p>\n\n\n\n<p>M\u00e1s all\u00e1 de las pasiones partidarias, el episodio funciona como radiograf\u00eda de un modelo de poder que deshumaniza. El libertarismo, al convertir la meritocracia en dogma y el ego\u00edsmo en virtud, destruye la noci\u00f3n de comunidad. No se trata solo de un exabrupto verbal: es una pr\u00e1ctica sistem\u00e1tica que se replica en pol\u00edticas p\u00fablicas. Cuando Milei desfinancia hospitales, despide cient\u00edficos o cierra programas sociales, lo que hace es institucionalizar el mismo gesto que tuvo con aquel joven: mirar hacia otro lado ante el sufrimiento ajeno.<\/p>\n\n\n\n<p>Esa indiferencia no es un accidente, sino una <strong>doctrina pol\u00edtica<\/strong>. En el discurso libertario, pedir ayuda al Estado es un acto de debilidad. Por eso, cuando el joven apel\u00f3 a Milei en busca de asistencia, recibi\u00f3 una respuesta coherente con esa l\u00f3gica: la negaci\u00f3n absoluta de responsabilidad. En ese modelo, el Estado no es garante de derechos sino obst\u00e1culo para el mercado; la solidaridad se considera un lujo improductivo y la empat\u00eda, una p\u00e9rdida de tiempo. En cambio, el gesto de Gollan \u2014un m\u00e9dico formado en el sistema p\u00fablico\u2014 rescat\u00f3 la idea de que el Estado existe precisamente para atender lo que el mercado desecha: la vida de los que no pueden pagar.<\/p>\n\n\n\n<p>La potencia viral del video radica en ese contraste. En apenas un minuto y medio, el testimonio desnuda una grieta que no es solo pol\u00edtica sino moral. Mientras Milei predica que \u201cel Estado es una organizaci\u00f3n criminal\u201d y celebra el \u201cs\u00e1lvese quien pueda\u201d como f\u00f3rmula de libertad, un exfuncionario peronista demuestra que la gesti\u00f3n p\u00fablica tambi\u00e9n puede ser un acto de humanidad. La emoci\u00f3n del relato funciona como ant\u00eddoto contra la deshumanizaci\u00f3n discursiva: recuerda que detr\u00e1s de cada estad\u00edstica hay personas concretas.<\/p>\n\n\n\n<p>El caso tambi\u00e9n expone la fragilidad del relato libertario en las redes. Durante a\u00f1os, Milei supo construir su liderazgo en ese territorio digital, donde la indignaci\u00f3n se traduce en poder y los likes reemplazan a la empat\u00eda. Sin embargo, en este episodio, ese mismo ecosistema se volvi\u00f3 en su contra. El algoritmo, siempre impredecible, amplific\u00f3 una historia que ning\u00fan community manager pudo controlar. Y cuando la pol\u00edtica se mide en t\u00e9rminos de viralidad, el silencio se paga caro.<\/p>\n\n\n\n<p>Algunos usuarios libertarios intentaron defenderlo. Una cuenta af\u00edn, <strong>@GuarraChina<\/strong>, justific\u00f3 la actitud del presidente diciendo que \u201cno correspond\u00eda\u201d ayudar, porque a\u00fan no era funcionario. Pero esa excusa, lejos de aliviar, profundiz\u00f3 el dilema: \u00bfacaso la compasi\u00f3n necesita cargo p\u00fablico? \u00bfDesde cu\u00e1ndo la humanidad depende de un decreto? Esa defensa termin\u00f3 reforzando la imagen que m\u00e1s da\u00f1o causa al oficialismo: la de un l\u00edder que desprecia la sensibilidad como si fuera una debilidad.<\/p>\n\n\n\n<p>El testimonio de Juan Cruz, que a\u00fan no fue desmentido ni por Milei ni por su entorno, puso en evidencia algo m\u00e1s profundo: el desencanto de muchos j\u00f3venes que creyeron en el proyecto libertario y hoy se sienten traicionados. Ellos no esperaban cargos ni privilegios, sino coherencia moral. Y al no encontrarla, est\u00e1n empezando a hablar. Este episodio podr\u00eda ser apenas el primero de una serie de relatos que desmonten desde adentro el mito del libertarismo como revoluci\u00f3n moral.<\/p>\n\n\n\n<p>El contraste con el peronismo, lejos de ser casual, es estructural. Mientras la doctrina justicialista concibe la justicia social como principio organizador, Milei la considera una aberraci\u00f3n. Pero la historia argentina demuestra, una y otra vez, que cuando el Estado se retira, el dolor se multiplica. El caso de Juan Cruz y su padre no es una an\u00e9cdota aislada: es la s\u00edntesis de un pa\u00eds que decide entre dos modelos, uno que mira al otro con empat\u00eda y otro que lo insulta por pedir ayuda.<\/p>\n\n\n\n<p>En un momento en que los indicadores sociales se desploman, los salarios se lic\u00faan y los hospitales colapsan por falta de presupuesto, la historia de ese joven irrumpe como un grito de sentido com\u00fan. No hay mercado capaz de reemplazar un gesto humano. No hay privatizaci\u00f3n que devuelva los d\u00edas perdidos. Y no hay algoritmo que oculte lo que la gente ya percibe: que el gobierno libertario confunde crueldad con firmeza y desd\u00e9n con liderazgo.<\/p>\n\n\n\n<p>El silencio de Milei ante este testimonio no solo confirma la verosimilitud del relato, sino tambi\u00e9n su propia incapacidad para procesar la empat\u00eda como herramienta pol\u00edtica. En la Argentina del 2025, donde la pobreza supera el 55% y los hospitales p\u00fablicos sobreviven gracias al sacrificio de sus trabajadores, el video de Juan Cruz Miozzi se vuelve una met\u00e1fora dolorosa pero real: el presidente que bloquea pedidos de ayuda mientras miles de familias son bloqueadas por el ajuste.<\/p>\n\n\n\n<p>No se trata de un esc\u00e1ndalo pasajero, sino de una se\u00f1al de \u00e9poca. Cuando un exmilitante libertario termina agradeciendo al peronismo por haberle dado 15 d\u00edas m\u00e1s con su padre, algo profundo se mueve en la conciencia colectiva. La pol\u00edtica, al final, no se mide por la cantidad de followers ni por el valor del d\u00f3lar blue, sino por la capacidad de acompa\u00f1ar al otro en su dolor. Y ah\u00ed, Milei, el autoproclamado \u201cLe\u00f3n\u201d, queda desnudo ante su propia bestia: la falta de humanidad.<\/p>\n\n\n\n<p><\/p>\n","protected":false},"excerpt":{"rendered":"<p>Un testimonio viral de un ex militante libertario expone la distancia moral entre la pr\u00e9dica de Javier Milei y la pr\u00e1ctica de un gobierno que desprecia la empat\u00eda. La historia de un hijo desesperado que recibi\u00f3 ayuda del exministro Daniel Gollan, mientras el entonces candidato libertario lo bloqueaba con insultos, encendi\u00f3 un debate que atraviesa&#8230;<\/p>\n","protected":false},"author":1,"featured_media":10782,"comment_status":"open","ping_status":"open","sticky":false,"template":"","format":"standard","meta":{"_monsterinsights_skip_tracking":false,"_monsterinsights_sitenote_active":false,"_monsterinsights_sitenote_note":"","_monsterinsights_sitenote_category":0,"footnotes":"","jetpack_publicize_message":"","jetpack_publicize_feature_enabled":true,"jetpack_social_post_already_shared":true,"jetpack_social_options":{"image_generator_settings":{"template":"highway","default_image_id":0,"font":"","enabled":false},"version":2}},"categories":[2],"tags":[4053],"class_list":["post-10781","post","type-post","status-publish","format-standard","has-post-thumbnail","hentry","category-politica","tag-daniel-gollan"],"jetpack_publicize_connections":[],"_links":{"self":[{"href":"https:\/\/www.enorsai.com\/noticias\/wp-json\/wp\/v2\/posts\/10781","targetHints":{"allow":["GET"]}}],"collection":[{"href":"https:\/\/www.enorsai.com\/noticias\/wp-json\/wp\/v2\/posts"}],"about":[{"href":"https:\/\/www.enorsai.com\/noticias\/wp-json\/wp\/v2\/types\/post"}],"author":[{"embeddable":true,"href":"https:\/\/www.enorsai.com\/noticias\/wp-json\/wp\/v2\/users\/1"}],"replies":[{"embeddable":true,"href":"https:\/\/www.enorsai.com\/noticias\/wp-json\/wp\/v2\/comments?post=10781"}],"version-history":[{"count":1,"href":"https:\/\/www.enorsai.com\/noticias\/wp-json\/wp\/v2\/posts\/10781\/revisions"}],"predecessor-version":[{"id":10783,"href":"https:\/\/www.enorsai.com\/noticias\/wp-json\/wp\/v2\/posts\/10781\/revisions\/10783"}],"wp:featuredmedia":[{"embeddable":true,"href":"https:\/\/www.enorsai.com\/noticias\/wp-json\/wp\/v2\/media\/10782"}],"wp:attachment":[{"href":"https:\/\/www.enorsai.com\/noticias\/wp-json\/wp\/v2\/media?parent=10781"}],"wp:term":[{"taxonomy":"category","embeddable":true,"href":"https:\/\/www.enorsai.com\/noticias\/wp-json\/wp\/v2\/categories?post=10781"},{"taxonomy":"post_tag","embeddable":true,"href":"https:\/\/www.enorsai.com\/noticias\/wp-json\/wp\/v2\/tags?post=10781"}],"curies":[{"name":"wp","href":"https:\/\/api.w.org\/{rel}","templated":true}]}}