{"id":10772,"date":"2025-11-07T06:14:39","date_gmt":"2025-11-07T09:14:39","guid":{"rendered":"https:\/\/www.enorsai.com\/noticias\/?p=10772"},"modified":"2025-11-07T06:14:46","modified_gmt":"2025-11-07T09:14:46","slug":"la-fabrica-de-tierra-del-fuego-que-despidio-a-150-trabajadores-un-mes-despues-de-recibir-a-milei","status":"publish","type":"post","link":"https:\/\/www.enorsai.com\/noticias\/economia\/la-fabrica-de-tierra-del-fuego-que-despidio-a-150-trabajadores-un-mes-despues-de-recibir-a-milei\/","title":{"rendered":"La f\u00e1brica de Tierra del Fuego que despidi\u00f3 a 150 trabajadores un mes despu\u00e9s de recibir a Milei"},"content":{"rendered":"\n<h3 class=\"wp-block-heading\">En septiembre, el Presidente hab\u00eda visitado la planta de Newsan y hab\u00eda elogiado su modelo productivo. Un poco m\u00e1s de un mes despu\u00e9s, la empresa envi\u00f3 telegramas de despidos de forma masiva<\/h3>\n\n\n\n<p>La empresa&nbsp;<strong>Newsan<\/strong>, una de las principales f\u00e1bricas electr\u00f3nicas de Tierra del Fuego,&nbsp;<strong>despidi\u00f3 a 150 trabajadores en su planta de Ushuaia<\/strong>, de un d\u00eda para el otro y sin previo aviso.&nbsp;<strong>En septiembre, la misma compa\u00f1\u00eda recib\u00eda al presidente Javier Milei y elogiaba su gesti\u00f3n.&nbsp;<\/strong><\/p>\n\n\n\n<p>Sin embargo,&nbsp;<strong>la apertura de importaciones, la quita de beneficios fiscales al r\u00e9gimen de promoci\u00f3n industrial que beneficiaba a Tierra del Fuego y el recorte de fondos nacionales<\/strong>&nbsp;hicieron que poco m\u00e1s de un mes despu\u00e9s de la visita del libertario, la planta comenzara a despedir a su personal.&nbsp;<\/p>\n\n\n\n<figure class=\"wp-block-image\"><a href=\"https:\/\/motoreconomico.com.ar\/wp-content\/uploads\/2025\/11\/image-14.png\"><img decoding=\"async\" src=\"https:\/\/motoreconomico.com.ar\/wp-content\/uploads\/2025\/11\/image-14-1024x682.png\" alt=\"\" class=\"wp-image-43707\"\/><\/a><\/figure>\n\n\n\n<p>En plena campa\u00f1a electoral, Milei se mostraba junto a decenas de operarios de la empresa y hablaba de \u201crespaldar al sector productivo\u201d.<\/p>\n\n\n\n<p>En esa oportunidad, el fundador del grupo Newsan, Rub\u00e9n Cher\u00f1ajovsky, y el CEO de la firma, Luis Galli, recib\u00edan con suma alegr\u00eda al jefe de Estado y se refer\u00edan una \u201cnueva etapa del pa\u00eds productivo\u201d.&nbsp;<\/p>\n\n\n\n<p>Apenas unas semanas despu\u00e9s,&nbsp;<strong>la compa\u00f1\u00eda viol\u00f3 el acuerdo de estabilidad laboral que rige en la provincia fuegina&nbsp;<\/strong>y despidi\u00f3 a 150 trabajadores.&nbsp;<\/p>\n\n\n\n<p>Con esta decisi\u00f3n, la industria electr\u00f3nica nacional recibe un nuevo y fuerte golpe. Es que Newsan produce componentes, fabrica y ensambla productos de marcas como Noblex, Philco, Philips, Motorola, ATMA, Siam, entre otras.&nbsp;<\/p>\n\n\n\n<p>Sin embargo, las pol\u00edticas econ\u00f3micas impulsadas por el Gobierno nacional provocaron una fuerte crisis y profunda incertidumbre en el sector.<\/p>\n\n\n\n<p>Fuentes gremiales advirtieron que la situaci\u00f3n en Newsan \u201ces insostenible\u201d y&nbsp;<strong>no descartaron que la empresa defina nuevos despidos durante los pr\u00f3ximos d\u00edas. &nbsp;<\/strong><\/p>\n\n\n\n<p>Los empleados denunciaron que los telegramas se emitieron sin causa, y que algunos casos incluso fueron notificados mientras se encontraban de vacaciones o con licencia m\u00e9dica.&nbsp;<\/p>\n\n\n\n<p>Frente a esta situaci\u00f3n, los trabajadores eval\u00faan por estas horas iniciar acciones legales y realizar medidas de protesta para exigir su reincorporaci\u00f3n.&nbsp;<\/p>\n","protected":false},"excerpt":{"rendered":"<p>En septiembre, el Presidente hab\u00eda visitado la planta de Newsan y hab\u00eda elogiado su modelo productivo. Un poco m\u00e1s de un mes despu\u00e9s, la empresa envi\u00f3 telegramas de despidos de forma masiva La empresa&nbsp;Newsan, una de las principales f\u00e1bricas electr\u00f3nicas de Tierra del Fuego,&nbsp;despidi\u00f3 a 150 trabajadores en su planta de Ushuaia, de un d\u00eda&#8230;<\/p>\n","protected":false},"author":1,"featured_media":10773,"comment_status":"open","ping_status":"open","sticky":false,"template":"","format":"standard","meta":{"_monsterinsights_skip_tracking":false,"_monsterinsights_sitenote_active":false,"_monsterinsights_sitenote_note":"","_monsterinsights_sitenote_category":0,"footnotes":"","jetpack_publicize_message":"","jetpack_publicize_feature_enabled":true,"jetpack_social_post_already_shared":true,"jetpack_social_options":{"image_generator_settings":{"template":"highway","default_image_id":0,"font":"","enabled":false},"version":2}},"categories":[3],"tags":[106,4049,476],"class_list":["post-10772","post","type-post","status-publish","format-standard","has-post-thumbnail","hentry","category-economia","tag-javier-milei","tag-newsan","tag-tierra-del-fuego"],"jetpack_publicize_connections":[],"_links":{"self":[{"href":"https:\/\/www.enorsai.com\/noticias\/wp-json\/wp\/v2\/posts\/10772","targetHints":{"allow":["GET"]}}],"collection":[{"href":"https:\/\/www.enorsai.com\/noticias\/wp-json\/wp\/v2\/posts"}],"about":[{"href":"https:\/\/www.enorsai.com\/noticias\/wp-json\/wp\/v2\/types\/post"}],"author":[{"embeddable":true,"href":"https:\/\/www.enorsai.com\/noticias\/wp-json\/wp\/v2\/users\/1"}],"replies":[{"embeddable":true,"href":"https:\/\/www.enorsai.com\/noticias\/wp-json\/wp\/v2\/comments?post=10772"}],"version-history":[{"count":1,"href":"https:\/\/www.enorsai.com\/noticias\/wp-json\/wp\/v2\/posts\/10772\/revisions"}],"predecessor-version":[{"id":10774,"href":"https:\/\/www.enorsai.com\/noticias\/wp-json\/wp\/v2\/posts\/10772\/revisions\/10774"}],"wp:featuredmedia":[{"embeddable":true,"href":"https:\/\/www.enorsai.com\/noticias\/wp-json\/wp\/v2\/media\/10773"}],"wp:attachment":[{"href":"https:\/\/www.enorsai.com\/noticias\/wp-json\/wp\/v2\/media?parent=10772"}],"wp:term":[{"taxonomy":"category","embeddable":true,"href":"https:\/\/www.enorsai.com\/noticias\/wp-json\/wp\/v2\/categories?post=10772"},{"taxonomy":"post_tag","embeddable":true,"href":"https:\/\/www.enorsai.com\/noticias\/wp-json\/wp\/v2\/tags?post=10772"}],"curies":[{"name":"wp","href":"https:\/\/api.w.org\/{rel}","templated":true}]}}