{"id":10738,"date":"2025-11-06T10:22:32","date_gmt":"2025-11-06T13:22:32","guid":{"rendered":"https:\/\/www.enorsai.com\/noticias\/?p=10738"},"modified":"2025-11-06T10:22:48","modified_gmt":"2025-11-06T13:22:48","slug":"la-nueva-cgt-desafia-al-gobierno-reforma-laboral","status":"publish","type":"post","link":"https:\/\/www.enorsai.com\/noticias\/politica\/la-nueva-cgt-desafia-al-gobierno-reforma-laboral\/","title":{"rendered":"La nueva CGT desaf\u00eda al Gobierno: \u201cNo vamos a aceptar ninguna reforma laboral regresiva\u201d"},"content":{"rendered":"\n<p><strong>Cristian Jer\u00f3nimo<\/strong>, flamante cosecretario general de la <strong>CGT<\/strong>, marc\u00f3 el tono del nuevo ciclo sindical con una advertencia directa al Gobierno de <strong>Javier Milei<\/strong>: \u201cNo vamos a aceptar ninguna reforma laboral regresiva\u201d. En di\u00e1logo con <em>El Destape<\/em>, anticip\u00f3 que la central obrera no tolerar\u00e1 la p\u00e9rdida de derechos y denunci\u00f3 que el actual modelo econ\u00f3mico \u201csolo beneficia a la especulaci\u00f3n financiera\u201d.<\/p>\n\n\n\n<h2 class=\"wp-block-heading\">\u201cSi quieren modernizar, que sea con m\u00e1s derechos\u201d<\/h2>\n\n\n\n<p>Jer\u00f3nimo, dirigente del <strong>Sindicato del Vidrio<\/strong>, fue contundente: \u201cNosotros no vamos a aceptar ninguna reforma que implique quita de derechos adquiridos. Si quieren hablar de modernizaci\u00f3n laboral, hablemos de eso, pero con m\u00e1s derechos, no con menos\u201d.<\/p>\n\n\n\n<p>El sindicalista destac\u00f3 que mientras en el mundo se discute la reducci\u00f3n de la jornada laboral a seis horas, el Gobierno argentino pretende duplicarla a doce. \u201cEso muestra hacia d\u00f3nde apuntan: a precarizar, no a modernizar\u201d, sostuvo.<\/p>\n\n\n\n<h2 class=\"wp-block-heading\">Desconfianza hacia el Gobierno<\/h2>\n\n\n\n<p>En relaci\u00f3n con la senadora <strong>Carolina Losada<\/strong>, que mencion\u00f3 contactos con <strong>Gerardo Mart\u00ednez<\/strong> para negociar la reforma, Jer\u00f3nimo aclar\u00f3: \u201cGerardo participa del Consejo de Mayo porque lo defini\u00f3 el Consejo Directivo, pero no acompa\u00f1a ninguna propuesta del Gobierno. Adem\u00e1s, el Ejecutivo no present\u00f3 nada concreto: solo trascendidos medi\u00e1ticos\u201d.<\/p>\n\n\n\n<p>El cosecretario general insisti\u00f3 en que cualquier adecuaci\u00f3n debe darse dentro de los <strong>convenios colectivos de trabajo<\/strong>: \u201cCada gremio conoce su realidad. El Gobierno quiere imponer un proceso regresivo, y eso es inaceptable\u201d.<\/p>\n\n\n\n<h2 class=\"wp-block-heading\">\u201cEn Argentina solo se beneficia la especulaci\u00f3n financiera\u201d<\/h2>\n\n\n\n<p>Jer\u00f3nimo tambi\u00e9n cuestion\u00f3 el modelo econ\u00f3mico de Milei. \u201cEn Argentina no se prioriza la industria ni los procesos productivos, se prioriza la especulaci\u00f3n financiera. Entonces, \u00bfqu\u00e9 sentido tiene negociar si las pol\u00edticas van contra los trabajadores?\u201d, afirm\u00f3.<\/p>\n\n\n\n<p>El sindicalista alert\u00f3 que la CGT defender\u00e1 la producci\u00f3n nacional y el empleo frente al avance de los intereses financieros. \u201cEl pa\u00eds no puede ser un casino donde unos pocos especulan y millones pierden su trabajo\u201d, expres\u00f3.<\/p>\n\n\n\n<h2 class=\"wp-block-heading\">Medidas de fuerza y unidad sindical<\/h2>\n\n\n\n<p>Consultado sobre eventuales <strong>paros o movilizaciones<\/strong>, Jer\u00f3nimo explic\u00f3: \u201cVamos a agotar todas las instancias, pero la herramienta est\u00e1. No descartamos ninguna medida de fuerza\u201d.<\/p>\n\n\n\n<p>Junto a <strong>Jorge Sola<\/strong> (Seguros) y <strong>Octavio Arg\u00fcello<\/strong> (Camioneros), Jer\u00f3nimo integra la nueva conducci\u00f3n de la central obrera. \u201cLa postura es clara: ni un paso atr\u00e1s. Si el Gobierno quiere di\u00e1logo, iremos, pero con nuestras convicciones firmes\u201d, advirti\u00f3.<\/p>\n\n\n\n<h2 class=\"wp-block-heading\">Paritarias, salarios y libertad sindical<\/h2>\n\n\n\n<p>El cosecretario general critic\u00f3 el freno a las paritarias y la falta de homologaci\u00f3n de acuerdos. \u201cNo estamos de acuerdo con que le pongan un cepo al salario. Tanto que hablan de libertad, que dejen discutir a empresarios y trabajadores sin interferencias del Estado\u201d, reclam\u00f3.<\/p>\n\n\n\n<p>Adem\u00e1s, anticip\u00f3 la posibilidad de reunirse con el ministro de Trabajo, <strong>Omar Yasin Cordero<\/strong>, para exigir la actualizaci\u00f3n salarial. \u201cSi es en beneficio de los trabajadores, lo vamos a hacer. No hay margen para especulaciones, hay que accionar\u201d, sostuvo.<\/p>\n\n\n\n<h2 class=\"wp-block-heading\">El rol de las mujeres en la CGT<\/h2>\n\n\n\n<p>Sobre la falta de mujeres en los cargos m\u00e1s altos, Jer\u00f3nimo respondi\u00f3: \u201cCada secretar\u00eda tiene una cotitular mujer. Las compa\u00f1eras ganaron protagonismo y hoy tienen roles activos. Ojal\u00e1 pronto ocupen espacios m\u00e1s importantes\u201d.<\/p>\n\n\n\n<h2 class=\"wp-block-heading\">\u201cNo habr\u00e1 reforma laboral sin conflicto\u201d<\/h2>\n\n\n\n<p>El mensaje de la nueva CGT al Gobierno es inequ\u00edvoco: no habr\u00e1 reforma laboral sin resistencia sindical. \u201cSi el Gobierno quiere imponer un avasallamiento, el movimiento obrero sabr\u00e1 c\u00f3mo responder\u201d, cerr\u00f3 Jer\u00f3nimo.<\/p>\n\n\n\n<p>Mientras tanto, el oficialismo insiste con su proyecto de \u201cmodernizaci\u00f3n\u201d laboral dentro de la <a href=\"https:\/\/www.enorsai.com\/noticias\/2024\/ley-bases.html\" target=\"_blank\" rel=\"noreferrer noopener\">Ley Bases<\/a>, una avanzada que promete tensar nuevamente la relaci\u00f3n con el sindicalismo.<\/p>\n\n\n\n<p>La <a href=\"https:\/\/www.enorsai.com.ar\" target=\"_blank\" rel=\"noreferrer noopener\"><strong>CGT<\/strong><\/a> se prepara para enfrentar el modelo de ajuste y especulaci\u00f3n financiera de Milei. Con respaldo gremial e industrial, la nueva conducci\u00f3n sindical vuelve a posicionarse como principal fuerza de oposici\u00f3n social en Argentina.<\/p>\n\n\n\n<hr class=\"wp-block-separator has-alpha-channel-opacity\"\/>\n\n\n\n<p>Publicado originalmente en <a href=\"https:\/\/www.enorsai.com.ar\" target=\"_blank\" rel=\"noreferrer noopener\"><strong>EnOrsai.com.ar<\/strong><\/a> \u2013 periodismo cr\u00edtico, independiente y federal.<\/p>\n","protected":false},"excerpt":{"rendered":"<p>Cristian Jer\u00f3nimo, flamante cosecretario general de la CGT, marc\u00f3 el tono del nuevo ciclo sindical con una advertencia directa al Gobierno de Javier Milei: \u201cNo vamos a aceptar ninguna reforma laboral regresiva\u201d. En di\u00e1logo con El Destape, anticip\u00f3 que la central obrera no tolerar\u00e1 la p\u00e9rdida de derechos y denunci\u00f3 que el actual modelo econ\u00f3mico&#8230;<\/p>\n","protected":false},"author":5,"featured_media":10741,"comment_status":"open","ping_status":"open","sticky":false,"template":"","format":"standard","meta":{"_monsterinsights_skip_tracking":false,"_monsterinsights_sitenote_active":false,"_monsterinsights_sitenote_note":"","_monsterinsights_sitenote_category":0,"footnotes":"","jetpack_publicize_message":"","jetpack_publicize_feature_enabled":true,"jetpack_social_post_already_shared":true,"jetpack_social_options":{"image_generator_settings":{"template":"highway","default_image_id":0,"font":"","enabled":false},"version":2}},"categories":[3,2],"tags":[4014,41,106,4013,3966,4012],"class_list":["post-10738","post","type-post","status-publish","format-standard","has-post-thumbnail","hentry","category-economia","category-politica","tag-cristian-jeronimo","tag-especulacion-financiera","tag-javier-milei","tag-nueva-cgt","tag-reforma-laboral","tag-sindicatos-argentinos"],"jetpack_publicize_connections":[],"_links":{"self":[{"href":"https:\/\/www.enorsai.com\/noticias\/wp-json\/wp\/v2\/posts\/10738","targetHints":{"allow":["GET"]}}],"collection":[{"href":"https:\/\/www.enorsai.com\/noticias\/wp-json\/wp\/v2\/posts"}],"about":[{"href":"https:\/\/www.enorsai.com\/noticias\/wp-json\/wp\/v2\/types\/post"}],"author":[{"embeddable":true,"href":"https:\/\/www.enorsai.com\/noticias\/wp-json\/wp\/v2\/users\/5"}],"replies":[{"embeddable":true,"href":"https:\/\/www.enorsai.com\/noticias\/wp-json\/wp\/v2\/comments?post=10738"}],"version-history":[{"count":1,"href":"https:\/\/www.enorsai.com\/noticias\/wp-json\/wp\/v2\/posts\/10738\/revisions"}],"predecessor-version":[{"id":10742,"href":"https:\/\/www.enorsai.com\/noticias\/wp-json\/wp\/v2\/posts\/10738\/revisions\/10742"}],"wp:featuredmedia":[{"embeddable":true,"href":"https:\/\/www.enorsai.com\/noticias\/wp-json\/wp\/v2\/media\/10741"}],"wp:attachment":[{"href":"https:\/\/www.enorsai.com\/noticias\/wp-json\/wp\/v2\/media?parent=10738"}],"wp:term":[{"taxonomy":"category","embeddable":true,"href":"https:\/\/www.enorsai.com\/noticias\/wp-json\/wp\/v2\/categories?post=10738"},{"taxonomy":"post_tag","embeddable":true,"href":"https:\/\/www.enorsai.com\/noticias\/wp-json\/wp\/v2\/tags?post=10738"}],"curies":[{"name":"wp","href":"https:\/\/api.w.org\/{rel}","templated":true}]}}